{"id":306474,"date":"2025-08-09T03:22:10","date_gmt":"2025-08-09T03:22:10","guid":{"rendered":"https:\/\/www.europesays.com\/fr\/306474\/"},"modified":"2025-08-09T03:22:10","modified_gmt":"2025-08-09T03:22:10","slug":"il-a-tout-interet-a-se-preparer-son-cercueil-un-rabbin-israelien-menace-emmanuel-macron-sur-youtube","status":"publish","type":"post","link":"https:\/\/www.europesays.com\/fr\/306474\/","title":{"rendered":"\u00ab\u00a0Il a tout int\u00e9r\u00eat \u00e0 se pr\u00e9parer son cercueil\u00a0\u00bb\u2026 Un rabbin isra\u00e9lien menace Emmanuel Macron sur YouTube"},"content":{"rendered":"<p>La justice fran\u00e7aise a ouvert une enqu\u00eate apr\u00e8s la diffusion d\u2019une vid\u00e9o dans laquelle un rabbin isra\u00e9lien s\u2019en prend violemment \u00e0 <a href=\"https:\/\/www.20minutes.fr\/politique\/emmanuel-macron\/\" target=\"_blank\" class=\"color-ultramarine c-link\" rel=\"noopener\">Emmanuel Macron<\/a>, l\u2019accusant de \u00ab\u00a0d\u00e9clarer la guerre \u00e0 <a href=\"https:\/\/www.20minutes.fr\/dossier\/dieu\" target=\"_blank\" class=\"color-ultramarine c-link\" rel=\"noopener\">Dieu<\/a>\u00a0\u00bb en raison de son projet de reconnaissance de l\u2019Etat de <a href=\"https:\/\/www.20minutes.fr\/monde\/palestine\/\" target=\"_blank\" class=\"color-ultramarine c-link\" rel=\"noopener\">Palestine<\/a>. Ces menaces explicites visant le pr\u00e9sident de la R\u00e9publique ont conduit le parquet de Paris \u00e0 ouvrir une enqu\u00eate pour \u00ab\u00a0menaces de mort \u00e0 l\u2019encontre du pr\u00e9sident de la R\u00e9publique\u00a0\u00bb, confi\u00e9e \u00e0 la brigade criminelle de la police judiciaire parisienne.<\/p>\n<p>Dans cette vid\u00e9o de 37 minutes sur <a href=\"https:\/\/www.20minutes.fr\/high-tech\/youtube\/\" target=\"_blank\" class=\"color-ultramarine c-link\" rel=\"noopener\">YouTube<\/a> et intitul\u00e9e \u00ab\u00a0La t\u00e9fila de Moch\u00e9 Rabb\u00e9nou\u00a0\u00bb, le rabbin David Daniel Cohen, qui semble r\u00e9sider en <a href=\"https:\/\/www.20minutes.fr\/monde\/israel\/\" target=\"_blank\" class=\"color-ultramarine c-link\" rel=\"noopener\">Isra\u00ebl<\/a>, tient des propos d\u2019une extr\u00eame virulence contre le chef de l\u2019Etat. Il accuse Emmanuel Macron de manifester \u00ab\u00a0son <a href=\"https:\/\/www.20minutes.fr\/dossier\/antisemitisme\" target=\"_blank\" class=\"color-ultramarine c-link\" rel=\"noopener\">antis\u00e9mitisme<\/a> profond\u00a0\u00bb en s\u2019engageant \u00e0 reconna\u00eetre un Etat palestinien. Poussant plus loin ses attaques, il lance\u00a0: \u00ab\u00a0Ce pr\u00e9sident fran\u00e7ais, il faut qu\u2019il le sache, il a tout int\u00e9r\u00eat \u00e0 se pr\u00e9parer son cercueil.\u00a0\u00bb<\/p>\n<\/p>\n<p>La plateforme Pharos saisie pour bloquer la vid\u00e9o<\/p>\n<p>Ces menaces ont \u00e9t\u00e9 jug\u00e9es \u00ab\u00a0abjectes\u00a0\u00bb par plusieurs responsables politiques, dont Bruno Retailleau. Sur X, le ministre de l\u2019Int\u00e9rieur a d\u00e9nonc\u00e9 \u00ab\u00a0des propos totalement inacceptables\u00a0\u00bb et indiqu\u00e9 avoir \u00ab\u00a0imm\u00e9diatement saisi la plateforme Pharos afin de bloquer leur diffusion\u00a0\u00bb. Il a \u00e9galement signal\u00e9 les faits \u00e0 la justice, au titre de l\u2019article\u00a040 du code de proc\u00e9dure p\u00e9nale.<\/p>\n<p><a href=\"https:\/\/www.20minutes.fr\/politique\/emmanuel-macron\/\" target=\"_blank\" class=\"c-link c-btn c-btn--primary\" rel=\"noopener\">Nos articles sur Emmanuel Macron<\/a><\/p>\n<p>Face \u00e0 l\u2019\u00e9motion suscit\u00e9e, le grand rabbin de France, Ha\u00efm Korsia, a condamn\u00e9 \u00ab\u00a0avec force les propos abjects et intol\u00e9rables\u00a0\u00bb de David Daniel Cohen. Il a tenu \u00e0 pr\u00e9ciser que ce dernier \u00ab\u00a0n\u2019a jamais exerc\u00e9 de fonction rabbinique en France\u00a0\u00bb et qu\u2019\u00ab\u00a0il n\u2019a pas \u00e9t\u00e9 form\u00e9 ni dipl\u00f4m\u00e9 de l\u2019\u00e9cole rabbinique de France\u00a0\u00bb.<\/p>\n","protected":false},"excerpt":{"rendered":"La justice fran\u00e7aise a ouvert une enqu\u00eate apr\u00e8s la diffusion d\u2019une vid\u00e9o dans laquelle un rabbin isra\u00e9lien s\u2019en&hellip;\n","protected":false},"author":2,"featured_media":306475,"comment_status":"","ping_status":"","sticky":false,"template":"","format":"standard","meta":{"footnotes":""},"categories":[4],"tags":[47,11,1013,1073,1067,1011,27,664,7775,7088,12,10857,316,25,2784],"class_list":{"0":"post-306474","1":"post","2":"type-post","3":"status-publish","4":"format-standard","5":"has-post-thumbnail","7":"category-france","8":"tag-actualite","9":"tag-actualites","10":"tag-bruno-retailleau","11":"tag-emmanuel-macron","12":"tag-enquete","13":"tag-fr","14":"tag-france","15":"tag-israel","16":"tag-menaces-de-mort","17":"tag-ministre-de-linterieur","18":"tag-news","19":"tag-parquet-de-paris","20":"tag-politique","21":"tag-republique-francaise","22":"tag-youtube"},"share_on_mastodon":{"url":"https:\/\/pubeurope.com\/@fr\/114996664298360513","error":""},"_links":{"self":[{"href":"https:\/\/www.europesays.com\/fr\/wp-json\/wp\/v2\/posts\/306474","targetHints":{"allow":["GET"]}}],"collection":[{"href":"https:\/\/www.europesays.com\/fr\/wp-json\/wp\/v2\/posts"}],"about":[{"href":"https:\/\/www.europesays.com\/fr\/wp-json\/wp\/v2\/types\/post"}],"author":[{"embeddable":true,"href":"https:\/\/www.europesays.com\/fr\/wp-json\/wp\/v2\/users\/2"}],"replies":[{"embeddable":true,"href":"https:\/\/www.europesays.com\/fr\/wp-json\/wp\/v2\/comments?post=306474"}],"version-history":[{"count":0,"href":"https:\/\/www.europesays.com\/fr\/wp-json\/wp\/v2\/posts\/306474\/revisions"}],"wp:featuredmedia":[{"embeddable":true,"href":"https:\/\/www.europesays.com\/fr\/wp-json\/wp\/v2\/media\/306475"}],"wp:attachment":[{"href":"https:\/\/www.europesays.com\/fr\/wp-json\/wp\/v2\/media?parent=306474"}],"wp:term":[{"taxonomy":"category","embeddable":true,"href":"https:\/\/www.europesays.com\/fr\/wp-json\/wp\/v2\/categories?post=306474"},{"taxonomy":"post_tag","embeddable":true,"href":"https:\/\/www.europesays.com\/fr\/wp-json\/wp\/v2\/tags?post=306474"}],"curies":[{"name":"wp","href":"https:\/\/api.w.org\/{rel}","templated":true}]}}