{"id":306480,"date":"2025-08-09T03:26:14","date_gmt":"2025-08-09T03:26:14","guid":{"rendered":"https:\/\/www.europesays.com\/fr\/306480\/"},"modified":"2025-08-09T03:26:14","modified_gmt":"2025-08-09T03:26:14","slug":"nancy-des-etudiants-en-galere-pour-se-loger-quelles-solutions","status":"publish","type":"post","link":"https:\/\/www.europesays.com\/fr\/306480\/","title":{"rendered":"Nancy. Des \u00e9tudiants en gal\u00e8re pour se loger\u00a0: quelles solutions\u00a0?"},"content":{"rendered":"<p>Un \u00e9change de bons proc\u00e9d\u00e9s. C\u2019est l\u2019objectif recherch\u00e9 par La Cohab, un dispositif du Groupe SOS seniors qui r\u00e9unit plusieurs g\u00e9n\u00e9rations sous un m\u00eame toit. Il \u00e9tait autrefois nomm\u00e9 <a href=\"https:\/\/www.estrepublicain.fr\/edition-de-nancy-ville\/2015\/06\/23\/nancy-cohabitation-intergenerationnelle\" target=\"_blank\" rel=\"noopener\">\u00ab\u00a0Un toit 2 g\u00e9n\u00e9rations\u00a0\u00bb.<\/a><\/p>\n<p>Depuis septembre, Delphine C\u00e9sar de Rochefort, 26 ans, \u00e9tudiante dans le domaine de la sant\u00e9, cohabite avec Maryse Leduc, 87 ans. Toutes les deux forment un bin\u00f4me interg\u00e9n\u00e9rationnel. Le huiti\u00e8me pour l\u2019octog\u00e9naire.<\/p>\n<p>R\u00e9duire le prix du loyer<\/p>\n<p>Originaire de Saint-Di\u00e9-des-Vosges, l\u2019\u00e9tudiante a eu connaissance de cette solution, accessible aux jeunes de moins de 30 ans, par la mission locale. L\u2019objectif \u00e9tait de trouver un logement rapidement, \u00e0 un tarif moindre. Seule, elle aurait pay\u00e9 un loyer pour un T1 d\u2019environ 600\u00a0\u20ac. Chez l\u2019octog\u00e9naire, celui-ci est r\u00e9duit de moiti\u00e9. La locataire occupe une grande chambre. La pi\u00e8ce doit \u00eatre meubl\u00e9e d\u2019un lit, d\u2019un bureau et de quoi ranger. L\u2019\u00e9tudiante a aussi un balcon, un petit plus qui profite \u00e0 son chat.<\/p>\n<p>Ce sont d\u2019ailleurs les propri\u00e9taires qui&#8230;<\/p>\n","protected":false},"excerpt":{"rendered":"Un \u00e9change de bons proc\u00e9d\u00e9s. C\u2019est l\u2019objectif recherch\u00e9 par La Cohab, un dispositif du Groupe SOS seniors qui&hellip;\n","protected":false},"author":2,"featured_media":306481,"comment_status":"","ping_status":"","sticky":false,"template":"","format":"standard","meta":{"footnotes":""},"categories":[9635],"tags":[1111,11,33,1707,1704,1706,1705,1777,674,1011,27,775,1908,10262,3457,1702,12,25,104,10261],"class_list":{"0":"post-306480","1":"post","2":"type-post","3":"status-publish","4":"format-standard","5":"has-post-thumbnail","7":"category-nancy","8":"tag-actu","9":"tag-actualites","10":"tag-economie","11":"tag-edition-luneville","12":"tag-edition-nancy-et-agglomeration","13":"tag-edition-pont-a-mousson","14":"tag-edition-toul","15":"tag-eu","16":"tag-europe","17":"tag-fr","18":"tag-france","19":"tag-grand-est","20":"tag-logement","21":"tag-metropole-du-grand-nancy-54b5","22":"tag-meurthe-et-moselle","23":"tag-nancy","24":"tag-news","25":"tag-republique-francaise","26":"tag-societe","27":"tag-villers-les-nancy"},"share_on_mastodon":{"url":"https:\/\/pubeurope.com\/@fr\/114996680036879896","error":""},"_links":{"self":[{"href":"https:\/\/www.europesays.com\/fr\/wp-json\/wp\/v2\/posts\/306480","targetHints":{"allow":["GET"]}}],"collection":[{"href":"https:\/\/www.europesays.com\/fr\/wp-json\/wp\/v2\/posts"}],"about":[{"href":"https:\/\/www.europesays.com\/fr\/wp-json\/wp\/v2\/types\/post"}],"author":[{"embeddable":true,"href":"https:\/\/www.europesays.com\/fr\/wp-json\/wp\/v2\/users\/2"}],"replies":[{"embeddable":true,"href":"https:\/\/www.europesays.com\/fr\/wp-json\/wp\/v2\/comments?post=306480"}],"version-history":[{"count":0,"href":"https:\/\/www.europesays.com\/fr\/wp-json\/wp\/v2\/posts\/306480\/revisions"}],"wp:featuredmedia":[{"embeddable":true,"href":"https:\/\/www.europesays.com\/fr\/wp-json\/wp\/v2\/media\/306481"}],"wp:attachment":[{"href":"https:\/\/www.europesays.com\/fr\/wp-json\/wp\/v2\/media?parent=306480"}],"wp:term":[{"taxonomy":"category","embeddable":true,"href":"https:\/\/www.europesays.com\/fr\/wp-json\/wp\/v2\/categories?post=306480"},{"taxonomy":"post_tag","embeddable":true,"href":"https:\/\/www.europesays.com\/fr\/wp-json\/wp\/v2\/tags?post=306480"}],"curies":[{"name":"wp","href":"https:\/\/api.w.org\/{rel}","templated":true}]}}