{"id":306484,"date":"2025-08-09T03:28:12","date_gmt":"2025-08-09T03:28:12","guid":{"rendered":"https:\/\/www.europesays.com\/fr\/306484\/"},"modified":"2025-08-09T03:28:12","modified_gmt":"2025-08-09T03:28:12","slug":"malgre-le-recours-dun-riverain-les-nouveaux-terrains-de-padel-du-club-de-tennis-de-barban-ouverts-a-la-seyne","status":"publish","type":"post","link":"https:\/\/www.europesays.com\/fr\/306484\/","title":{"rendered":"Malgr\u00e9 le recours d\u2019un riverain, les nouveaux terrains de padel du club de tennis de Barban ouverts \u00e0 La Seyne"},"content":{"rendered":"<p>Apr\u00e8s avoir remport\u00e9 l\u2019appel d\u2019offres en ao\u00fbt dernier, les nouveaux propri\u00e9taires du tennis club de Barban s\u2019\u00e9taient engag\u00e9s \u00e0 construire des terrains de padel. Un projet qui effrayait certains riverains, inquiets des nuisances sonores. Pourtant, Thomas, Maxime et Julien avaient pris en compte ces difficult\u00e9s. Apr\u00e8s avoir men\u00e9 une \u00e9tude acoustique avec un expert, ils ont investi pas moins de 100.000 euros &#8211; en plus des r\u00e9novations &#8211; pour installer un panneau acoustique autour de chacun des trois nouveaux terrains. C\u2019est le premier club de la r\u00e9gion \u00e0 en \u00eatre \u00e9quip\u00e9.<\/p>\n<p>\u00ab\u00a0Nous sommes all\u00e9s \u00e0 la rencontre de tous les voisins pour les rassurer. On peut comprendre que des gens qui viennent de s\u2019installer n\u2019ont pas envie d\u2019entendre des bruits de balle toute la journ\u00e9e\u00a0\u00bb, explique le trio.<\/p>\n<p>Confiants en leur projet, ils ont choisi de prendre le risque de construire, malgr\u00e9 le recours d\u2019un riverain contre ce projet. Ces trois jeunes ne sont pas inquiets pour autant. \u00ab\u00a0On ira jusqu\u2019au jugement mais ces plaintes n\u2019ont pas lieu d\u2019\u00eatre, tous les voisins nous ont fait des retours positifs. Il est le seul contre.\u00a0\u00bb<\/p>\n<p>Un go\u00fbt de victoire pour ce trio, qui s\u2019est rencontr\u00e9 gr\u00e2ce au padel et qui, aujourd\u2019hui a pu, non seulement lancer son projet, mais en faire une r\u00e9ussite.<\/p>\n<p>Un sport en plein essor<\/p>\n<p>              <img ci-src=\"https:\/\/www.varmatin.com\/vie-locale\/protec\/DATA_ART_16048018-CUXx3VuF.jpg?vh=bd1332&amp;ci_seal=af37fea107\" alt=\"\"\/><br \/>\n        Ambiance d\u00e9tente lors de l\u2019inauguration du complexe.  <strong>Photo DR\/Ville de La Seyne.<\/strong> <\/p>\n<p>\u00ab\u00a0Aujourd\u2019hui, les clubs de tennis qui ne proposent pas de padel sont vou\u00e9s \u00e0 dispara\u00eetre\u00a0\u00bb, explique Thomas. Ce nouveau sport en vogue est en plein essor en France avec plus de 100.000 licenci\u00e9s masculins et 15.000 f\u00e9minins. Si le succ\u00e8s du padel peut en intriguer certains, il a su conqu\u00e9rir les joueurs seynois qui \u00e9taient nombreux \u00e0 attendre l\u2019ouverture des nouveaux terrains. \u00ab\u00a0En termes de fr\u00e9quentation, c\u2019est le jour et la nuit\u00a0\u00bb, confie Maxime.<\/p>\n<p>Sur le terrain, No\u00e9 et Daniel affrontent Lucas et Antoine. Ils sont en stage d\u00e9couverte de padel, propos\u00e9 par le club durant toutes les vacances scolaires. \u00ab\u00a0C\u2019est plus rigolo de jouer au padel qu\u2019au tennis, il y a beaucoup plus de possibilit\u00e9s\u00a0\u00bb, t\u00e9moignent-ils. Ils ont tous des niveaux de tennis diff\u00e9rents, mais arrivent \u00e0 jouer tous ensemble. \u00ab\u00a0C\u2019est un peu comme si on repartait de z\u00e9ro, les diff\u00e9rences s\u2019\u00e9quilibrent.\u00a0\u00bb<\/p>\n<p>Retour du Tournoi Open<\/p>\n<p>Apr\u00e8s un an d\u2019absence, le club a pu relancer le Tournoi Open du TCP La Seyne. C\u2019est 328 participants qui se sont affront\u00e9s sur les terrains r\u00e9nov\u00e9s, du 13 au 31 juillet. De belles phases finales pour Barban en 13\/14 ans avec Cl\u00e9ment Colin Tournan, en double avec Franck, St\u00e9phane, Julien et C\u00e9dric, et en +35 dames avec Pauline et Virginie.<\/p>\n","protected":false},"excerpt":{"rendered":"Apr\u00e8s avoir remport\u00e9 l\u2019appel d\u2019offres en ao\u00fbt dernier, les nouveaux propri\u00e9taires du tennis club de Barban s\u2019\u00e9taient engag\u00e9s&hellip;\n","protected":false},"author":2,"featured_media":306485,"comment_status":"","ping_status":"","sticky":false,"template":"","format":"standard","meta":{"footnotes":""},"categories":[9619],"tags":[1111,11,1777,674,1011,27,12,882,25,2310,3366],"class_list":{"0":"post-306484","1":"post","2":"type-post","3":"status-publish","4":"format-standard","5":"has-post-thumbnail","7":"category-toulon","8":"tag-actu","9":"tag-actualites","10":"tag-eu","11":"tag-europe","12":"tag-fr","13":"tag-france","14":"tag-news","15":"tag-provence-alpes-cote-dazur","16":"tag-republique-francaise","17":"tag-toulon","18":"tag-vie-locale"},"share_on_mastodon":{"url":"https:\/\/pubeurope.com\/@fr\/114996687987606429","error":""},"_links":{"self":[{"href":"https:\/\/www.europesays.com\/fr\/wp-json\/wp\/v2\/posts\/306484","targetHints":{"allow":["GET"]}}],"collection":[{"href":"https:\/\/www.europesays.com\/fr\/wp-json\/wp\/v2\/posts"}],"about":[{"href":"https:\/\/www.europesays.com\/fr\/wp-json\/wp\/v2\/types\/post"}],"author":[{"embeddable":true,"href":"https:\/\/www.europesays.com\/fr\/wp-json\/wp\/v2\/users\/2"}],"replies":[{"embeddable":true,"href":"https:\/\/www.europesays.com\/fr\/wp-json\/wp\/v2\/comments?post=306484"}],"version-history":[{"count":0,"href":"https:\/\/www.europesays.com\/fr\/wp-json\/wp\/v2\/posts\/306484\/revisions"}],"wp:featuredmedia":[{"embeddable":true,"href":"https:\/\/www.europesays.com\/fr\/wp-json\/wp\/v2\/media\/306485"}],"wp:attachment":[{"href":"https:\/\/www.europesays.com\/fr\/wp-json\/wp\/v2\/media?parent=306484"}],"wp:term":[{"taxonomy":"category","embeddable":true,"href":"https:\/\/www.europesays.com\/fr\/wp-json\/wp\/v2\/categories?post=306484"},{"taxonomy":"post_tag","embeddable":true,"href":"https:\/\/www.europesays.com\/fr\/wp-json\/wp\/v2\/tags?post=306484"}],"curies":[{"name":"wp","href":"https:\/\/api.w.org\/{rel}","templated":true}]}}