{"id":306486,"date":"2025-08-09T03:29:10","date_gmt":"2025-08-09T03:29:10","guid":{"rendered":"https:\/\/www.europesays.com\/fr\/306486\/"},"modified":"2025-08-09T03:29:10","modified_gmt":"2025-08-09T03:29:10","slug":"un-t-shirt-a-leffigie-de-son-commerce-prefere-la-fievre-du-delicore-touche-la-ville-de-toulon","status":"publish","type":"post","link":"https:\/\/www.europesays.com\/fr\/306486\/","title":{"rendered":"Un t-shirt \u00e0 l\u2019effigie de son commerce pr\u00e9f\u00e9r\u00e9: la fi\u00e8vre du \u00ab\u00a0delicore\u00a0\u00bb touche la ville de Toulon"},"content":{"rendered":"<p>Dans son \u00e9dition 2022 du dico des n\u00e9ologismes, le New York Post d\u00e9finit le mot <strong>d\u00e9licore pour d\u00e9crire ces t-shirts, casquettes et autres accessoires de mode \u00e0 l\u2019effigie d\u2019un restaurant<\/strong>. Plus que des objets publicitaires, ce sont d\u00e9sormais <strong>des pi\u00e8ces de mode<\/strong> qu\u2019il faut poss\u00e9der dans sa garde-robe. Et les Toulonnais se mettent \u00e0 la page.<\/p>\n<p>Tout est bon pour afficher son appartenance aux lieux embl\u00e9matiques de la ville. Premier exemple: <strong>les caf\u00e9s Maurice<\/strong>. Commerce ouvert depuis plus de 100 ans \u00e0 Toulon, il est d\u00e9sormais possible d\u2019arborer le t-shirt \u00ab\u00a0Caf\u00e9s Maurice\u00a0\u00bb ainsi qu\u2019un tote bag. Si pour cette boutique le choix a \u00e9t\u00e9 fait d\u2019un simple t-shirt portant la mention \u00ab\u00a0Caf\u00e9s Maurice\u00a0\u00bb, d\u2019autres proposent du merchandising plus artistique.<\/p>\n<p>              <img ci-src=\"https:\/\/www.varmatin.com\/vie-locale\/protec\/DATA_ART_16048134-oJYe7TAG.jpg?vh=da105e&amp;ci_seal=55a4402844\" alt=\"\"\/><br \/>\n        Caf\u00e9s Maurice. Photo DR <\/p>\n<p><strong>Le Petit Chicago, un bar de la place de l\u2019\u00c9querre<\/strong>, s\u2019est associ\u00e9 \u00e0 la marque Sudist pour cr\u00e9er un t-shirt graphique rendant hommage au quartier du m\u00eame nom. La Cale s\u00e8che s\u2019est, quant \u00e0 elle, associ\u00e9e \u00e0 la marque marseillaise Kult pour son tee-shirt. M\u00eame esth\u00e9tique du c\u00f4t\u00e9 du <strong>Barathym<\/strong> qui d\u00e9voilait sa nouvelle collection sur les r\u00e9seaux sociaux mi-juillet. Le bar propose de montrer que \u00ab\u00a0tu fais partie de la famille Barathym\u00a0\u00bb en portant fi\u00e8rement ce t-shirt noir floqu\u00e9 d\u2019une boule disco sur pattes et du nom de l\u2019\u00e9tablissement.<\/p>\n<p>              <img ci-src=\"https:\/\/www.varmatin.com\/vie-locale\/protec\/DATA_ART_16049457-A6ZTfP6K.jpg?vh=0cf409&amp;ci_seal=b999ebc1de\" alt=\"\"\/><br \/>\n        Le Bario Chicago.  <strong>Photo Luc Boutria.<\/strong> <\/p>\n<p>                                Un sentiment d\u2019appartenance<\/p>\n<p>Aux caf\u00e9s Maurice, le fameux t-shirt n\u2019\u00e9tait pas initialement destin\u00e9 \u00e0 la vente. \u00ab\u00a0On les a cr\u00e9\u00e9s pour que nos employ\u00e9s aient un uniforme joli et pratique et puis les gens se sont mis \u00e0 demander si c\u2019\u00e9tait possible de les acheter\u00a0\u00bb, explique Boris Touaty, dirigeant de l\u2019entreprise.<\/p>\n<p>L\u2019histoire est similaire du c\u00f4t\u00e9 de S\u00e9bastien Rom\u00e9ro, g\u00e9rant des bars Le Petit Chicago, le Barathym et La cale s\u00e8che. \u00ab\u00a0On faisait des t-shirts pour des \u00e9v\u00e8nements sp\u00e9ciaux et on a remarqu\u00e9 une demande assez forte donc on sort des collections plus fr\u00e9quemment\u00a0\u00bb, raconte-t-il.<\/p>\n<p>              <img ci-src=\"https:\/\/www.varmatin.com\/vie-locale\/protec\/DATA_ART_16048138-b6moqLnB.jpg?vh=2b0d50&amp;ci_seal=9d85c32231\" alt=\"\"\/><br \/>\n        Le Barathym. <\/p>\n<p>              <img ci-src=\"https:\/\/www.varmatin.com\/vie-locale\/protec\/DATA_ART_16048136-PEguChSd.jpg?vh=bb5af9&amp;ci_seal=39a6949bde\" alt=\"\"\/><br \/>\n        La Cale s\u00e8che <\/p>\n<p>Comment expliquer cet engouement? \u00ab\u00a0Je pense que <strong>les gens aiment ce sentiment d\u2019appartenance que cela leur procure du fait de porter ce tee-shirt\u00a0\u00bb<\/strong><strong>,<\/strong> th\u00e9orise Boris Touaty.<\/p>\n<p>Pour S\u00e9bastien Rom\u00e9ro, c\u2019est un subtil m\u00e9lange de plusieurs choses: \u00ab\u00a0D\u00e9j\u00e0 <strong>une sensation d\u2019exclusivit\u00e9<\/strong> car chaque mod\u00e8le de t-shirt n\u2019est tir\u00e9 qu\u2019en cinquante ou cent exemplaires, et <strong>les gens aiment montrer qu\u2019ils soutiennent leur bar du coin en achetant le t-shirt.\u00a0\u00bb<\/strong><\/p>\n","protected":false},"excerpt":{"rendered":"Dans son \u00e9dition 2022 du dico des n\u00e9ologismes, le New York Post d\u00e9finit le mot d\u00e9licore pour d\u00e9crire&hellip;\n","protected":false},"author":2,"featured_media":306487,"comment_status":"","ping_status":"","sticky":false,"template":"","format":"standard","meta":{"footnotes":""},"categories":[9619],"tags":[1111,11,215,33,1777,674,1011,27,1757,12,882,25,2310,3366],"class_list":{"0":"post-306486","1":"post","2":"type-post","3":"status-publish","4":"format-standard","5":"has-post-thumbnail","7":"category-toulon","8":"tag-actu","9":"tag-actualites","10":"tag-commerce","11":"tag-economie","12":"tag-eu","13":"tag-europe","14":"tag-fr","15":"tag-france","16":"tag-insolite","17":"tag-news","18":"tag-provence-alpes-cote-dazur","19":"tag-republique-francaise","20":"tag-toulon","21":"tag-vie-locale"},"share_on_mastodon":{"url":"https:\/\/pubeurope.com\/@fr\/114996692425781766","error":""},"_links":{"self":[{"href":"https:\/\/www.europesays.com\/fr\/wp-json\/wp\/v2\/posts\/306486","targetHints":{"allow":["GET"]}}],"collection":[{"href":"https:\/\/www.europesays.com\/fr\/wp-json\/wp\/v2\/posts"}],"about":[{"href":"https:\/\/www.europesays.com\/fr\/wp-json\/wp\/v2\/types\/post"}],"author":[{"embeddable":true,"href":"https:\/\/www.europesays.com\/fr\/wp-json\/wp\/v2\/users\/2"}],"replies":[{"embeddable":true,"href":"https:\/\/www.europesays.com\/fr\/wp-json\/wp\/v2\/comments?post=306486"}],"version-history":[{"count":0,"href":"https:\/\/www.europesays.com\/fr\/wp-json\/wp\/v2\/posts\/306486\/revisions"}],"wp:featuredmedia":[{"embeddable":true,"href":"https:\/\/www.europesays.com\/fr\/wp-json\/wp\/v2\/media\/306487"}],"wp:attachment":[{"href":"https:\/\/www.europesays.com\/fr\/wp-json\/wp\/v2\/media?parent=306486"}],"wp:term":[{"taxonomy":"category","embeddable":true,"href":"https:\/\/www.europesays.com\/fr\/wp-json\/wp\/v2\/categories?post=306486"},{"taxonomy":"post_tag","embeddable":true,"href":"https:\/\/www.europesays.com\/fr\/wp-json\/wp\/v2\/tags?post=306486"}],"curies":[{"name":"wp","href":"https:\/\/api.w.org\/{rel}","templated":true}]}}