{"id":306494,"date":"2025-08-09T03:37:54","date_gmt":"2025-08-09T03:37:54","guid":{"rendered":"https:\/\/www.europesays.com\/fr\/306494\/"},"modified":"2025-08-09T03:37:54","modified_gmt":"2025-08-09T03:37:54","slug":"concert-la-foule-cine-concert-a-grenoble-auditorium-du-musee-places-billets-reservations","status":"publish","type":"post","link":"https:\/\/www.europesays.com\/fr\/306494\/","title":{"rendered":"Concert La Foule &#8211; Cin\u00e9-Concert \u00e0 Grenoble, Auditorium du mus\u00e9e : places, billets, r\u00e9servations"},"content":{"rendered":"<p class=\"fw-bold font-size-16 my-1\"> Le 27\/04\/2026<\/p>\n<p class=\"fw-bold font-size-16 my-1\"> <a class=\"mr-2\" href=\"https:\/\/www.jds.fr\/grenoble\/salle-de-concert-et-de-spectacle\/auditorium-du-musee-16041_L\" rel=\"nofollow noopener\" target=\"_blank\">Auditorium du mus\u00e9e<\/a> | <a href=\"https:\/\/www.jds.fr\/grenoble\/\" rel=\"nofollow noopener\" target=\"_blank\">Grenoble<\/a><\/p>\n<p class=\"fw-bold font-size-16 my-1\"> <a href=\"https:\/\/www.jds.fr\/artistes\/illya-amar-24661_N\" rel=\"nofollow noopener\" target=\"_blank\">Illya Amar : dates de la tourn\u00e9e<\/a><\/p>\n<p class=\"fw-bold font-size-16 my-1\"> A partir de 20 \u20ac <\/p>\n<p class=\"intro\">La Foule &#8211; Cin\u00e9-Concert en concert \u00e0 Grenoble (Auditorium du mus\u00e9e ), le 27 avril 2026. Toutes les informations pratiques (tarifs, billetterie, plan de salle) pour ce concert sont \u00e0 retrouver sur cette page. R\u00e9servez d\u00e8s maintenant vos places pour assister \u00e0 ce <a href=\"https:\/\/www.jds.fr\/grenoble\/agenda\/musique-et-concerts-96_B\" rel=\"nofollow noopener\" target=\"_blank\">concert \u00e0 Grenoble<\/a>\u00a0!<\/p>\n<p><img decoding=\"async\" loading=\"lazy\" src=\"https:\/\/www.europesays.com\/fr\/wp-content\/uploads\/2025\/08\/piano-peintre---bertrand-coynault-tickets_415203_3451519_222x222.jpg\" alt=\"La Foule - Cin\u00e9-Concert\" class=\"border\"\/><\/p>\n<p>Pr\u00e9sent\u00e9 par Mus\u00e9e en musique en partenariat avec les Amis du mus\u00e9e de Grenoble.<\/p>\n<p><strong>La Foule<\/strong>, film muet de King Vidor, 1928<\/p>\n<ul>\n<li>Illya Amar, vibraphone<\/li>\n<li>Jean Serroy, professeur d\u2019Universit\u00e9 \u00e9m\u00e9rite et critique de cin\u00e9ma<\/li>\n<\/ul>\n<p>Fascin\u00e9 par les lumi\u00e8res de la cit\u00e9 new-yorkaise, John Sims, incarnant le r\u00eave am\u00e9ricain, se voit d\u00e9j\u00e0 en haut de l\u2019\u00e9chelle sociale. Mais plus il s\u2019en approche, plus le succ\u00e8s lui glisse entre les doigts\u2026<\/p>\n<p>Ce chef-d\u2019\u0153uvre de King Vidor, qui sera pr\u00e9sent\u00e9 et analys\u00e9 par Jean Serroy, est l\u2019un des derniers grands films du cin\u00e9ma muet. On y retrouve l\u2019h\u00e9ritage du burlesque \u00e0 l\u2019am\u00e9ricaine dans un expressionnisme saisissant. Vibraphone, effets \u00e9lectroacoustiques, archets, clochettes et autres jouets\u2026 Illya Amar, laur\u00e9at du concours international de musique sur film muet Strade del cinema, illustrera la projection en direct en s\u2019inspirant des grands compositeurs de musique minimaliste am\u00e9ricains.<\/p>\n<p>Dans la m\u00eame rubrique<\/p>\n<ul class=\"mt-3 list-unstyled list-articles-v2\">\n<li class=\"col-12 pt-4\" data-view-id-type=\"1\" data-view-id=\"1092097\" data-view-bc=\"0\"><a class=\"d-block titre text-black mb-1 mb-md-2\" href=\"https:\/\/www.jds.fr\/grenoble\/concerts\/musique-classique\/concert-meditatif-hildegard-von-bingen-1092097_A\" rel=\"nofollow noopener\" target=\"_blank\">Concert m\u00e9ditatif &#8211; Hildegard von Bingen<\/a>Le 29\/08\/2025 GrenobleMaud Gnidzaz chantera les monodies (chants pour voix seule) de Hildegarde von Bingen. Ces po\u00e8mes spirituels de son inspiration, sont d\u2019une puissance souvent [\u2026]<a class=\"image\" href=\"https:\/\/www.jds.fr\/grenoble\/concerts\/musique-classique\/concert-meditatif-hildegard-von-bingen-1092097_A\" rel=\"nofollow noopener\" target=\"_blank\"><img decoding=\"async\" loading=\"lazy\" src=\"https:\/\/www.europesays.com\/fr\/wp-content\/uploads\/2025\/08\/0-56457900-1752426210-675269-180-180.webp.webp\" width=\"180\" height=\"180\" alt=\"Concert m\u00e9ditatif - Hildegard von Bingen\" class=\"border\"\/><\/a><\/li>\n<li class=\"col-12 pt-4\" data-view-id-type=\"1\" data-view-id=\"1088945\" data-view-bc=\"0\"><a class=\"d-block titre text-black mb-1 mb-md-2\" href=\"https:\/\/www.jds.fr\/grenoble\/concerts\/musique-classique\/risa-ando-piano-peintre-1088945_A\" rel=\"nofollow noopener\" target=\"_blank\">Risa Ando &#8211; Piano-Peintre<\/a>Le 06\/11\/2025<a href=\"https:\/\/www.jds.fr\/grenoble\/salle-de-concert-et-de-spectacle\/auditorium-du-musee-16041_L\" class=\"lieu font-size-14 text-gray-700 d-block lh-sm my-1\" rel=\"nofollow noopener\" target=\"_blank\"> Auditorium du mus\u00e9e &#8211; Grenoble<\/a>Risa Ando &#8211; Piano-Peintre en concert \u00e0 Grenoble (Auditorium du mus\u00e9e ), le 6 novembre 2025. Toutes les informations pratiques (tarifs, billetterie, plan de salle) pour ce concert [\u2026]<a class=\"image\" href=\"https:\/\/www.jds.fr\/grenoble\/concerts\/musique-classique\/risa-ando-piano-peintre-1088945_A\" rel=\"nofollow noopener\" target=\"_blank\"><img decoding=\"async\" loading=\"lazy\" src=\"https:\/\/www.europesays.com\/fr\/wp-content\/uploads\/2025\/08\/1754710667_54_\" width=\"180\" height=\"180\" alt=\"Risa Ando - Piano-Peintre\"\/><\/a><\/li>\n<li class=\"li_gp_div\">\n<\/li>\n<li class=\"col-12 pt-4\" data-view-id-type=\"1\" data-view-id=\"1088946\" data-view-bc=\"0\"><a class=\"d-block titre text-black mb-1 mb-md-2\" href=\"https:\/\/www.jds.fr\/grenoble\/concerts\/musique-classique\/quatuor-prazak-et-francois-dumont-concert-coup-de-c-ur-1088946_A\" rel=\"nofollow noopener\" target=\"_blank\">Quatuor Prazak et Fran\u00e7ois Dumont &#8211; Concert Coup de C\u0153ur<\/a>Le 13\/11\/2025<a href=\"https:\/\/www.jds.fr\/grenoble\/salle-de-concert-et-de-spectacle\/auditorium-du-musee-16041_L\" class=\"lieu font-size-14 text-gray-700 d-block lh-sm my-1\" rel=\"nofollow noopener\" target=\"_blank\"> Auditorium du mus\u00e9e &#8211; Grenoble<\/a>Quatuor Prazak et Fran\u00e7ois Dumont &#8211; Concert Coup de C\u0153ur en concert \u00e0 Grenoble (Auditorium du mus\u00e9e ), le 13 novembre 2025. Toutes les informations pratiques (tarifs, [\u2026]<a class=\"image\" href=\"https:\/\/www.jds.fr\/grenoble\/concerts\/musique-classique\/quatuor-prazak-et-francois-dumont-concert-coup-de-c-ur-1088946_A\" rel=\"nofollow noopener\" target=\"_blank\"><img decoding=\"async\" loading=\"lazy\" src=\"https:\/\/www.europesays.com\/fr\/wp-content\/uploads\/2025\/08\/1754710667_509_\" width=\"180\" height=\"180\" alt=\"Quatuor Prazak et Fran\u00e7ois Dumont - Concert Coup de C\u0153ur\"\/><\/a><\/li>\n<li class=\"col-12 pt-4\" data-view-id-type=\"1\" data-view-id=\"1088947\" data-view-bc=\"0\"><a class=\"d-block titre text-black mb-1 mb-md-2\" href=\"https:\/\/www.jds.fr\/grenoble\/concerts\/musique-classique\/l-esoterik-satie-et-quelqu-autres-une-journee-au-musee-hommage-a-erik-satie-1088947_A\" rel=\"nofollow noopener\" target=\"_blank\">L&rsquo;Esot\u00e9rik Satie et Quelqu&rsquo;Autres &#8211; Une Journ\u00e9e au Mus\u00e9e &#8211; Hommage \u00e0 Erik Satie<\/a>Le 23\/11\/2025<a href=\"https:\/\/www.jds.fr\/grenoble\/salle-de-concert-et-de-spectacle\/auditorium-du-musee-16041_L\" class=\"lieu font-size-14 text-gray-700 d-block lh-sm my-1\" rel=\"nofollow noopener\" target=\"_blank\"> Auditorium du mus\u00e9e &#8211; Grenoble<\/a>L&rsquo;Esot\u00e9rik Satie et Quelqu&rsquo;Autres &#8211; Une Journ\u00e9e au Mus\u00e9e &#8211; Hommage \u00e0 Erik Satie en concert \u00e0 Grenoble (Auditorium du mus\u00e9e ), le 23 novembre 2025. Toutes les informations [\u2026]<a class=\"image\" href=\"https:\/\/www.jds.fr\/grenoble\/concerts\/musique-classique\/l-esoterik-satie-et-quelqu-autres-une-journee-au-musee-hommage-a-erik-satie-1088947_A\" rel=\"nofollow noopener\" target=\"_blank\"><img decoding=\"async\" loading=\"lazy\" src=\"https:\/\/www.europesays.com\/fr\/wp-content\/uploads\/2025\/08\/1754710668_72_\" width=\"180\" height=\"180\" alt=\"L'Esot\u00e9rik Satie et Quelqu'Autres - Une Journ\u00e9e au Mus\u00e9e - Hommage \u00e0 Erik Satie\"\/><\/a><\/li>\n<li class=\"col-12 pt-4\" data-view-id-type=\"1\" data-view-id=\"1088948\" data-view-bc=\"0\"><a class=\"d-block titre text-black mb-1 mb-md-2\" href=\"https:\/\/www.jds.fr\/grenoble\/concerts\/musique-classique\/projection-parade-et-entr-acte-une-journee-au-musee-hommage-a-erik-satie-1088948_A\" rel=\"nofollow noopener\" target=\"_blank\">Projection Parade et Entr&rsquo;Acte &#8211; Une Journ\u00e9e au Mus\u00e9e &#8211; Hommage \u00e0 Erik Satie<\/a>Le 23\/11\/2025<a href=\"https:\/\/www.jds.fr\/grenoble\/salle-de-concert-et-de-spectacle\/auditorium-du-musee-16041_L\" class=\"lieu font-size-14 text-gray-700 d-block lh-sm my-1\" rel=\"nofollow noopener\" target=\"_blank\"> Auditorium du mus\u00e9e &#8211; Grenoble<\/a>Projection Parade et Entr&rsquo;Acte &#8211; Une Journ\u00e9e au Mus\u00e9e &#8211; Hommage \u00e0 Erik Satie en concert \u00e0 Grenoble (Auditorium du mus\u00e9e ), le 23 novembre 2025. Toutes les informations [\u2026]<a class=\"image\" href=\"https:\/\/www.jds.fr\/grenoble\/concerts\/musique-classique\/projection-parade-et-entr-acte-une-journee-au-musee-hommage-a-erik-satie-1088948_A\" rel=\"nofollow noopener\" target=\"_blank\"><img decoding=\"async\" loading=\"lazy\" src=\"https:\/\/www.europesays.com\/fr\/wp-content\/uploads\/2025\/08\/1754710668_318_\" width=\"180\" height=\"180\" alt=\"Projection Parade et Entr'Acte - Une Journ\u00e9e au Mus\u00e9e - Hommage \u00e0 Erik Satie\"\/><\/a><\/li>\n<li class=\"li_gp_div li_gp_div_infeed\"\/>\n<li class=\"col-12 pt-4\" data-view-id-type=\"1\" data-view-id=\"1088949\" data-view-bc=\"0\"><a class=\"d-block titre text-black mb-1 mb-md-2\" href=\"https:\/\/www.jds.fr\/grenoble\/concerts\/musique-classique\/quatuor-ludwig-et-denis-pascal-piano-une-journee-au-musee-hommage-a-erik-satie-1088949_A\" rel=\"nofollow noopener\" target=\"_blank\">Quatuor Ludwig et Denis Pascal, Piano  Une Journ\u00e9e au Mus\u00e9e -Hommage \u00e0 Erik Satie<\/a>Le 23\/11\/2025<a href=\"https:\/\/www.jds.fr\/grenoble\/salle-de-concert-et-de-spectacle\/auditorium-du-musee-16041_L\" class=\"lieu font-size-14 text-gray-700 d-block lh-sm my-1\" rel=\"nofollow noopener\" target=\"_blank\"> Auditorium du mus\u00e9e &#8211; Grenoble<\/a>Quatuor Ludwig et Denis Pascal, Piano  Une Journ\u00e9e au Mus\u00e9e -Hommage \u00e0 Erik Satie en concert \u00e0 Grenoble (Auditorium du mus\u00e9e ), le 23 novembre 2025. Toutes les informations [\u2026]<a class=\"image\" href=\"https:\/\/www.jds.fr\/grenoble\/concerts\/musique-classique\/quatuor-ludwig-et-denis-pascal-piano-une-journee-au-musee-hommage-a-erik-satie-1088949_A\" rel=\"nofollow noopener\" target=\"_blank\"><img decoding=\"async\" loading=\"lazy\" src=\"https:\/\/www.europesays.com\/fr\/wp-content\/uploads\/2025\/08\/1754710669_989_\" width=\"180\" height=\"180\" alt=\"Quatuor Ludwig et Denis Pascal, Piano  Une Journ\u00e9e au Mus\u00e9e -Hommage \u00e0 Erik Satie\"\/><\/a><\/li>\n<li class=\"col-12 pt-4\" data-view-id-type=\"1\" data-view-id=\"1088950\" data-view-bc=\"0\"><a class=\"d-block titre text-black mb-1 mb-md-2\" href=\"https:\/\/www.jds.fr\/grenoble\/concerts\/musique-classique\/ballade-au-danemark-r-hemsing-violons-b-mogensen-accordeon-1088950_A\" rel=\"nofollow noopener\" target=\"_blank\">Ballade au Danemark &#8211; R. Hemsing, Violons | B. Mogensen, Accord\u00e9on<\/a>Le 27\/11\/2025<a href=\"https:\/\/www.jds.fr\/grenoble\/salle-de-concert-et-de-spectacle\/auditorium-du-musee-16041_L\" class=\"lieu font-size-14 text-gray-700 d-block lh-sm my-1\" rel=\"nofollow noopener\" target=\"_blank\"> Auditorium du mus\u00e9e &#8211; Grenoble<\/a>Ballade au Danemark &#8211; R. Hemsing, Violons | B. Mogensen, Accord\u00e9on en concert \u00e0 Grenoble (Auditorium du mus\u00e9e ), le 27 novembre 2025. Toutes les informations pratiques (tarifs, [\u2026]<a class=\"image\" href=\"https:\/\/www.jds.fr\/grenoble\/concerts\/musique-classique\/ballade-au-danemark-r-hemsing-violons-b-mogensen-accordeon-1088950_A\" rel=\"nofollow noopener\" target=\"_blank\"><img decoding=\"async\" loading=\"lazy\" src=\"https:\/\/www.europesays.com\/fr\/wp-content\/uploads\/2025\/08\/1754710669_978_\" width=\"180\" height=\"180\" alt=\"Ballade au Danemark - R. Hemsing, Violons | B. Mogensen, Accord\u00e9on\"\/><\/a><\/li>\n<li class=\"col-12 pt-4\" data-view-id-type=\"1\" data-view-id=\"1088951\" data-view-bc=\"0\"><a class=\"d-block titre text-black mb-1 mb-md-2\" href=\"https:\/\/www.jds.fr\/grenoble\/concerts\/musique-classique\/bd-concert-chronique-du-pont-d-arc-les-midis-en-musique-1088951_A\" rel=\"nofollow noopener\" target=\"_blank\">Bd-Concert &#8211; Chronique du Pont d&rsquo;Arc &#8211; les Midis en Musique<\/a>Le 28\/11\/2025<a href=\"https:\/\/www.jds.fr\/grenoble\/salle-de-concert-et-de-spectacle\/auditorium-du-musee-16041_L\" class=\"lieu font-size-14 text-gray-700 d-block lh-sm my-1\" rel=\"nofollow noopener\" target=\"_blank\"> Auditorium du mus\u00e9e &#8211; Grenoble<\/a>Bd-Concert &#8211; Chronique du Pont d&rsquo;Arc &#8211; les Midis en Musique en concert \u00e0 Grenoble (Auditorium du mus\u00e9e ), le 28 novembre 2025. Toutes les informations pratiques (tarifs, [\u2026]<a class=\"image\" href=\"https:\/\/www.jds.fr\/grenoble\/concerts\/musique-classique\/bd-concert-chronique-du-pont-d-arc-les-midis-en-musique-1088951_A\" rel=\"nofollow noopener\" target=\"_blank\"><img decoding=\"async\" loading=\"lazy\" src=\"https:\/\/www.europesays.com\/fr\/wp-content\/uploads\/2025\/08\/1754710670_321_\" width=\"180\" height=\"180\" alt=\"Bd-Concert - Chronique du Pont d'Arc - les Midis en Musique\"\/><\/a><\/li>\n<li class=\"col-12 pt-4\" data-view-id-type=\"1\" data-view-id=\"1042722\" data-view-bc=\"0\"><a class=\"d-block titre text-black mb-1 mb-md-2\" href=\"https:\/\/www.jds.fr\/grenoble\/concerts\/musique-classique\/vanille-1042722_A\" rel=\"nofollow noopener\" target=\"_blank\">Vanille<\/a>Le 04\/12\/2025<a href=\"https:\/\/www.jds.fr\/grenoble\/salle-de-concert\/l-amperage-16673_L\" class=\"lieu font-size-14 text-gray-700 d-block lh-sm my-1\" rel=\"nofollow noopener\" target=\"_blank\"> L&rsquo;Amp\u00e9rage &#8211; Grenoble<\/a>Vanille en concert \u00e0 Grenoble (L&rsquo;Amp\u00e9rage ), le 4 d\u00e9cembre 2025. Toutes les informations pratiques (tarifs, billetterie, plan de salle) pour ce concert sont \u00e0 retrouver sur [\u2026]<a class=\"image\" href=\"https:\/\/www.jds.fr\/grenoble\/concerts\/musique-classique\/vanille-1042722_A\" rel=\"nofollow noopener\" target=\"_blank\"><img decoding=\"async\" loading=\"lazy\" src=\"https:\/\/www.europesays.com\/fr\/wp-content\/uploads\/2025\/08\/1754710670_613_\" width=\"180\" height=\"180\" alt=\"Vanille\"\/><\/a><\/li>\n<li class=\"li_gp_div li_gp_div_infeed\"\/>\n<li class=\"col-12 pt-4\" data-view-id-type=\"1\" data-view-id=\"1088952\" data-view-bc=\"0\"><a class=\"d-block titre text-black mb-1 mb-md-2\" href=\"https:\/\/www.jds.fr\/grenoble\/concerts\/musique-classique\/du-renard-au-gorille-l-irreverence-et-l-impertinence-d-offenbach-a-brassens-1088952_A\" rel=\"nofollow noopener\" target=\"_blank\">Du Renard au Gorille &#8211; L\u2019irr\u00e9v\u00e9rence et L\u2019impertinence D\u2019offenbach \u00e0 Brassens<\/a>Le 07\/12\/2025<a href=\"https:\/\/www.jds.fr\/grenoble\/salle-de-concert-et-de-spectacle\/auditorium-du-musee-16041_L\" class=\"lieu font-size-14 text-gray-700 d-block lh-sm my-1\" rel=\"nofollow noopener\" target=\"_blank\"> Auditorium du mus\u00e9e &#8211; Grenoble<\/a>Du Renard au Gorille &#8211; L\u2019irr\u00e9v\u00e9rence et L\u2019impertinence D\u2019offenbach \u00e0 Brassens en concert \u00e0 Grenoble (Auditorium du mus\u00e9e ), le 7 d\u00e9cembre 2025. Toutes les informations [\u2026]<a class=\"image\" href=\"https:\/\/www.jds.fr\/grenoble\/concerts\/musique-classique\/du-renard-au-gorille-l-irreverence-et-l-impertinence-d-offenbach-a-brassens-1088952_A\" rel=\"nofollow noopener\" target=\"_blank\"><img decoding=\"async\" loading=\"lazy\" src=\"https:\/\/www.europesays.com\/fr\/wp-content\/uploads\/2025\/08\/1754710671_923_\" width=\"180\" height=\"180\" alt=\"Du Renard au Gorille - L\u2019irr\u00e9v\u00e9rence et L\u2019impertinence D\u2019offenbach \u00e0 Brassens\"\/><\/a><\/li>\n<li class=\"col-12 pt-4\" data-view-id-type=\"1\" data-view-id=\"1088953\" data-view-bc=\"0\"><a class=\"d-block titre text-black mb-1 mb-md-2\" href=\"https:\/\/www.jds.fr\/grenoble\/concerts\/musique-classique\/le-petit-prince-a-travers-les-etoiles-concert-de-noel-1088953_A\" rel=\"nofollow noopener\" target=\"_blank\">Le Petit Prince \u00e0 Travers les Etoiles &#8211; Concert de No\u00ebl<\/a>Le 13\/12\/2025<a href=\"https:\/\/www.jds.fr\/grenoble\/salle-de-concert-et-de-spectacle\/auditorium-du-musee-16041_L\" class=\"lieu font-size-14 text-gray-700 d-block lh-sm my-1\" rel=\"nofollow noopener\" target=\"_blank\"> Auditorium du mus\u00e9e &#8211; Grenoble<\/a>Le Petit Prince \u00e0 Travers les Etoiles &#8211; Concert de No\u00ebl en concert \u00e0 Grenoble (Auditorium du mus\u00e9e ), le 13 d\u00e9cembre 2025. Toutes les informations pratiques (tarifs, [\u2026]<a class=\"image\" href=\"https:\/\/www.jds.fr\/grenoble\/concerts\/musique-classique\/le-petit-prince-a-travers-les-etoiles-concert-de-noel-1088953_A\" rel=\"nofollow noopener\" target=\"_blank\"><img decoding=\"async\" loading=\"lazy\" src=\"https:\/\/www.europesays.com\/fr\/wp-content\/uploads\/2025\/08\/1754710671_498_\" width=\"180\" height=\"180\" alt=\"Le Petit Prince \u00e0 Travers les Etoiles - Concert de No\u00ebl\"\/><\/a><\/li>\n<li class=\"col-12 pt-4\" data-view-id-type=\"1\" data-view-id=\"1088954\" data-view-bc=\"0\"><a class=\"d-block titre text-black mb-1 mb-md-2\" href=\"https:\/\/www.jds.fr\/grenoble\/concerts\/musique-classique\/pastorale-de-noel-les-midis-en-musique-1088954_A\" rel=\"nofollow noopener\" target=\"_blank\">Pastorale de No\u00ebl &#8211; les Midis en Musique<\/a>Le 18\/12\/2025<a href=\"https:\/\/www.jds.fr\/grenoble\/salle-de-concert-et-de-spectacle\/auditorium-du-musee-16041_L\" class=\"lieu font-size-14 text-gray-700 d-block lh-sm my-1\" rel=\"nofollow noopener\" target=\"_blank\"> Auditorium du mus\u00e9e &#8211; Grenoble<\/a>Pastorale de No\u00ebl &#8211; les Midis en Musique en concert \u00e0 Grenoble (Auditorium du mus\u00e9e ), le 18 d\u00e9cembre 2025. Toutes les informations pratiques (tarifs, billetterie, plan de [\u2026]<a class=\"image\" href=\"https:\/\/www.jds.fr\/grenoble\/concerts\/musique-classique\/pastorale-de-noel-les-midis-en-musique-1088954_A\" rel=\"nofollow noopener\" target=\"_blank\"><img decoding=\"async\" loading=\"lazy\" src=\"https:\/\/www.europesays.com\/fr\/wp-content\/uploads\/2025\/08\/1754710671_525_\" width=\"180\" height=\"180\" alt=\"Pastorale de No\u00ebl - les Midis en Musique\"\/><\/a><\/li>\n<li class=\"col-12 pt-4\" data-view-id-type=\"1\" data-view-id=\"1088955\" data-view-bc=\"0\"><a class=\"d-block titre text-black mb-1 mb-md-2\" href=\"https:\/\/www.jds.fr\/grenoble\/concerts\/musique-classique\/aline-piboule-piano-peintre-les-midis-en-musique-1088955_A\" rel=\"nofollow noopener\" target=\"_blank\">Aline Piboule &#8211; Piano-Peintre &#8211; les Midis en Musique<\/a>Le 08\/01\/2026<a href=\"https:\/\/www.jds.fr\/grenoble\/salle-de-concert-et-de-spectacle\/auditorium-du-musee-16041_L\" class=\"lieu font-size-14 text-gray-700 d-block lh-sm my-1\" rel=\"nofollow noopener\" target=\"_blank\"> Auditorium du mus\u00e9e &#8211; Grenoble<\/a>Aline Piboule &#8211; Piano-Peintre &#8211; les Midis en Musique en concert \u00e0 Grenoble (Auditorium du mus\u00e9e ), le 8 janvier 2026. Toutes les informations pratiques (tarifs, billetterie, plan [\u2026]<a class=\"image\" href=\"https:\/\/www.jds.fr\/grenoble\/concerts\/musique-classique\/aline-piboule-piano-peintre-les-midis-en-musique-1088955_A\" rel=\"nofollow noopener\" target=\"_blank\"><img decoding=\"async\" loading=\"lazy\" src=\"https:\/\/www.europesays.com\/fr\/wp-content\/uploads\/2025\/08\/1754710672_923_\" width=\"180\" height=\"180\" alt=\"Aline Piboule - Piano-Peintre - les Midis en Musique\"\/><\/a><\/li>\n<li class=\"li_gp_div li_gp_div_infeed\"\/>\n<li class=\"col-12 pt-4\" data-view-id-type=\"1\" data-view-id=\"1088956\" data-view-bc=\"0\"><a class=\"d-block titre text-black mb-1 mb-md-2\" href=\"https:\/\/www.jds.fr\/grenoble\/concerts\/musique-classique\/alexander-malofeev-piano-concert-coup-de-c-ur-1088956_A\" rel=\"nofollow noopener\" target=\"_blank\">Alexander Malofeev, Piano &#8211; Concert Coup de C\u0153ur<\/a>Le 15\/01\/2026<a href=\"https:\/\/www.jds.fr\/grenoble\/salle-de-concert-et-de-spectacle\/auditorium-du-musee-16041_L\" class=\"lieu font-size-14 text-gray-700 d-block lh-sm my-1\" rel=\"nofollow noopener\" target=\"_blank\"> Auditorium du mus\u00e9e &#8211; Grenoble<\/a>Alexander Malofeev, Piano &#8211; Concert Coup de C\u0153ur en concert \u00e0 Grenoble (Auditorium du mus\u00e9e ), le 15 janvier 2026. Toutes les informations pratiques (tarifs, billetterie, plan [\u2026]<a class=\"image\" href=\"https:\/\/www.jds.fr\/grenoble\/concerts\/musique-classique\/alexander-malofeev-piano-concert-coup-de-c-ur-1088956_A\" rel=\"nofollow noopener\" target=\"_blank\"><img decoding=\"async\" loading=\"lazy\" src=\"https:\/\/www.europesays.com\/fr\/wp-content\/uploads\/2025\/08\/1754710672_293_\" width=\"180\" height=\"180\" alt=\"Alexander Malofeev, Piano - Concert Coup de C\u0153ur\"\/><\/a><\/li>\n<li class=\"col-12 pt-4\" data-view-id-type=\"1\" data-view-id=\"1088957\" data-view-bc=\"0\"><a class=\"d-block titre text-black mb-1 mb-md-2\" href=\"https:\/\/www.jds.fr\/grenoble\/concerts\/musique-classique\/romances-et-trios-les-midis-en-musique-1088957_A\" rel=\"nofollow noopener\" target=\"_blank\">Romances et Trios &#8211; les Midis en Musique<\/a>Le 22\/01\/2026<a href=\"https:\/\/www.jds.fr\/grenoble\/salle-de-concert-et-de-spectacle\/auditorium-du-musee-16041_L\" class=\"lieu font-size-14 text-gray-700 d-block lh-sm my-1\" rel=\"nofollow noopener\" target=\"_blank\"> Auditorium du mus\u00e9e &#8211; Grenoble<\/a>Romances et Trios &#8211; les Midis en Musique en concert \u00e0 Grenoble (Auditorium du mus\u00e9e ), le 22 janvier 2026. Toutes les informations pratiques (tarifs, billetterie, plan de salle) [\u2026]<a class=\"image\" href=\"https:\/\/www.jds.fr\/grenoble\/concerts\/musique-classique\/romances-et-trios-les-midis-en-musique-1088957_A\" rel=\"nofollow noopener\" target=\"_blank\"><img decoding=\"async\" loading=\"lazy\" src=\"https:\/\/www.europesays.com\/fr\/wp-content\/uploads\/2025\/08\/1754710673_527_\" width=\"180\" height=\"180\" alt=\"Romances et Trios - les Midis en Musique\"\/><\/a><\/li>\n<li class=\"col-12 pt-4\" data-view-id-type=\"1\" data-view-id=\"1088958\" data-view-bc=\"0\"><a class=\"d-block titre text-black mb-1 mb-md-2\" href=\"https:\/\/www.jds.fr\/grenoble\/concerts\/musique-classique\/tap-virtuoso-de-bach-a-gershwin-1088958_A\" rel=\"nofollow noopener\" target=\"_blank\">Tap Virtuoso, de Bach \u00e0 Gershwin<\/a>Le 25\/01\/2026<a href=\"https:\/\/www.jds.fr\/grenoble\/salle-de-concert-et-de-spectacle\/auditorium-du-musee-16041_L\" class=\"lieu font-size-14 text-gray-700 d-block lh-sm my-1\" rel=\"nofollow noopener\" target=\"_blank\"> Auditorium du mus\u00e9e &#8211; Grenoble<\/a>Tap Virtuoso, de Bach \u00e0 Gershwin en concert \u00e0 Grenoble (Auditorium du mus\u00e9e ), le 25 janvier 2026. Toutes les informations pratiques (tarifs, billetterie, plan de salle) pour ce [\u2026]<a class=\"image\" href=\"https:\/\/www.jds.fr\/grenoble\/concerts\/musique-classique\/tap-virtuoso-de-bach-a-gershwin-1088958_A\" rel=\"nofollow noopener\" target=\"_blank\"><img decoding=\"async\" loading=\"lazy\" src=\"https:\/\/www.europesays.com\/fr\/wp-content\/uploads\/2025\/08\/1754710673_581_\" width=\"180\" height=\"180\" alt=\"Tap Virtuoso, de Bach \u00e0 Gershwin\"\/><\/a><\/li>\n<li class=\"col-12 pt-4\" data-view-id-type=\"1\" data-view-id=\"1088959\" data-view-bc=\"0\"><a class=\"d-block titre text-black mb-1 mb-md-2\" href=\"https:\/\/www.jds.fr\/grenoble\/concerts\/musique-classique\/jeunes-interpretes-ecole-cortot-les-midis-en-musique-1088959_A\" rel=\"nofollow noopener\" target=\"_blank\">Jeunes Interpr\u00e8tes &#8211; \u00e9cole Cortot &#8211; les Midis en Musique<\/a>Le 05\/02\/2026<a href=\"https:\/\/www.jds.fr\/grenoble\/salle-de-concert-et-de-spectacle\/auditorium-du-musee-16041_L\" class=\"lieu font-size-14 text-gray-700 d-block lh-sm my-1\" rel=\"nofollow noopener\" target=\"_blank\"> Auditorium du mus\u00e9e &#8211; Grenoble<\/a>Jeunes Interpr\u00e8tes &#8211; \u00e9cole Cortot &#8211; les Midis en Musique en concert \u00e0 Grenoble (Auditorium du mus\u00e9e ), le 5 f\u00e9vrier 2026. Toutes les informations pratiques (tarifs, [\u2026]<a class=\"image\" href=\"https:\/\/www.jds.fr\/grenoble\/concerts\/musique-classique\/jeunes-interpretes-ecole-cortot-les-midis-en-musique-1088959_A\" rel=\"nofollow noopener\" target=\"_blank\"><img decoding=\"async\" loading=\"lazy\" src=\"https:\/\/www.europesays.com\/fr\/wp-content\/uploads\/2025\/08\/1754710673_466_\" width=\"180\" height=\"180\" alt=\"Jeunes Interpr\u00e8tes - \u00e9cole Cortot - les Midis en Musique\"\/><\/a><\/li>\n<li class=\"li_gp_div li_gp_div_infeed\"\/>\n<li class=\"col-12 pt-4\" data-view-id-type=\"1\" data-view-id=\"1088960\" data-view-bc=\"0\"><a class=\"d-block titre text-black mb-1 mb-md-2\" href=\"https:\/\/www.jds.fr\/grenoble\/concerts\/musique-classique\/escapade-scandinave-les-midis-en-musique-1088960_A\" rel=\"nofollow noopener\" target=\"_blank\">Escapade Scandinave &#8211; les Midis en Musique<\/a>Le 26\/02\/2026<a href=\"https:\/\/www.jds.fr\/grenoble\/salle-de-concert-et-de-spectacle\/auditorium-du-musee-16041_L\" class=\"lieu font-size-14 text-gray-700 d-block lh-sm my-1\" rel=\"nofollow noopener\" target=\"_blank\"> Auditorium du mus\u00e9e &#8211; Grenoble<\/a>Escapade Scandinave &#8211; les Midis en Musique en concert \u00e0 Grenoble (Auditorium du mus\u00e9e ), le 26 f\u00e9vrier 2026. Toutes les informations pratiques (tarifs, billetterie, plan de [\u2026]<a class=\"image\" href=\"https:\/\/www.jds.fr\/grenoble\/concerts\/musique-classique\/escapade-scandinave-les-midis-en-musique-1088960_A\" rel=\"nofollow noopener\" target=\"_blank\"><img decoding=\"async\" loading=\"lazy\" src=\"https:\/\/www.europesays.com\/fr\/wp-content\/uploads\/2025\/08\/1754710674_586_\" width=\"180\" height=\"180\" alt=\"Escapade Scandinave - les Midis en Musique\"\/><\/a><\/li>\n<\/ul>\n<p class=\"font-size-30 fw-bold lh-1 mt-0 mb-4\">Je trouve les meilleures sorties dans ma ville<\/p>\n<p>Les actualit\u00e9s \u00e0  Grenoble<\/p>\n<ul class=\"mt-3 list-unstyled list-articles-v2\">\n<li class=\"col-12 pt-4\" data-view-id-type=\"1\" data-view-id=\"1118122\" data-view-bc=\"0\"><a class=\"image\" href=\"https:\/\/www.jds.fr\/grenoble\/magazine\/sorties-du-week-end\/5-idees-sorties-pour-ce-week-end-a-grenoble-du-8-au-10-aout-1118122_A\" rel=\"nofollow noopener\" target=\"_blank\"><img decoding=\"async\" loading=\"lazy\" src=\"https:\/\/www.europesays.com\/fr\/wp-content\/uploads\/2025\/08\/0-88389500-1753947954-689425-180-180.webp.webp\" width=\"180\" height=\"180\" alt=\"5 id\u00e9es sorties pour ce week-end \u00e0 Grenoble du 8 au 10 ao\u00fbt\" class=\"border\"\/><\/a><\/li>\n<\/ul>\n<p><a href=\"https:\/\/www.jds.fr\/grenoble\/magazine\/\" class=\"btn btn-outline-primary py-2 px-4\" rel=\"nofollow noopener\" target=\"_blank\">Voir toutes les actualit\u00e9s \u00e0  Grenoble<\/a><\/p>\n<p class=\"mt-0 mb-3 h2\">Newsletter JDS Grenoble<\/p>\n<p class=\"font-size-18 fw-normal lh-sm\">Pr\u00eat pour un week-end de folie\u00a0? Chaque jeudi tous les bons plans sorties<\/p>\n","protected":false},"excerpt":{"rendered":"Le 27\/04\/2026 Auditorium du mus\u00e9e | Grenoble Illya Amar : dates de la tourn\u00e9e A partir de 20&hellip;\n","protected":false},"author":2,"featured_media":306495,"comment_status":"","ping_status":"","sticky":false,"template":"","format":"standard","meta":{"footnotes":""},"categories":[9566],"tags":[1111,11,2430,1777,674,1011,27,2731,12,25],"class_list":{"0":"post-306494","1":"post","2":"type-post","3":"status-publish","4":"format-standard","5":"has-post-thumbnail","7":"category-grenoble","8":"tag-actu","9":"tag-actualites","10":"tag-auvergne-rhone-alpes","11":"tag-eu","12":"tag-europe","13":"tag-fr","14":"tag-france","15":"tag-grenoble","16":"tag-news","17":"tag-republique-francaise"},"share_on_mastodon":{"url":"https:\/\/pubeurope.com\/@fr\/114996728834836316","error":""},"_links":{"self":[{"href":"https:\/\/www.europesays.com\/fr\/wp-json\/wp\/v2\/posts\/306494","targetHints":{"allow":["GET"]}}],"collection":[{"href":"https:\/\/www.europesays.com\/fr\/wp-json\/wp\/v2\/posts"}],"about":[{"href":"https:\/\/www.europesays.com\/fr\/wp-json\/wp\/v2\/types\/post"}],"author":[{"embeddable":true,"href":"https:\/\/www.europesays.com\/fr\/wp-json\/wp\/v2\/users\/2"}],"replies":[{"embeddable":true,"href":"https:\/\/www.europesays.com\/fr\/wp-json\/wp\/v2\/comments?post=306494"}],"version-history":[{"count":0,"href":"https:\/\/www.europesays.com\/fr\/wp-json\/wp\/v2\/posts\/306494\/revisions"}],"wp:featuredmedia":[{"embeddable":true,"href":"https:\/\/www.europesays.com\/fr\/wp-json\/wp\/v2\/media\/306495"}],"wp:attachment":[{"href":"https:\/\/www.europesays.com\/fr\/wp-json\/wp\/v2\/media?parent=306494"}],"wp:term":[{"taxonomy":"category","embeddable":true,"href":"https:\/\/www.europesays.com\/fr\/wp-json\/wp\/v2\/categories?post=306494"},{"taxonomy":"post_tag","embeddable":true,"href":"https:\/\/www.europesays.com\/fr\/wp-json\/wp\/v2\/tags?post=306494"}],"curies":[{"name":"wp","href":"https:\/\/api.w.org\/{rel}","templated":true}]}}