{"id":306496,"date":"2025-08-09T03:39:11","date_gmt":"2025-08-09T03:39:11","guid":{"rendered":"https:\/\/www.europesays.com\/fr\/306496\/"},"modified":"2025-08-09T03:39:11","modified_gmt":"2025-08-09T03:39:11","slug":"philippe-duquesne-a-rennes-le-chateau-linsolite-provoque-des-emotions-nouvelles-2","status":"publish","type":"post","link":"https:\/\/www.europesays.com\/fr\/306496\/","title":{"rendered":"Philippe Duquesne \u00e0 Rennes-le-Ch\u00e2teau : \u00ab\u00a0L\u2019insolite provoque des \u00e9motions nouvelles\u00a0\u00bb"},"content":{"rendered":"<p>\n                                                                    l&rsquo;essentiel<br \/>\n                                                                Depuis ses d\u00e9buts dans la s\u00e9rie \u00ab\u00a0Les Deschiens\u00a0\u00bb, Philippe Duquesne est un des acteurs les plus populaires et les plus attachants du cin\u00e9ma fran\u00e7ais. Les t\u00e9lespectateurs le rencontrent r\u00e9guli\u00e8rement dans la s\u00e9rie \u00ab\u00a0Sc\u00e8ne de m\u00e9nage\u00a0\u00bb. Il est le parrain de la P\u00e9tanque de l\u2019insolite 2025 et pr\u00e9sentera \u00ab\u00a0Le Petit Piaf\u00a0\u00bb, com\u00e9die r\u00e9alis\u00e9e par G\u00e9rard Jugnot dont il est un des interpr\u00e8tes principaux. Il sera, les lundi 11 et mardi 12 ao\u00fbt, pr\u00e9sent pour la 11e \u00e9dition du Festival international du film insolite.\n                            <\/p>\n<p class=\"txt-question\"><b>Connaissiez-vous d\u00e9j\u00e0 le village de Rennes-le-Ch\u00e2teau ? Et l\u2019histoire myst\u00e9rieuse et pour le moins insolite de son abb\u00e9 ?<\/b><\/p>\n<p>Non, c\u2019est une d\u00e9couverte totale pour moi. J\u2019aime beaucoup la France et sa diversit\u00e9 mais je ne connais pas encore la Haute Vall\u00e9e de l\u2019Aude. Ce sera une premi\u00e8re fois. Et j\u2019ai h\u00e2te de conna\u00eetre l\u2019histoire de cet l\u2019abb\u00e9.<\/p>\n<p class=\"txt-question\"><b>Aviez-vous entendu parl\u00e9 du Festival du film insolite ?<\/b><\/p>\n<p>C\u2019est sur le tournage de Mauvaise foi d\u2019Alberic Saint-Martin que j\u2019ai eu le plaisir de rencontrer Geoffroy Thiebaut (cofondateur du festival). Nous avons bien sympathis\u00e9 et c\u2019est lui qui m\u2019a parl\u00e9 de ce festival li\u00e9 \u00e0 l\u2019insolite.<\/p>\n<p class=\"txt-question\"><b>Qu\u2019est-ce qui vous a donn\u00e9 envie d\u2019accepter de parrainer cet \u00e9v\u00e8nement atypique et festif qu\u2019est la P\u00e9tanque insolite du festival et qu\u2019attendez-vous de cette exp\u00e9rience ?<\/b><\/p>\n<p>J\u2019ai toujours aim\u00e9 les histoires atypiques. Concernant les gens porteurs d\u2019un handicap, j\u2019ai moi-m\u00eame une tante que j\u2019aime beaucoup et qui est n\u00e9e sourde et muette.<\/p>\n<p>Elle m\u2019a appris qu\u2019on pouvait \u00eatre heureux et partager avec les autres. Je ne connais pas personnellement celles et ceux qui vivent avec la c\u00e9cit\u00e9 mais justement, \u00e7a m\u2019int\u00e9resse de les rencontrer\u2026 Et si, en plus, c\u2019est festif.<\/p>\n<p class=\"txt-question\"><b>Vous pr\u00e9senterez \u00ab\u00a0Le petit Piaf\u00a0\u00bb. Que pouvez-vous nous dire de ce film ? Et quels sont les messages importants \u00e0 faire passer ?<\/b><\/p>\n<p>Dans cette com\u00e9die tendre, j\u2019ai eu la chance de jouer un personnage atypique : un gars du Nord-Pas-de-Calais devenu chauffeur de taxi \u00e0 la R\u00e9union et qui se la joue \u00ab\u00a0rasta\u00a0\u00bb avec ses dreadlocks.<\/p>\n<p>En plus, il sert la situation, c\u2019est-\u00e0-dire aider \u00e0 la r\u00e9v\u00e9lation du talent d\u2019un gamin chanteur \u00ab\u00a0handicap\u00e9 \u00a0\u00bb par son statut social. Sans la rencontre avec une vedette venue de la m\u00e9tropole (Marc Lavoine), ce jeune talent serait rest\u00e9 invisible.<\/p>\n<p class=\"txt-question\"><b>Pour vous, l\u2019insolite, c\u2019est quoi ? Souhaitez-vous ajouter une r\u00e9flexion plus personnelle ?<\/b><\/p>\n<p>L\u2019insolite, c\u2019est de faire appara\u00eetre dans une situation in\u00e9dite des gens que l\u2019on n\u2019a pas l\u2019habitude de regarder. Et l\u2019insolite provoque des \u00e9motions nouvelles. Moi, j\u2019aime que l\u2019insolite me fasse pleurer\u2026 ou rire !<\/p>\n<p>Informations sur le site : www.festivalfilminsoliterennes <a href=\"http:\/\/lechateau.fr\" target=\"_blank\" rel=\"nofollow noopener\">lechateau.fr<\/a><\/p>\n","protected":false},"excerpt":{"rendered":"l&rsquo;essentiel Depuis ses d\u00e9buts dans la s\u00e9rie \u00ab\u00a0Les Deschiens\u00a0\u00bb, Philippe Duquesne est un des acteurs les plus populaires&hellip;\n","protected":false},"author":2,"featured_media":306497,"comment_status":"","ping_status":"","sticky":false,"template":"","format":"standard","meta":{"footnotes":""},"categories":[2821],"tags":[1111,11,829,1777,674,1011,27,12,584,25],"class_list":{"0":"post-306496","1":"post","2":"type-post","3":"status-publish","4":"format-standard","5":"has-post-thumbnail","7":"category-rennes","8":"tag-actu","9":"tag-actualites","10":"tag-bretagne","11":"tag-eu","12":"tag-europe","13":"tag-fr","14":"tag-france","15":"tag-news","16":"tag-rennes","17":"tag-republique-francaise"},"share_on_mastodon":{"url":"https:\/\/pubeurope.com\/@fr\/114996731050773672","error":""},"_links":{"self":[{"href":"https:\/\/www.europesays.com\/fr\/wp-json\/wp\/v2\/posts\/306496","targetHints":{"allow":["GET"]}}],"collection":[{"href":"https:\/\/www.europesays.com\/fr\/wp-json\/wp\/v2\/posts"}],"about":[{"href":"https:\/\/www.europesays.com\/fr\/wp-json\/wp\/v2\/types\/post"}],"author":[{"embeddable":true,"href":"https:\/\/www.europesays.com\/fr\/wp-json\/wp\/v2\/users\/2"}],"replies":[{"embeddable":true,"href":"https:\/\/www.europesays.com\/fr\/wp-json\/wp\/v2\/comments?post=306496"}],"version-history":[{"count":0,"href":"https:\/\/www.europesays.com\/fr\/wp-json\/wp\/v2\/posts\/306496\/revisions"}],"wp:featuredmedia":[{"embeddable":true,"href":"https:\/\/www.europesays.com\/fr\/wp-json\/wp\/v2\/media\/306497"}],"wp:attachment":[{"href":"https:\/\/www.europesays.com\/fr\/wp-json\/wp\/v2\/media?parent=306496"}],"wp:term":[{"taxonomy":"category","embeddable":true,"href":"https:\/\/www.europesays.com\/fr\/wp-json\/wp\/v2\/categories?post=306496"},{"taxonomy":"post_tag","embeddable":true,"href":"https:\/\/www.europesays.com\/fr\/wp-json\/wp\/v2\/tags?post=306496"}],"curies":[{"name":"wp","href":"https:\/\/api.w.org\/{rel}","templated":true}]}}