{"id":306500,"date":"2025-08-09T03:43:33","date_gmt":"2025-08-09T03:43:33","guid":{"rendered":"https:\/\/www.europesays.com\/fr\/306500\/"},"modified":"2025-08-09T03:43:33","modified_gmt":"2025-08-09T03:43:33","slug":"un-homme-meurt-apres-avoir-saute-dun-camping-car-sur-lautoroute","status":"publish","type":"post","link":"https:\/\/www.europesays.com\/fr\/306500\/","title":{"rendered":"Un homme meurt apr\u00e8s avoir saut\u00e9 d\u2019un camping-car sur l\u2019autoroute"},"content":{"rendered":"<p><strong>enqu\u00eate &#8211; Une enqu\u00eate a \u00e9t\u00e9 ouverte pour \u00e9claircir les circonstances de la mort de l\u2019homme d\u2019une soixantaine d\u2019ann\u00e9es, a pr\u00e9cis\u00e9 le parquet de Nice<\/strong><\/p>\n<p>Que s\u2019est-il pass\u00e9 dans l\u2019habitacle du v\u00e9hicule ? Jeudi, un homme \u00e2g\u00e9 d\u2019une soixantaine d\u2019ann\u00e9es est mort sur <a href=\"https:\/\/www.20minutes.fr\/faits_divers\/faits-divers-nice\/4160511-20250626-alpes-maritimes-choc-frontal-fait-moins-trois-morts-autoroute-a8-direction-italie?at_medium=RSS%20feed&amp;at_campaign=ynews&amp;utm_source=yahoo&amp;utm_medium=rss&amp;utm_campaign=news_feed&amp;utm_content=in_article_link\" rel=\"nofollow noopener\" target=\"_blank\" data-ylk=\"slk:l\u2019autoroute A8;elm:context_link;itc:0;sec:content-canvas\" class=\"link \">l\u2019autoroute A8<\/a>, apr\u00e8s avoir saut\u00e9 d\u2019un camping-car en route. Les faits se sont d\u00e9roul\u00e9s au niveau de la commune de Gorbio, dans les <a href=\"https:\/\/www.20minutes.fr\/societe\/alpes-maritimes\/?at_medium=RSS%20feed&amp;at_campaign=ynews&amp;utm_source=yahoo&amp;utm_medium=rss&amp;utm_campaign=news_feed&amp;utm_content=in_article_link\" rel=\"nofollow noopener\" target=\"_blank\" data-ylk=\"slk:Alpes-Maritimes;elm:context_link;itc:0;sec:content-canvas\" class=\"link \">Alpes-Maritimes<\/a>, selon les informations de <a href=\"https:\/\/www.bfmtv.com\/cote-d-azur\/un-homme-meurt-en-sautant-d-un-camping-car-sur-l-autoroute-a8-a-hauteur-de-gorbio_AN-202508070469.html?at_medium=RSS%20feed&amp;at_campaign=ynews&amp;utm_source=yahoo&amp;utm_medium=rss&amp;utm_campaign=news_feed&amp;utm_content=in_article_link\" rel=\"nofollow noopener\" target=\"_blank\" data-ylk=\"slk:BFM Nice C\u00f4te d\u2019Azur;elm:context_link;itc:0;sec:content-canvas\" class=\"link \">BFM Nice C\u00f4te d\u2019Azur<\/a>, confirm\u00e9e par le parquet de Nice \u00e0 20 Minutes.<\/p>\n<p>Selon les premiers \u00e9l\u00e9ments, la victime \u00e9tait passag\u00e8re du v\u00e9hicule lorsqu\u2019elle aurait saut\u00e9 <a href=\"https:\/\/www.20minutes.fr\/societe\/4160762-20250627-gendarmerie-herite-anciens-camping-cars-voles-recueillir-plaintes?at_medium=RSS%20feed&amp;at_campaign=ynews&amp;utm_source=yahoo&amp;utm_medium=rss&amp;utm_campaign=news_feed&amp;utm_content=in_article_link\" rel=\"nofollow noopener\" target=\"_blank\" data-ylk=\"slk:du camping-car.;elm:context_link;itc:0;sec:content-canvas\" class=\"link \">du camping-car.<\/a> Ce dernier, qui roulait, se trouvait 800 m\u00e8tres avant la sortie Menton-Sospel, en direction de l\u2019Italie.<\/p>\n<p>Une enqu\u00eate ouverte<\/p>\n<p>Lorsque les secours sont intervenus, l\u2019homme, n\u00e9 en 1961, \u00e9tait d\u00e9j\u00e0 en arr\u00eat cardio-respiratoire. Il a \u00e9t\u00e9 d\u00e9clar\u00e9 mort par le m\u00e9decin du Smur.<\/p>\n<p><a href=\"https:\/\/www.20minutes.fr\/societe\/alpes-maritimes\/\" rel=\"nofollow noopener\" target=\"_blank\" data-ylk=\"slk:Retrouvez ici tous nos articles sur l&#039;actualit\u00e9 des Alpes-Maritimes;elm:context_link;itc:0;sec:content-canvas\" class=\"link \">Retrouvez ici tous nos articles sur l&rsquo;actualit\u00e9 des Alpes-Maritimes<\/a><\/p>\n<p>Une enqu\u00eate a \u00e9t\u00e9 ouverte aupr\u00e8s des services de la gendarmerie en \u00ab recherche des causes de la mort \u00bb afin de d\u00e9terminer les circonstances exactes des faits, pr\u00e9cise les services du procureur de la R\u00e9publique de Nice. Une autopsie de la victime a \u00e9t\u00e9 sollicit\u00e9e.<\/p>\n<p><a href=\"https:\/\/www.20minutes.fr\/faits_divers\/faits-divers-nice\/4167170-20250808-alpes-maritimes-homme-meurt-apres-avoir-saute-camping-car-autoroute?at_medium=RSS%20feed&amp;at_campaign=ynews&amp;utm_source=yahoo&amp;utm_medium=rss&amp;utm_campaign=news_feed&amp;utm_content=read_more_link\" rel=\"nofollow noopener\" target=\"_blank\" data-ylk=\"slk:Lire la suite sur 20minutes;elm:context_link;itc:0;sec:content-canvas\" class=\"link \">Lire la suite sur 20minutes<\/a><\/p>\n<p>\u00c0 lire aussi :<br \/><a href=\"https:\/\/www.20minutes.fr\/faits_divers\/faits-divers-strasbourg\/4162190-20250706-bas-rhin-homme-saute-depuis-pont-meurt-noye-rhin?at_medium=RSS%20feed&amp;at_campaign=ynews&amp;utm_source=yahoo&amp;utm_medium=rss&amp;utm_campaign=news_feed&amp;utm_content=related_content_link\" rel=\"nofollow noopener\" target=\"_blank\" data-ylk=\"slk:Bas-Rhin : Un homme saute depuis un pont et meurt noy\u00e9 dans le Rhin;elm:context_link;itc:0;sec:content-canvas\" class=\"link \">Bas-Rhin : Un homme saute depuis un pont et meurt noy\u00e9 dans le Rhin<\/a><br \/><a href=\"https:\/\/www.20minutes.fr\/faits_divers\/4158749-20250616-cher-deux-cyclistes-suisses-meurent-percutes-octogenaire-camping-car?at_medium=RSS%20feed&amp;at_campaign=ynews&amp;utm_source=yahoo&amp;utm_medium=rss&amp;utm_campaign=news_feed&amp;utm_content=related_content_link\" rel=\"nofollow noopener\" target=\"_blank\" data-ylk=\"slk:Cher : Deux cyclistes suisses meurent percut\u00e9s par un octog\u00e9naire en camping-car;elm:context_link;itc:0;sec:content-canvas\" class=\"link \">Cher : Deux cyclistes suisses meurent percut\u00e9s par un octog\u00e9naire en camping-car<\/a><\/p>\n","protected":false},"excerpt":{"rendered":"enqu\u00eate &#8211; Une enqu\u00eate a \u00e9t\u00e9 ouverte pour \u00e9claircir les circonstances de la mort de l\u2019homme d\u2019une soixantaine&hellip;\n","protected":false},"author":2,"featured_media":306501,"comment_status":"","ping_status":"","sticky":false,"template":"","format":"standard","meta":{"footnotes":""},"categories":[2819],"tags":[1111,11,2898,11199,1067,1777,674,1011,27,22129,12,2401,3764,882,25],"class_list":{"0":"post-306500","1":"post","2":"type-post","3":"status-publish","4":"format-standard","5":"has-post-thumbnail","7":"category-nice","8":"tag-actu","9":"tag-actualites","10":"tag-alpes-maritimes","11":"tag-camping-car","12":"tag-enquete","13":"tag-eu","14":"tag-europe","15":"tag-fr","16":"tag-france","17":"tag-la-mort","18":"tag-news","19":"tag-nice","20":"tag-procureur-de-la-republique","21":"tag-provence-alpes-cote-dazur","22":"tag-republique-francaise"},"share_on_mastodon":{"url":"https:\/\/pubeurope.com\/@fr\/114996746813905807","error":""},"_links":{"self":[{"href":"https:\/\/www.europesays.com\/fr\/wp-json\/wp\/v2\/posts\/306500","targetHints":{"allow":["GET"]}}],"collection":[{"href":"https:\/\/www.europesays.com\/fr\/wp-json\/wp\/v2\/posts"}],"about":[{"href":"https:\/\/www.europesays.com\/fr\/wp-json\/wp\/v2\/types\/post"}],"author":[{"embeddable":true,"href":"https:\/\/www.europesays.com\/fr\/wp-json\/wp\/v2\/users\/2"}],"replies":[{"embeddable":true,"href":"https:\/\/www.europesays.com\/fr\/wp-json\/wp\/v2\/comments?post=306500"}],"version-history":[{"count":0,"href":"https:\/\/www.europesays.com\/fr\/wp-json\/wp\/v2\/posts\/306500\/revisions"}],"wp:featuredmedia":[{"embeddable":true,"href":"https:\/\/www.europesays.com\/fr\/wp-json\/wp\/v2\/media\/306501"}],"wp:attachment":[{"href":"https:\/\/www.europesays.com\/fr\/wp-json\/wp\/v2\/media?parent=306500"}],"wp:term":[{"taxonomy":"category","embeddable":true,"href":"https:\/\/www.europesays.com\/fr\/wp-json\/wp\/v2\/categories?post=306500"},{"taxonomy":"post_tag","embeddable":true,"href":"https:\/\/www.europesays.com\/fr\/wp-json\/wp\/v2\/tags?post=306500"}],"curies":[{"name":"wp","href":"https:\/\/api.w.org\/{rel}","templated":true}]}}