{"id":306506,"date":"2025-08-09T03:54:29","date_gmt":"2025-08-09T03:54:29","guid":{"rendered":"https:\/\/www.europesays.com\/fr\/306506\/"},"modified":"2025-08-09T03:54:29","modified_gmt":"2025-08-09T03:54:29","slug":"r1-fc-biganos-fc-girondins-de-bordeaux-a-20h-ce-vendredi","status":"publish","type":"post","link":"https:\/\/www.europesays.com\/fr\/306506\/","title":{"rendered":"R1 : FC Biganos-FC Girondins de Bordeaux \u00e0 20h ce vendredi"},"content":{"rendered":"<p><img decoding=\"async\" src=\"https:\/\/www.europesays.com\/fr\/wp-content\/uploads\/2025\/08\/671_b3ba839ef2948e042a8bb3a2405ee4a8.jpg\" alt=\"R1 : FC Biganos-FC Girondins de Bordeaux \u00e0 20h ce vendredi\" class=\"img-responsive mt-3\"\/><\/p>\n<p class=\"text-center mb-3\" style=\"font-size: 14px\">\u00a9 Iconsport<\/p>\n<p style=\"text-align: justify;\">L&rsquo;\u00e9quipe du nouvel entra\u00eeneur bordelais Antoine Verg\u00e8s se d\u00e9place au Stade Roger Garnung de Biganos pour affronter le FC Biganos ce soir \u00e0 20h.<\/p>\n<p style=\"text-align: justify;\">L&rsquo;entr\u00e9e est gratuite. Vous trouverez sur place buvette et restauration.<\/p>\n<p style=\"text-align: justify;\">Le FC Biganos \u00e9volue dans la poule B de R\u00e9gional 1. Ils ont battu ce mardi le FC Coeur M\u00e9doc sur le score de 4 buts \u00e0 2 en match amical.<\/p>\n<p style=\"text-align: justify;\">La publication du club de Biganos sur Facebook :<\/p>\n<p style=\"text-align: justify;\"><img decoding=\"async\" src=\"https:\/\/www.europesays.com\/fr\/wp-content\/uploads\/2025\/08\/Capture d\u2019e\u0301cran 2025-08-08 a\u0300 08.41.00.png\" alt=\"Capture d\u2019e\u0301cran 2025-08-08 a\u0300 08.41.00.png (175 KB)\" style=\"width:700px;max-width:100%;\"\/><\/p>\n<p style=\"text-align: justify;\">\u00c0 lire aussi &gt;&gt; <strong><a href=\"https:\/\/www.webgirondins.com\/actualite-girondins-girondins-j-ai-trouve-l-equipe-physiquement-deja-bien-au-point-129987\" target=\"_blank\" rel=\"noopener\">\u00ab\u00a0J&rsquo;ai trouv\u00e9 l&rsquo;\u00e9quipe physiquement d\u00e9j\u00e0 bien au point\u00a0\u00bb<\/a><\/strong><\/p>\n<p>\u00a0<\/p>\n","protected":false},"excerpt":{"rendered":"\u00a9 Iconsport L&rsquo;\u00e9quipe du nouvel entra\u00eeneur bordelais Antoine Verg\u00e8s se d\u00e9place au Stade Roger Garnung de Biganos pour&hellip;\n","protected":false},"author":2,"featured_media":306507,"comment_status":"","ping_status":"","sticky":false,"template":"","format":"standard","meta":{"footnotes":""},"categories":[2817],"tags":[1111,11,44707,44708,3917,44706,1997,2563,2263,1777,674,1011,27,1987,955,12,2219,29390,5486,25,18357,3242,3467,6949],"class_list":{"0":"post-306506","1":"post","2":"type-post","3":"status-publish","4":"format-standard","5":"has-post-thumbnail","7":"category-bordeaux","8":"tag-actu","9":"tag-actualites","10":"tag-affronte","11":"tag-amicale","12":"tag-avant","13":"tag-biganos","14":"tag-bordeaux","15":"tag-deuxieme","16":"tag-equipe","17":"tag-eu","18":"tag-europe","19":"tag-fr","20":"tag-france","21":"tag-girondins","22":"tag-match","23":"tag-news","24":"tag-nouvelle-aquitaine","25":"tag-preparation","26":"tag-rencontre","27":"tag-republique-francaise","28":"tag-reserve","29":"tag-saison","30":"tag-soir","31":"tag-vendredi"},"share_on_mastodon":{"url":"https:\/\/pubeurope.com\/@fr\/114996790327298829","error":""},"_links":{"self":[{"href":"https:\/\/www.europesays.com\/fr\/wp-json\/wp\/v2\/posts\/306506","targetHints":{"allow":["GET"]}}],"collection":[{"href":"https:\/\/www.europesays.com\/fr\/wp-json\/wp\/v2\/posts"}],"about":[{"href":"https:\/\/www.europesays.com\/fr\/wp-json\/wp\/v2\/types\/post"}],"author":[{"embeddable":true,"href":"https:\/\/www.europesays.com\/fr\/wp-json\/wp\/v2\/users\/2"}],"replies":[{"embeddable":true,"href":"https:\/\/www.europesays.com\/fr\/wp-json\/wp\/v2\/comments?post=306506"}],"version-history":[{"count":0,"href":"https:\/\/www.europesays.com\/fr\/wp-json\/wp\/v2\/posts\/306506\/revisions"}],"wp:featuredmedia":[{"embeddable":true,"href":"https:\/\/www.europesays.com\/fr\/wp-json\/wp\/v2\/media\/306507"}],"wp:attachment":[{"href":"https:\/\/www.europesays.com\/fr\/wp-json\/wp\/v2\/media?parent=306506"}],"wp:term":[{"taxonomy":"category","embeddable":true,"href":"https:\/\/www.europesays.com\/fr\/wp-json\/wp\/v2\/categories?post=306506"},{"taxonomy":"post_tag","embeddable":true,"href":"https:\/\/www.europesays.com\/fr\/wp-json\/wp\/v2\/tags?post=306506"}],"curies":[{"name":"wp","href":"https:\/\/api.w.org\/{rel}","templated":true}]}}