{"id":306514,"date":"2025-08-09T03:59:12","date_gmt":"2025-08-09T03:59:12","guid":{"rendered":"https:\/\/www.europesays.com\/fr\/306514\/"},"modified":"2025-08-09T03:59:12","modified_gmt":"2025-08-09T03:59:12","slug":"lavenir-senraye-au-stand-de-tir-des-trois-lucs-de-marseille","status":"publish","type":"post","link":"https:\/\/www.europesays.com\/fr\/306514\/","title":{"rendered":"L&rsquo;avenir s&rsquo;enraye au stand de tir des Trois-Lucs de Marseille"},"content":{"rendered":"<p>\u00c0 la vue des engins de chantier devant le site, la semaine derni\u00e8re, les habitants de ce quartier du 12e ont pens\u00e9 que des travaux d\u2019envergure d\u00e9butaient enfin au stand de tir des Trois-Lucs. Partiellement <a href=\"https:\/\/www.laprovence.com\/article\/region\/1269858697917115\/un-risque-securitaire-grave-la-ville-de-marseille-annonce-la-fermeture-totale-du-stand-de-tir-des-trois-lucs\" target=\"_blank\" rel=\"noopener\">ferm\u00e9 depuis plus de six mois<\/a> sur d\u00e9cision municipale, l\u2019\u00e9quipement sportif, propri\u00e9t\u00e9 de la Ville de Marseille, a vu l\u2019activit\u00e9 de ses deux pas de tir ext\u00e9rieurs (\u00e0 25 et 50 m\u00e8tres) suspendue. Apr\u00e8s les alertes du collectif de riverains sur de possibles sorties d\u2019ogives et d\u2019associations sur les craintes d\u2019une pollution au plomb, un rapport des services de l\u2019\u00c9tat a conduit la municipalit\u00e9 \u00e0 interrompre la pratique, en attendant de nouvelles \u00e9tudes et de futurs am\u00e9nagements.<\/p>\n<p>Lass\u00e9e par cette \u00ab\u00a0mauvaise foire\u00a0\u00bb, la Ligue de tir de Provence, qui occupait le stand depuis sa construction en\u00a01976, a fini par<a href=\"https:\/\/www.laprovence.com\/article\/region\/1298940483306914\/marseille-la-ligue-de-tir-de-provence-jette-leponge-et-quitte-le-stand-des-trois-lucs\" target=\"_blank\" rel=\"noopener\"> jeter l\u2019\u00e9ponge en f\u00e9vrier<\/a>, laissant la gestion du dernier pas de tir ouvert (\u00e0 10\u00a0m) au Club de tir sportif et amical (CTSA). \u00ab\u00a0Ces engins nous ont simplement permis de d\u00e9polluer les deux pas de tir inoccup\u00e9s, de retirer notamment la terre charg\u00e9e de plomb des but\u00e9es, d\u00e9taille Martine Sarrazin, pr\u00e9sidente du CTSA. On a retir\u00e9 les cibles, les rameneurs\u2026 Il n\u2019y a plus rien. C\u2019est dommage de laisser un site quasiment inoccup\u00e9 et on n\u2019a pas de nouvelles pour la suite.\u00a0\u00bb<\/p>\n","protected":false},"excerpt":{"rendered":"\u00c0 la vue des engins de chantier devant le site, la semaine derni\u00e8re, les habitants de ce quartier&hellip;\n","protected":false},"author":2,"featured_media":306515,"comment_status":"","ping_status":"","sticky":false,"template":"","format":"standard","meta":{"footnotes":""},"categories":[2814],"tags":[17,1111,11,154,1777,674,1011,27,28344,884,12,882,25,44709,60,37738,9805,44710],"class_list":{"0":"post-306514","1":"post","2":"type-post","3":"status-publish","4":"format-standard","5":"has-post-thumbnail","7":"category-marseille","8":"tag-17","9":"tag-actu","10":"tag-actualites","11":"tag-des","12":"tag-eu","13":"tag-europe","14":"tag-fr","15":"tag-france","16":"tag-lavenir","17":"tag-marseille","18":"tag-news","19":"tag-provence-alpes-cote-dazur","20":"tag-republique-francaise","21":"tag-senraye","22":"tag-sports","23":"tag-stand","24":"tag-tir","25":"tag-trois-lucs"},"share_on_mastodon":{"url":"https:\/\/pubeurope.com\/@fr\/114996809775860247","error":""},"_links":{"self":[{"href":"https:\/\/www.europesays.com\/fr\/wp-json\/wp\/v2\/posts\/306514","targetHints":{"allow":["GET"]}}],"collection":[{"href":"https:\/\/www.europesays.com\/fr\/wp-json\/wp\/v2\/posts"}],"about":[{"href":"https:\/\/www.europesays.com\/fr\/wp-json\/wp\/v2\/types\/post"}],"author":[{"embeddable":true,"href":"https:\/\/www.europesays.com\/fr\/wp-json\/wp\/v2\/users\/2"}],"replies":[{"embeddable":true,"href":"https:\/\/www.europesays.com\/fr\/wp-json\/wp\/v2\/comments?post=306514"}],"version-history":[{"count":0,"href":"https:\/\/www.europesays.com\/fr\/wp-json\/wp\/v2\/posts\/306514\/revisions"}],"wp:featuredmedia":[{"embeddable":true,"href":"https:\/\/www.europesays.com\/fr\/wp-json\/wp\/v2\/media\/306515"}],"wp:attachment":[{"href":"https:\/\/www.europesays.com\/fr\/wp-json\/wp\/v2\/media?parent=306514"}],"wp:term":[{"taxonomy":"category","embeddable":true,"href":"https:\/\/www.europesays.com\/fr\/wp-json\/wp\/v2\/categories?post=306514"},{"taxonomy":"post_tag","embeddable":true,"href":"https:\/\/www.europesays.com\/fr\/wp-json\/wp\/v2\/tags?post=306514"}],"curies":[{"name":"wp","href":"https:\/\/api.w.org\/{rel}","templated":true}]}}