{"id":306516,"date":"2025-08-09T04:00:30","date_gmt":"2025-08-09T04:00:30","guid":{"rendered":"https:\/\/www.europesays.com\/fr\/306516\/"},"modified":"2025-08-09T04:00:30","modified_gmt":"2025-08-09T04:00:30","slug":"un-faux-conseiller-bancaire-accuse-davoir-vole-230-000-euros-a-des-personnes-agees","status":"publish","type":"post","link":"https:\/\/www.europesays.com\/fr\/306516\/","title":{"rendered":"un faux conseiller bancaire accus\u00e9 d\u2019avoir vol\u00e9 230.000 euros \u00e0 des personnes \u00e2g\u00e9es"},"content":{"rendered":"<p>Un Marseillais de 22 ans a \u00e9t\u00e9 interpell\u00e9 pour avoir escroqu\u00e9 quatre personnes \u00e2g\u00e9es de 74 \u00e0 84 ans. Le pr\u00e9judice est estim\u00e9 \u00e0 230.000 euros. Des produits stup\u00e9fiants ont \u00e9galement \u00e9t\u00e9 retrouv\u00e9s chez le suspect.<\/p>\n<p class=\"fig-paragraph\">D\u2019apr\u00e8s les gendarmes, \u00able mode op\u00e9ratoire d\u2019escroquerie est particuli\u00e8rement manipulateur\u00bb. Dans un communiqu\u00e9 de presse, la gendarmerie annonce avoir interpell\u00e9 un<a href=\"http:\/\/www.lefigaro.fr\/conjoncture\/faux-conseiller-bancaire-au-telephone-bnp-paribas-condamne-a-rembourser-un-client-victime-d-une-escroquerie-20241024\" data-fig-type=\"Article\" data-gtm-custom-categorie=\"navigation\" data-gtm-custom-action=\"crossclick\" data-gtm-custom-label=\"Contextuel\" data-gtm-event=\"customEventSPE\" data-fig-domain=\"LEFIGARO\" rel=\"nofollow noopener\" target=\"_blank\">\u00a0faux conseiller bancaire<\/a>\u00a0qui arnaquait des personnes \u00e2g\u00e9es dans les Bouches-du-Rh\u00f4ne au travers d\u2019un mode op\u00e9ratoire bien huil\u00e9.<\/p>\n<p class=\"fig-paragraph\">Les quatre victimes identifi\u00e9es par les enqu\u00eateurs sont \u00e2g\u00e9es entre 74 et 84 ans, et r\u00e9sident \u00e0 Auriol,\u00a0<a href=\"http:\/\/www.lefigaro.fr\/gastronomie\/de-la-table-provencale-a-la-plus-napolitaine-nos-cinq-restaurants-coups-de-coeur-a-cassis-20250620\" data-fig-type=\"Article\" data-gtm-custom-categorie=\"navigation\" data-gtm-custom-action=\"crossclick\" data-gtm-custom-label=\"Contextuel\" data-gtm-event=\"customEventSPE\" data-fig-domain=\"LEFIGARO\" rel=\"nofollow noopener\" target=\"_blank\">Cassis\u00a0<\/a>ou Aubagne. Les faits se sont d\u00e9roul\u00e9s entre le 7 et le 17 juillet dernier. \u00abCibl\u00e9es par un SMS frauduleux \u00e9voquant un pr\u00e9tendu pr\u00e9l\u00e8vement suspect sur leur compte bancaire, les victimes \u00e9taient ensuite appel\u00e9es par un faux conseiller bancaire se voulant rassurant, \u00e9crit la gendarmerie. Celui-ci les incitait \u00e0 remettre leur carte bancaire, ainsi que leur code, \u00e0 un faux coursier se pr\u00e9sentant \u00e0 leur domicile. Dans un cas, la victime de 80 ans [a remis] \u00e9galement un lingot d\u2019or, 90 pi\u00e8ces de valeur et des bijoux, pour un montant de 207.000 euros.\u00bb<\/p>\n<p>                                    <a class=\"fig-a11y-skip a11y-hidden\" href=\"#fig-a11y-skip-main-inarticle\"><br \/>\n        Passer la publicit\u00e9<br \/>\n    <\/a><\/p>\n<p>Des stup\u00e9fiants chez lui<\/p>\n<p class=\"fig-paragraph\">Les enqu\u00eateurs ont pu mettre en \u00e9vidence que l\u2019escroc avait r\u00e9alis\u00e9 ensuite des achats et des retraits frauduleux, notamment \u00e0 Cassis et dans la zone commerciale de\u00a0<a href=\"http:\/\/www.lefigaro.fr\/marseille\/marseille-la-justice-ordonne-la-fermeture-des-magasins-grand-frais-et-marie-blachere-a-plan-de-campagne-20240513\" data-fig-type=\"NewsFlash\" data-gtm-custom-categorie=\"navigation\" data-gtm-custom-action=\"crossclick\" data-gtm-custom-label=\"Contextuel\" data-gtm-event=\"customEventSPE\" data-fig-domain=\"LEFIGARO\" rel=\"nofollow noopener\" target=\"_blank\">Plan-de-Campagne<\/a>, pour un pr\u00e9judice total avoisinant les 230.000 euros. Le mis en cause, \u00e2g\u00e9 de 22 ans et domicili\u00e9 \u00e0 Marseille, a \u00e9t\u00e9 interpell\u00e9 avec le concours de la police nationale le 24 juillet dernier.<\/p>\n<p class=\"fig-paragraph\">\u00abLes perquisitions ont permis la saisie de plus d\u2019un kilo de produits stup\u00e9fiants, d\u2019une arme de poing, de mat\u00e9riel de conditionnement, de 2440 \u20ac en num\u00e9raire ainsi que du v\u00e9hicule utilis\u00e9\u00bb, pr\u00e9cise la gendarmerie. \u00abLes stup\u00e9fiants ont \u00e9t\u00e9 retrouv\u00e9s dans une valise au domicile o\u00f9 il logeait, rapporte au Figaro le chef d\u2019escadron \u00c9ric Vincent, commandant de la compagnie de gendarmerie d\u2019Aubagne. Cela fait l\u2019objet d\u2019un dossier distinct, mais \u00e7a laisse penser qu\u2019on est dans la criminalit\u00e9 organis\u00e9e avec des gens multicartes qui sont dans diff\u00e9rents r\u00e9seaux.\u00bb<\/p>\n<p class=\"fig-paragraph\">L\u2019escroc a \u00e9t\u00e9 condamn\u00e9 \u00e0 l\u2019issue d\u2019une comparution imm\u00e9diate le 28 juillet dernier \u00e0 quatre ans de prison, dont trois avec un sursis probatoire de deux ans. Il est \u00e9galement contraint d\u2019indemniser les victimes, de travailler et n\u2019a pas le droit de para\u00eetre dans les Bouches-du-Rh\u00f4ne. \u00abIl n\u2019\u00e9tait pas connu sur ce spectre-l\u00e0 mais son niveau de technicit\u00e9 laisse penser qu\u2019il ne s\u2019\u00e9tait pas fait attraper jusque-l\u00e0\u00bb, estime \u00c9ric Vincent. L\u2019ensemble de scell\u00e9s a \u00e9t\u00e9 confisqu\u00e9.<\/p>\n","protected":false},"excerpt":{"rendered":"Un Marseillais de 22 ans a \u00e9t\u00e9 interpell\u00e9 pour avoir escroqu\u00e9 quatre personnes \u00e2g\u00e9es de 74 \u00e0 84&hellip;\n","protected":false},"author":2,"featured_media":306517,"comment_status":"","ping_status":"","sticky":false,"template":"","format":"standard","meta":{"footnotes":""},"categories":[2814],"tags":[1111,11,4282,1052,3513,1777,674,1011,27,884,12,882,25],"class_list":{"0":"post-306516","1":"post","2":"type-post","3":"status-publish","4":"format-standard","5":"has-post-thumbnail","7":"category-marseille","8":"tag-actu","9":"tag-actualites","10":"tag-banques","11":"tag-drogue","12":"tag-escroquerie","13":"tag-eu","14":"tag-europe","15":"tag-fr","16":"tag-france","17":"tag-marseille","18":"tag-news","19":"tag-provence-alpes-cote-dazur","20":"tag-republique-francaise"},"share_on_mastodon":{"url":"https:\/\/pubeurope.com\/@fr\/114996813762443215","error":""},"_links":{"self":[{"href":"https:\/\/www.europesays.com\/fr\/wp-json\/wp\/v2\/posts\/306516","targetHints":{"allow":["GET"]}}],"collection":[{"href":"https:\/\/www.europesays.com\/fr\/wp-json\/wp\/v2\/posts"}],"about":[{"href":"https:\/\/www.europesays.com\/fr\/wp-json\/wp\/v2\/types\/post"}],"author":[{"embeddable":true,"href":"https:\/\/www.europesays.com\/fr\/wp-json\/wp\/v2\/users\/2"}],"replies":[{"embeddable":true,"href":"https:\/\/www.europesays.com\/fr\/wp-json\/wp\/v2\/comments?post=306516"}],"version-history":[{"count":0,"href":"https:\/\/www.europesays.com\/fr\/wp-json\/wp\/v2\/posts\/306516\/revisions"}],"wp:featuredmedia":[{"embeddable":true,"href":"https:\/\/www.europesays.com\/fr\/wp-json\/wp\/v2\/media\/306517"}],"wp:attachment":[{"href":"https:\/\/www.europesays.com\/fr\/wp-json\/wp\/v2\/media?parent=306516"}],"wp:term":[{"taxonomy":"category","embeddable":true,"href":"https:\/\/www.europesays.com\/fr\/wp-json\/wp\/v2\/categories?post=306516"},{"taxonomy":"post_tag","embeddable":true,"href":"https:\/\/www.europesays.com\/fr\/wp-json\/wp\/v2\/tags?post=306516"}],"curies":[{"name":"wp","href":"https:\/\/api.w.org\/{rel}","templated":true}]}}