{"id":306518,"date":"2025-08-09T04:01:18","date_gmt":"2025-08-09T04:01:18","guid":{"rendered":"https:\/\/www.europesays.com\/fr\/306518\/"},"modified":"2025-08-09T04:01:18","modified_gmt":"2025-08-09T04:01:18","slug":"deja-en-2024-une-inspection-avait-revele-leur-presence","status":"publish","type":"post","link":"https:\/\/www.europesays.com\/fr\/306518\/","title":{"rendered":"d\u00e9j\u00e0 en 2024, une inspection avait r\u00e9v\u00e9l\u00e9 leur pr\u00e9sence"},"content":{"rendered":"<p>Les services de l\u2019\u00c9tat savaient qu\u2019il y avait du Fastac, retir\u00e9 du march\u00e9 fran\u00e7ais en 2020, et sans doute d\u2019autres produits interdits en Europe sur le site de l\u2019usine BASF de Genay pr\u00e8s de Lyon. Dat\u00e9 du 5\u00a0ao\u00fbt, un rapport non publi\u00e9 de la Dreal auquel le Progr\u00e8s a pu acc\u00e9der, a r\u00e9v\u00e9l\u00e9 cette pr\u00e9sence \u00e0 hauteur de dix tonnes pour le Fastac et de plusieurs dizaines de tonnes pour d\u2019autres produits contenant de l\u2019alpha-cyperm\u00e9thrine, substance interdite dans toute l\u2019union europ\u00e9enne en 2021.<\/p>\n<p>Mais la pr\u00e9sence de ce produit est av\u00e9r\u00e9e bien avant, par une inspection dat\u00e9e du 13\u00a0f\u00e9vrier 2024 de la\u00a0Direction r\u00e9gionale de l\u2019environnement (DREAL). Lors de cette visite consacr\u00e9e aux risques air et incendie, une inspectrice rel\u00e8ve la pr\u00e9sence de Fastac, mentionn\u00e9e \u00e0 la page\u00a07 de son rapport dat\u00e9 du 15\u00a0f\u00e9vrier. \u00ab\u00a0De fa\u00e7on similaire, elle (l\u2019inspectrice NDLR) a consult\u00e9 la FDS (Fiche de donn\u00e9es de s\u00e9curit\u00e9) de la substance d\u00e9nomm\u00e9e \u00ab\u00a0Fastac\u00ae 100 EC\u00a0\u00bb [\u2026] class\u00e9e notamment liquide inflammable, afin&#8230;<\/p>\n","protected":false},"excerpt":{"rendered":"Les services de l\u2019\u00c9tat savaient qu\u2019il y avait du Fastac, retir\u00e9 du march\u00e9 fran\u00e7ais en 2020, et sans&hellip;\n","protected":false},"author":2,"featured_media":306519,"comment_status":"","ping_status":"","sticky":false,"template":"","format":"standard","meta":{"footnotes":""},"categories":[1889],"tags":[1111,11,2430,3153,436,1777,674,1011,27,13497,2428,12,1800,25,2429],"class_list":{"0":"post-306518","1":"post","2":"type-post","3":"status-publish","4":"format-standard","5":"has-post-thumbnail","7":"category-lyon","8":"tag-actu","9":"tag-actualites","10":"tag-auvergne-rhone-alpes","11":"tag-edition-ouest-lyonnais","12":"tag-environnement","13":"tag-eu","14":"tag-europe","15":"tag-fr","16":"tag-france","17":"tag-genay","18":"tag-lyon","19":"tag-news","20":"tag-pollution","21":"tag-republique-francaise","22":"tag-rhone"},"share_on_mastodon":{"url":"https:\/\/pubeurope.com\/@fr\/114996817997393811","error":""},"_links":{"self":[{"href":"https:\/\/www.europesays.com\/fr\/wp-json\/wp\/v2\/posts\/306518","targetHints":{"allow":["GET"]}}],"collection":[{"href":"https:\/\/www.europesays.com\/fr\/wp-json\/wp\/v2\/posts"}],"about":[{"href":"https:\/\/www.europesays.com\/fr\/wp-json\/wp\/v2\/types\/post"}],"author":[{"embeddable":true,"href":"https:\/\/www.europesays.com\/fr\/wp-json\/wp\/v2\/users\/2"}],"replies":[{"embeddable":true,"href":"https:\/\/www.europesays.com\/fr\/wp-json\/wp\/v2\/comments?post=306518"}],"version-history":[{"count":0,"href":"https:\/\/www.europesays.com\/fr\/wp-json\/wp\/v2\/posts\/306518\/revisions"}],"wp:featuredmedia":[{"embeddable":true,"href":"https:\/\/www.europesays.com\/fr\/wp-json\/wp\/v2\/media\/306519"}],"wp:attachment":[{"href":"https:\/\/www.europesays.com\/fr\/wp-json\/wp\/v2\/media?parent=306518"}],"wp:term":[{"taxonomy":"category","embeddable":true,"href":"https:\/\/www.europesays.com\/fr\/wp-json\/wp\/v2\/categories?post=306518"},{"taxonomy":"post_tag","embeddable":true,"href":"https:\/\/www.europesays.com\/fr\/wp-json\/wp\/v2\/tags?post=306518"}],"curies":[{"name":"wp","href":"https:\/\/api.w.org\/{rel}","templated":true}]}}