{"id":306524,"date":"2025-08-09T04:06:27","date_gmt":"2025-08-09T04:06:27","guid":{"rendered":"https:\/\/www.europesays.com\/fr\/306524\/"},"modified":"2025-08-09T04:06:27","modified_gmt":"2025-08-09T04:06:27","slug":"le-temps-des-privileges-semble-revolu-2","status":"publish","type":"post","link":"https:\/\/www.europesays.com\/fr\/306524\/","title":{"rendered":"\u201cLe temps des privil\u00e8ges semble r\u00e9volu\u201d"},"content":{"rendered":"\n<p>Ainsi, le jeu de ping-pong diplomatique entre Paris et Alger se poursuit. Vingt-quatre heures apr\u00e8s les mesures de r\u00e9torsion d\u00e9cid\u00e9es par Emmanuel Macron \u00e0 l\u2019encontre des autorit\u00e9s alg\u00e9riennes, accus\u00e9es de blocages dans le dossier migratoire et les questions s\u00e9curitaires, l\u2019Alg\u00e9rie r\u00e9agit vigoureusement en adoptant \u00e0 son tour une s\u00e9rie de d\u00e9cisions \u201cpunitives\u201d \u00e0 l\u2019\u00e9gard de la France. Une escalade aux allures de bras de fer diplomatique.<\/p>\n<p>\u00c0 l\u2019origine de cette nouvelle mont\u00e9e des tensions, une lettre adress\u00e9e mercredi [6\u00a0ao\u00fbt] par le pr\u00e9sident fran\u00e7ais, Emmanuel Macron, \u00e0 son Premier ministre, r\u00e9v\u00e9l\u00e9e par <a class=\"ithalc\" data-ithal=\"lien_externe\" data-ithalc=\"[nav_article]\" target=\"_blank\" href=\"https:\/\/www.lefigaro.fr\/politique\/emmanuel-macron-au-figaro-nous-n-avons-pas-d-autre-choix-que-d-adopter-une-approche-de-plus-grande-fermete-avec-l-algerie-20250806\" rel=\"noopener\"><strong>Le Figaro<\/strong><\/a><strong>.<\/strong> Il y annonce la suspension de l\u2019octroi des visas de long s\u00e9jour (type D) aux ressortissants alg\u00e9riens, accompagn\u00e9e du refus syst\u00e9matique des visas de court s\u00e9jour pour les titulaires de passeports diplomatiques et de service.<\/p>\n<p>Dans sa correspondance, le chef de l\u2019\u00c9tat fran\u00e7ais exprime sa \u201cprofonde d\u00e9ception\u201d face \u00e0 ce qu\u2019il qualifie de manque de coop\u00e9ration d\u2019Alger sur des sujets jug\u00e9s sensibles, notamment les reconduites \u00e0 la fronti\u00e8re, la s\u00e9curit\u00e9 r\u00e9gionale et les \u00e9changes consulaires. Un durcissement qui s\u2019inscrit dans une politique migratoire fran\u00e7aise de plus en plus restrictive \u00e0 l\u2019\u00e9gard des pays du Maghreb.<\/p>\n<p>\u00c0\u00a0cela s\u2019ajoute une r\u00e9duction de 30\u00a0% du quota global de visas d\u00e9livr\u00e9s aux Alg\u00e9riens \u2013 une mesure susceptible d\u2019\u00eatre renforc\u00e9e \u00e0 l\u2019avenir. Le ministre des Affaires \u00e9trang\u00e8res, Jean-No\u00ebl Barrot, a \u00e9t\u00e9 charg\u00e9 de transmettre cette d\u00e9cision aux autorit\u00e9s alg\u00e9riennes, tandis que le ministre de l\u2019Int\u00e9rieur, <a href=\"https:\/\/www.courrierinternational.com\/sujet\/bruno-retailleau\" target=\"_blank\" rel=\"noopener\">Bruno Retailleau<\/a>, a re\u00e7u pour mission d\u2019initier une concertation avec les partenaires europ\u00e9ens en vue d\u2019\u00e9tendre ces restrictions \u00e0 l\u2019ensemble de l\u2019espace Schengen.<\/p>\n<p>               <strong>Ripostes alg\u00e9riennes<\/strong>       <\/p>\n<p>D\u00e8s le lendemain, l\u2019Alg\u00e9rie a convoqu\u00e9 le charg\u00e9 d\u2019affaires de l\u2019ambassade de France \u00e0 Alger pour lui notifier une s\u00e9rie de mesures destin\u00e9es \u00e0 r\u00e9tablir ce qu\u2019elle consid\u00e8re comme un d\u00e9s\u00e9quilibre structurel dans les relations bilat\u00e9rales.<\/p>\n<p>La premi\u00e8re d\u00e9cision concerne la fin de la <a href=\"https:\/\/www.courrierinternational.com\/article\/immobilier-l-algerie-menace-de-reevaluer-les-loyers-ridiculement-bas-accordes-a-la-france_228944\" target=\"_blank\" rel=\"noopener\">mise \u00e0 disposition gratuite de biens immobiliers<\/a> de l\u2019\u00c9tat alg\u00e9rien au profit de la diplomatie fran\u00e7aise. En ligne de mire\u00a0: la r\u00e9sidence de l\u2019ambassadeur de France, connue sous le nom de \u201cLes Oliviers\u201d, un domaine de 4\u00a0hectares dans les hauteurs d\u2019Alger, occup\u00e9 depuis 1962 contre un loyer pay\u00e9\u2026 un franc symbolique.<\/p>\n<p>Alger a \u00e9galement annonc\u00e9 la r\u00e9vision des baux \u00e0 loyer tr\u00e8s avantageux concernant soixante et une autres propri\u00e9t\u00e9s occup\u00e9es par la mission diplomatique fran\u00e7aise sur le territoire alg\u00e9rien, dont le si\u00e8ge m\u00eame de l\u2019ambassade, install\u00e9 sur un terrain de plusieurs\u00a0hectares. L\u2019Alg\u00e9rie a invit\u00e9 la partie fran\u00e7aise \u00e0 envoyer une d\u00e9l\u00e9gation pour ren\u00e9gocier ces accords, jusqu\u2019ici jug\u00e9s unilat\u00e9ralement favorables \u00e0 Paris.<\/p>\n<p>Deuxi\u00e8me mesure forte\u00a0: la d\u00e9nonciation de l\u2019accord bilat\u00e9ral de 2013 sur l\u2019exemption de visas pour les d\u00e9tenteurs de passeports diplomatiques et de service. Contrairement \u00e0 la suspension fran\u00e7aise, la d\u00e9cision alg\u00e9rienne est d\u00e9finitive. D\u00e8s \u00e0 pr\u00e9sent, les Fran\u00e7ais concern\u00e9s sont soumis \u00e0 une demande de visa pour acc\u00e9der au territoire alg\u00e9rien. Alger se r\u00e9serve par ailleurs le droit d\u2019appliquer \u00e0 ses propres ressortissants les m\u00eames conditions impos\u00e9es par Paris, au nom du principe de stricte r\u00e9ciprocit\u00e9.<\/p>\n<p>               Une relation d\u00e9sormais structurellement instable       <\/p>\n<p>Ces \u00e9changes de mesures hostiles viennent souligner une relation franco-alg\u00e9rienne structurellement instable, marqu\u00e9e depuis des ann\u00e9es par une alternance de rapprochements symboliques et de crispations profondes. Les autorit\u00e9s alg\u00e9riennes d\u00e9noncent depuis longtemps une s\u00e9rie d\u2019accords d\u00e9s\u00e9quilibr\u00e9s h\u00e9rit\u00e9s de l\u2019apr\u00e8s-ind\u00e9pendance. Parmi eux, l\u2019accord de 1968 sur la circulation des Alg\u00e9riens en France, r\u00e9guli\u00e8rement contest\u00e9 par certains responsables politiques fran\u00e7ais, mais toujours en vigueur.<\/p>\n<p>Alger rappelle que cette main-d\u2019\u0153uvre a contribu\u00e9 \u00e0 la reconstruction et au d\u00e9veloppement de la France. De m\u00eame, l\u2019accord de coop\u00e9ration de 1994, notamment dans les domaines commercial et \u00e9conomique, est per\u00e7u comme avantageux surtout pour les entreprises fran\u00e7aises, au d\u00e9triment des int\u00e9r\u00eats alg\u00e9riens.<\/p>\n<p>Si les deux capitales \u00e9vitent pour l\u2019instant une rupture officielle des relations, les actions entreprises de part et d\u2019autre t\u00e9moignent d\u2019une phase de durcissement sans pr\u00e9c\u00e9dent depuis, au moins, l\u2019accession d\u2019Abdelmadjid Tebboune au pouvoir. Le climat de m\u00e9fiance s\u2019installe, et les dossiers sensibles \u2013 comme celui de la m\u00e9moire coloniale, de la mobilit\u00e9 des personnes ou des int\u00e9r\u00eats \u00e9conomiques \u2013 semblent aujourd\u2019hui englu\u00e9s dans une logique de confrontation.<\/p>\n<p>Derri\u00e8re les d\u00e9cisions administratives et les gestes symboliques, c\u2019est une reconfiguration du partenariat franco-alg\u00e9rien qui se dessine, port\u00e9e par des revendications alg\u00e9riennes de souverainet\u00e9 pleine et d\u2019\u00e9galit\u00e9 dans les rapports bilat\u00e9raux. \u00c0 Paris comme \u00e0 Alger, le temps des privil\u00e8ges semble r\u00e9volu.<\/p>\n","protected":false},"excerpt":{"rendered":"Ainsi, le jeu de ping-pong diplomatique entre Paris et Alger se poursuit. Vingt-quatre heures apr\u00e8s les mesures de&hellip;\n","protected":false},"author":2,"featured_media":306525,"comment_status":"","ping_status":"","sticky":false,"template":"","format":"standard","meta":{"footnotes":""},"categories":[1888],"tags":[3185,1111,1928,11,1927,879,23240,1073,1777,674,1011,27,1892,3821,12,1926,626,1925,25,3187],"class_list":{"0":"post-306524","1":"post","2":"type-post","3":"status-publish","4":"format-standard","5":"has-post-thumbnail","7":"category-paris","8":"tag-abdelmadjid-tebboune","9":"tag-actu","10":"tag-actu-paris","11":"tag-actualites","12":"tag-actualites-paris","13":"tag-afrique","14":"tag-algu00e9rie","15":"tag-emmanuel-macron","16":"tag-eu","17":"tag-europe","18":"tag-fr","19":"tag-france","20":"tag-gu00e9opolitique","21":"tag-la-france-vue-de-lu2019u00e9tranger","22":"tag-news","23":"tag-news-paris","24":"tag-paris","25":"tag-paris-news","26":"tag-republique-francaise","27":"tag-tensions-france-algu00e9rie"},"share_on_mastodon":{"url":"https:\/\/pubeurope.com\/@fr\/114996837384851361","error":""},"_links":{"self":[{"href":"https:\/\/www.europesays.com\/fr\/wp-json\/wp\/v2\/posts\/306524","targetHints":{"allow":["GET"]}}],"collection":[{"href":"https:\/\/www.europesays.com\/fr\/wp-json\/wp\/v2\/posts"}],"about":[{"href":"https:\/\/www.europesays.com\/fr\/wp-json\/wp\/v2\/types\/post"}],"author":[{"embeddable":true,"href":"https:\/\/www.europesays.com\/fr\/wp-json\/wp\/v2\/users\/2"}],"replies":[{"embeddable":true,"href":"https:\/\/www.europesays.com\/fr\/wp-json\/wp\/v2\/comments?post=306524"}],"version-history":[{"count":0,"href":"https:\/\/www.europesays.com\/fr\/wp-json\/wp\/v2\/posts\/306524\/revisions"}],"wp:featuredmedia":[{"embeddable":true,"href":"https:\/\/www.europesays.com\/fr\/wp-json\/wp\/v2\/media\/306525"}],"wp:attachment":[{"href":"https:\/\/www.europesays.com\/fr\/wp-json\/wp\/v2\/media?parent=306524"}],"wp:term":[{"taxonomy":"category","embeddable":true,"href":"https:\/\/www.europesays.com\/fr\/wp-json\/wp\/v2\/categories?post=306524"},{"taxonomy":"post_tag","embeddable":true,"href":"https:\/\/www.europesays.com\/fr\/wp-json\/wp\/v2\/tags?post=306524"}],"curies":[{"name":"wp","href":"https:\/\/api.w.org\/{rel}","templated":true}]}}