{"id":306526,"date":"2025-08-09T04:07:30","date_gmt":"2025-08-09T04:07:30","guid":{"rendered":"https:\/\/www.europesays.com\/fr\/306526\/"},"modified":"2025-08-09T04:07:30","modified_gmt":"2025-08-09T04:07:30","slug":"les-6-meilleures-expositions-a-voir-en-nocturne-cet-ete-a-paris","status":"publish","type":"post","link":"https:\/\/www.europesays.com\/fr\/306526\/","title":{"rendered":"Les 6 meilleures expositions \u00e0 voir en nocturne cet \u00e9t\u00e9 \u00e0 Paris"},"content":{"rendered":"<p>C\u2019est l\u2019\u00e9t\u00e9 \u00e0 Paris, et si les jours s\u2019allongent, les journ\u00e9es de travail, elles,\u00a0ont plut\u00f4t tendance \u00e0 se raccourcir\u00a0(du moins, on vous le souhaite). L\u2019occasion parfaite d\u2019aller visiter les <a href=\"https:\/\/www.timeout.fr\/paris\/culture\" target=\"_blank\" rel=\"noopener\">expositions<\/a> dont tout le monde parle &#8211; celles que vous n\u2019avez jamais eu le temps d\u2019explorer pendant l\u2019ann\u00e9e &#8211; \u00e0 la faveur de nocturnes organis\u00e9es chaque semaine. Il y a, bien s\u00fbr,\u00a0le Palais de Tokyo, ouvert tous les jours jusqu\u2019\u00e0 minuit (sauf les mardis). Mais aussi tout un tas de rendez-vous plus ponctuels, entre le Palais Galliera et le Jeu de Paume, qu\u2019on vous a list\u00e9 ici. Mode, photographie, art contemporain\u2026 On vous laisse le soin de trouver o\u00f9 aller d\u00eener apr\u00e8s.\u00a0<\/p>\n<p><img decoding=\"async\" id=\"68ee6d89-18a0-906d-2ad5-d8b454af3da7\" class=\"photo lazy inline\" loading=\"lazy\" data-component=\"lazy-embed\" src=\"https:\/\/www.europesays.com\/fr\/wp-content\/uploads\/2025\/08\/1754712445_823_image.webp.webp\" alt=\"\u201cRick Owens - Temple of Love\u201d au Palais Galliera\" data-caption=\"\" data-credit=\" RIZZOLI RICK OWENS TEMPLE OF LOVE BOOK COVER. \u00a9 OWENSCORP\" data-width-class=\"\" data-image-id=\"106290140\"\/>&#13;<br \/>\nRIZZOLI RICK OWENS TEMPLE OF LOVE BOOK COVER. \u00a9 OWENSCORP&#13;<\/p>\n<p><strong>Nocturnes les vendredis jusqu\u2019\u00e0 21h\u00a0<\/strong><\/p>\n<p>Rick Owens fait partie des rares cr\u00e9ateurs ind\u00e9pendants \u00e0 conjuguer reconnaissance critique et succ\u00e8s commercial dans une industrie largement domin\u00e9e par les g\u00e9ants du luxe. Mais il est surtout l\u2019un des stylistes les plus singuliers de sa g\u00e9n\u00e9ration ; voire de toute l\u2019histoire de la mode. Avec \u00ab Temple of Love \u00bb, le Palais Galliera plonge dans l\u2019univers singulier de Rick Owens, cr\u00e9ateur d\u2019une beaut\u00e9 et d\u2019une mode hors normes.\u00a0<\/p>\n<p><img decoding=\"async\" id=\"90376682-c19d-06be-322d-620579c0c7d8\" class=\"photo lazy inline\" loading=\"lazy\" data-component=\"lazy-embed\" src=\"https:\/\/www.europesays.com\/fr\/wp-content\/uploads\/2025\/08\/1754712447_282_image.webp.webp\" alt=\"Les fr\u00e8res, rue du Docteur Lecene, Paris 1934\" data-caption=\"Robert Doisneau, Instants donn\u00e9s, au mus\u00e9e Maillol\" data-credit=\"\u00a9 Robert Doisneau, Instants donn\u00e9s, au mus\u00e9e Maillol\" data-width-class=\"\" data-image-id=\"106266050\"\/>&#13;<br \/>\n\u00a9 Robert Doisneau, Instants donn\u00e9s, au mus\u00e9e MaillolRobert Doisneau, Instants donn\u00e9s, au mus\u00e9e Maillol&#13;<\/p>\n<p><strong>Nocturnes les mercredis jusqu\u2019\u00e0 22h\u00a0<\/strong><\/p>\n<p>Chef de file de la photographie humaniste, Robert Doisneau est tr\u00e8s probablement le photographe fran\u00e7ais le plus connu au monde : selon sa fille Francine, l\u2019Atelier Robert Doisneau et son fonds de 450 000 n\u00e9gatifs ont contribu\u00e9 \u00e0 158 expositions depuis son d\u00e9c\u00e8s en 1994. Un chiffre impressionnant qui t\u00e9moigne d\u2019une appr\u00e9ciation quasi universelle, mais qui sous-entendrait presque que tout a \u00e9t\u00e9 vu et dit sur l\u2019auteur de l\u2019incontournable Baiser de l\u2019H\u00f4tel de Ville. Pourtant, la nouvelle exposition que l\u2019on peut voir au mus\u00e9e Maillol jusqu\u2019au 12 octobre \u2013 apr\u00e8s deux ans de pr\u00e9paration et l\u2019aide de ses deux filles, Francine Deroudille et Annette Doisneau \u2013 a pour ambition de faire passer quelque chose au-del\u00e0 des images : \u201cune mani\u00e8re de regarder les autres\u201d.<\/p>\n<p><img decoding=\"async\" id=\"26f47f9e-35ce-d988-3df3-86a621ee30a9\" class=\"photo lazy inline\" loading=\"lazy\" data-component=\"lazy-embed\" src=\"https:\/\/www.europesays.com\/fr\/wp-content\/uploads\/2025\/08\/1754712448_455_image.webp.webp\" alt=\"En 2025, une expo \u00e9v\u00e9nement ram\u00e8ne une partie du mur de Berlin \u00e0 Paris\" data-caption=\"\" data-credit=\"Patrick PIEL\/GAMMA RAPHO\" data-width-class=\"\" data-image-id=\"106225911\"\/>&#13;<br \/>\nPatrick PIEL\/GAMMA RAPHO&#13;<\/p>\n<p><strong>Nocturnes les jeudis jusqu\u2019\u00e0 21h\u00a0<\/strong><\/p>\n<p>La Cit\u00e9 de l\u2019architecture (re)fait le mur \u00e0 Paris. Depuis mai 2025, l\u2019institution accueille Le mur de Berlin. Un monde divis\u00e9, une exposition b\u00e9ton, produite par Musealia dans le monde entier pour raconter pr\u00e8s de trois d\u00e9cennies de division, mat\u00e9rialis\u00e9s par les 155 km de mur qui ont s\u00e9par\u00e9 Berlin-Est de Berlin-Ouest (ou l\u2019id\u00e9ologie sovi\u00e9tique de l\u2019id\u00e9ologie capitaliste) d\u00e8s 1961. Pour entrer de plain-pied dans le sujet, \u00ab Le Mur de Berlin &#8211; Un monde divis\u00e9 \u00bb s\u2019ouvre sur plus de 10 m\u00e8tres de fragments originaux du mur, avant de pr\u00e9senter des centaines d\u2019objets et t\u00e9moignages comme autant de points de contact avec cette \u00e9poque.<\/p>\n<p><img decoding=\"async\" id=\"b082c1fa-6f73-5663-43d7-e44a97597c66\" class=\"photo lazy inline\" loading=\"lazy\" data-component=\"lazy-embed\" src=\"https:\/\/www.europesays.com\/fr\/wp-content\/uploads\/2025\/08\/1754712450_711_image.webp.webp\" alt=\"Erik Bullot, Cin\u00e9ma vivant 2024 Tirages num\u00e9riques de 12 images g\u00e9n\u00e9r\u00e9es par le mod\u00e8le de diffusion Lexica, 40 \u00d7 45 cm chacun Avec le soutien du Jeu de Paume, Paris \u00a9 Erik Bullot\" data-caption=\"\" data-credit=\"Erik Bullot, Cin\u00e9ma vivant 2024 Tirages num\u00e9riques de 12 images g\u00e9n\u00e9r\u00e9es par le mod\u00e8le de diffusion Lexica, 40 \u00d7 45 cm chacun Avec le soutien du Jeu de Paume, Paris \u00a9 Erik Bullot\" data-width-class=\"\" data-image-id=\"106304862\"\/>&#13;<br \/>\nErik Bullot, Cin\u00e9ma vivant 2024 Tirages num\u00e9riques de 12 images g\u00e9n\u00e9r\u00e9es par le mod\u00e8le de diffusion Lexica, 40 \u00d7 45 cm chacun Avec le soutien du Jeu de Paume, Paris \u00a9 Erik Bullot&#13;<\/p>\n<p><strong>Le monde selon l\u2019IA, au Jeu de Paume<\/strong><\/p>\n<p><strong>Nocturnes les mardis jusqu\u2019\u00e0 21h\u00a0<\/strong><\/p>\n<p>Loin des images tant\u00f4t dr\u00f4les, tant\u00f4t fantasmagoriques (sinon compl\u00e8tement flippantes) qui circulent \u00e0 l\u2019envi sur nos \u00e9crans, les \u0153uvres qui peuplent ce \u00ab monde selon l\u2019IA \u00bb, au Jeu de Paume, s\u2019int\u00e9ressent davantage \u00e0 ce que leur \u00e9laboration sous-tend. En travaillant main dans la main avec la technologie, les quelque 40 artistes contemporains ici expos\u00e9s en d\u00e9c\u00e8lent (et nous r\u00e9v\u00e8lent) les m\u00e9canismes et les implications. Des enjeux sociaux, industriels, \u00e9thiques et esth\u00e9tiques\u2026 Qui nous permettent de mieux comprendre notre monde, maintenant que l\u2019intelligence artificielle est en passe de devenir l\u2019un de ses protagonistes.\u00a0<\/p>\n<p><strong>Paul Poiret, la mode est une f\u00eate, au mus\u00e9e des Arts d\u00e9coratifs\u00a0<\/strong><\/p>\n<p><strong>Nocturnes les jeudis jusqu\u2019\u00e0 20h\u00a0<\/strong><\/p>\n<p>Paris, au d\u00e9but du XXe si\u00e8cle. C\u2019est la naissance et l\u2019\u00e9panouissement du fauvisme, le temps est \u00e0 la f\u00eate, et un certain Paul Poiret, couturier, est pr\u00eat \u00e0 tout pour embrasser la modernit\u00e9. Grand voyageur, amateur d\u2019art, le designer est notamment le premier \u00e0 s\u2019associer \u00e0 des artistes (comme Raoul Dufy) pour imaginer ses pi\u00e8ces. Dans cette exposition, qui pr\u00e9sente aussi bien son travail que ses inspirations (et plus d\u2019un aspect de sa vie priv\u00e9e) c\u2019est tout un monde qui s\u2019ouvre au visiteur. A d\u00e9couvrir absolument !\u00a0<\/p>\n<p><img decoding=\"async\" id=\"2f11d309-b87d-eba6-7bdf-33b17a3cc4a7\" class=\"photo lazy inline\" loading=\"lazy\" data-component=\"lazy-embed\" src=\"https:\/\/www.europesays.com\/fr\/wp-content\/uploads\/2025\/08\/1754712450_942_image.webp.webp\" alt=\"Vue de l\u2019exposition \u00ab Corps et \u00e2mes \u00bb, Bourse de Commerce \u2013 Pinault Collection, Paris, 2025. Oeuvres de Lynette Yiadom-Boakye. Photo : Nicolas Brasseur \/ Pinault Collection.\" data-caption=\"\" data-credit=\"Vue de l\u2019exposition \u00ab Corps et \u00e2mes \u00bb, Bourse de Commerce \u2013 Pinault Collection, Paris, 2025. Oeuvres de Lynette Yiadom-Boakye. Photo : Nicolas Brasseur \/ Pinault Collection.\" data-width-class=\"\" data-image-id=\"106303712\"\/>&#13;<br \/>\nVue de l\u2019exposition \u00ab Corps et \u00e2mes \u00bb, Bourse de Commerce \u2013 Pinault Collection, Paris, 2025. Oeuvres de Lynette Yiadom-Boakye. Photo : Nicolas Brasseur \/ Pinault Collection.&#13;<\/p>\n<p><strong>Corps et \u00e2mes, \u00e0 la Bourse de Commerce\u00a0<\/strong><\/p>\n<p><strong>Nocturnes les vendredis jusqu\u2019\u00e0 21h\u00a0<\/strong><\/p>\n<p>Pour sa saison 2025, de f\u00e9vrier \u00e0 ao\u00fbt, la Bourse de Commerce r\u00e9unit une quarantaine d\u2019artistes phares de l\u2019art moderne et contemporain d\u00e9vor\u00e9s par une m\u00eame obsession : le corps et sa repr\u00e9sentation, voire son \u00e9mancipation, gr\u00e2ce \u00e0 l\u2019art. Dans une vaste exposition aux multiples facettes \u2013 boule disco incluse \u2013 intitul\u00e9e \u00ab\u00a0Corps et \u00e2mes\u00a0\u00bb, on chemine au milieu d&rsquo;une centaine d&rsquo;\u0153uvres : photographies, peintures, sculptures, vid\u00e9os\u2026 Notre v\u00e9hicule terrestre y est pr\u00e9sent\u00e9 comme un objet politique, avec une bonne place accord\u00e9e au tournant des ann\u00e9es 1960, entre r\u00e9volution sexuelle et mouvements f\u00e9ministes, antimilitaristes et antiracistes. Mais aussi comme une voie d\u2019acc\u00e8s au spirituel, l\u2019enveloppe charnelle devenant une incarnation de l\u2019\u00e2me.<\/p>\n","protected":false},"excerpt":{"rendered":"C\u2019est l\u2019\u00e9t\u00e9 \u00e0 Paris, et si les jours s\u2019allongent, les journ\u00e9es de travail, elles,\u00a0ont plut\u00f4t tendance \u00e0 se&hellip;\n","protected":false},"author":2,"featured_media":306527,"comment_status":"","ping_status":"","sticky":false,"template":"","format":"standard","meta":{"footnotes":""},"categories":[1888],"tags":[11,19909,3734,19908,1777,674,1011,27,12,626,25],"class_list":{"0":"post-306526","1":"post","2":"type-post","3":"status-publish","4":"format-standard","5":"has-post-thumbnail","7":"category-paris","8":"tag-actualites","9":"tag-actualites-art","10":"tag-art","11":"tag-categories-art","12":"tag-eu","13":"tag-europe","14":"tag-fr","15":"tag-france","16":"tag-news","17":"tag-paris","18":"tag-republique-francaise"},"share_on_mastodon":{"url":"https:\/\/pubeurope.com\/@fr\/114996841365971110","error":""},"_links":{"self":[{"href":"https:\/\/www.europesays.com\/fr\/wp-json\/wp\/v2\/posts\/306526","targetHints":{"allow":["GET"]}}],"collection":[{"href":"https:\/\/www.europesays.com\/fr\/wp-json\/wp\/v2\/posts"}],"about":[{"href":"https:\/\/www.europesays.com\/fr\/wp-json\/wp\/v2\/types\/post"}],"author":[{"embeddable":true,"href":"https:\/\/www.europesays.com\/fr\/wp-json\/wp\/v2\/users\/2"}],"replies":[{"embeddable":true,"href":"https:\/\/www.europesays.com\/fr\/wp-json\/wp\/v2\/comments?post=306526"}],"version-history":[{"count":0,"href":"https:\/\/www.europesays.com\/fr\/wp-json\/wp\/v2\/posts\/306526\/revisions"}],"wp:featuredmedia":[{"embeddable":true,"href":"https:\/\/www.europesays.com\/fr\/wp-json\/wp\/v2\/media\/306527"}],"wp:attachment":[{"href":"https:\/\/www.europesays.com\/fr\/wp-json\/wp\/v2\/media?parent=306526"}],"wp:term":[{"taxonomy":"category","embeddable":true,"href":"https:\/\/www.europesays.com\/fr\/wp-json\/wp\/v2\/categories?post=306526"},{"taxonomy":"post_tag","embeddable":true,"href":"https:\/\/www.europesays.com\/fr\/wp-json\/wp\/v2\/tags?post=306526"}],"curies":[{"name":"wp","href":"https:\/\/api.w.org\/{rel}","templated":true}]}}