{"id":306530,"date":"2025-08-09T04:09:13","date_gmt":"2025-08-09T04:09:13","guid":{"rendered":"https:\/\/www.europesays.com\/fr\/306530\/"},"modified":"2025-08-09T04:09:13","modified_gmt":"2025-08-09T04:09:13","slug":"cinq-ans-apres-la-crise-postelectorale-lopposition-en-exil-ne-baisse-pas-les-bras","status":"publish","type":"post","link":"https:\/\/www.europesays.com\/fr\/306530\/","title":{"rendered":"cinq ans apr\u00e8s la crise post\u00e9lectorale, l\u2019opposition en exil ne baisse pas les bras"},"content":{"rendered":"<p>Des manifestations comm\u00e9morant la pr\u00e9sidentielle contest\u00e9e du 9 ao\u00fbt 2020 sont organis\u00e9es samedi \u00e0 travers le monde par l\u2019opposition en exil, sous le patronage de Svetlana Tikhanovska\u00efa.<\/p>\n<p class=\"fig-paragraph\">Le 9 ao\u00fbt 2020, il y a cinq ans jour pour jour, se d\u00e9roulait en\u00a0<a href=\"http:\/\/www.lefigaro.fr\/flash-actu\/guerre-en-ukraine-la-russie-et-la-bielorussie-exclues-de-la-hausse-americaine-des-tarifs-douaniers-20250403\" target=\"_blank\" data-fig-type=\"NewsFlash\" rel=\"noopener\" data-gtm-custom-categorie=\"navigation\" data-gtm-custom-action=\"crossclick\" data-gtm-custom-label=\"Contextuel\" data-gtm-event=\"customEventSPE\" data-fig-domain=\"LEFIGARO\">Bi\u00e9lorussie<\/a>\u00a0une \u00e9lection pr\u00e9sidentielle qui allait ouvrir une crise politique majeure.\u00a0<a href=\"http:\/\/www.lefigaro.fr\/international\/de-femme-au-foyer-a-ennemi-public-numero-un-la-trajectoire-hors-norme-de-l-opposante-bielorusse-svetlana-tikhanovskaia-20230117\" target=\"_blank\" data-fig-type=\"Article\" rel=\"noopener\" data-gtm-custom-categorie=\"navigation\" data-gtm-custom-action=\"crossclick\" data-gtm-custom-label=\"Contextuel\" data-gtm-event=\"customEventSPE\" data-fig-domain=\"LEFIGARO\">Svetlana Tikhanovska\u00efa<\/a>, cheffe de l\u2019opposition en exil r\u00e9fugi\u00e9e en Lituanie, appelle \u00e0 comm\u00e9morer ces \u00e9v\u00e9nements par plusieurs rassemblements \u00e0 travers le monde. Elle avait \u00e0 l\u2019\u00e9poque revendiqu\u00e9 la victoire et avait d\u00fb fuir la r\u00e9pression dans son pays. Le refus d\u2019<a href=\"http:\/\/www.lefigaro.fr\/international\/bielorussie-alexandre-loukachenko-conforte-sa-mainmise-sur-la-derniere-dictature-d-europe-20250126\" target=\"_blank\" data-fig-type=\"Article\" rel=\"noopener\" data-gtm-custom-categorie=\"navigation\" data-gtm-custom-action=\"crossclick\" data-gtm-custom-label=\"Contextuel\" data-gtm-event=\"customEventSPE\" data-fig-domain=\"LEFIGARO\">Alexandre Loukachenko<\/a>, l\u2019autocrate qui dirige le pays depuis 1994, de c\u00e9der le pouvoir, avait entra\u00een\u00e9 une vague massive de protestation dans le pays, r\u00e9prim\u00e9e dans la violence. Pour marquer cet anniversaire, l\u2019opposition en exil organise des manifestations de soutien aux prisonniers politiques et contre le r\u00e9gime autoritaire de Loukachenko. L\u2019occasion de faire le bilan de cette lutte, tr\u00e8s li\u00e9e au conflit en Ukraine, contre un r\u00e9gime de plus en plus vassalis\u00e9 par le Kremlin.<\/p>\n<p class=\"fig-paragraph\">Depuis son exil, Svetlana Tikhanovska\u00efa a construit un r\u00e9seau diplomatique au nom de la Bi\u00e9lorussie d\u00e9mocratique\u2026<\/p>\n<p class=\"fig-premium-paywall__infos\">\n        Cet article est r\u00e9serv\u00e9 aux abonn\u00e9s.        Il vous reste 85% \u00e0 d\u00e9couvrir.\n    <\/p>\n<p>                <img  data- alt=\"Le Figaro\" class=\"fig-img--complete fig-img\"\/><\/p>\n<p class=\"fig-premium-paywall__title\">Vous avez envie de lire la suite ?<\/p>\n<p class=\"fig-premium-paywall__subtitle\">D\u00e9bloquez tous les articles imm\u00e9diatement.<\/p>\n<p class=\"fig-premium-paywall__connect\">\n                D\u00e9j\u00e0 abonn\u00e9\u00a0?                <a class=\"fig-premium-paywall__connect-link\" href=\"https:\/\/connect.lefigaro.fr\/login?client=horizon_web&amp;type=main&amp;redirect_uri=https%3A%2F%2Fwww.lefigaro.fr%2Finternational%2Fbielorussie-cinq-ans-apres-la-crise-postelectorale-l-opposition-en-exil-ne-baisse-pas-les-bras-20250809\" data-js-gtm=\"{&quot;customCategorie&quot;: &quot;conversion&quot;, &quot;customAction&quot;: &quot;before_Landing_Connexion_paywall_auto&quot;, &quot;customLabel&quot;: &quot;bGVmaWdhcm8uZnJfXzFmMDc0NjY1LTUyMmItNjJjYy05ODMxLTAxNDYxMzk1MWQxNl9fQXJ0aWNsZQ==_Bi\u00e9lorussie\u00a0: cinq ans apr\u00e8s la crise post\u00e9lectorale, l\u2019opposition en exil ne baisse pas les bras_105&quot;, &quot;customIDSPE&quot;: &quot;bGVmaWdhcm8uZnJfXzFmMDc0NjY1LTUyMmItNjJjYy05ODMxLTAxNDYxMzk1MWQxNl9fQXJ0aWNsZQ==&quot;, &quot;event&quot;: &quot;customEventSPE&quot;}\" target=\"_blank\" rel=\"noopener\"><br \/>\n                    Connectez-vous<br \/>\n                <\/a>\n            <\/p>\n","protected":false},"excerpt":{"rendered":"Des manifestations comm\u00e9morant la pr\u00e9sidentielle contest\u00e9e du 9 ao\u00fbt 2020 sont organis\u00e9es samedi \u00e0 travers le monde par&hellip;\n","protected":false},"author":2,"featured_media":306531,"comment_status":"","ping_status":"","sticky":false,"template":"","format":"standard","meta":{"footnotes":""},"categories":[1591],"tags":[11,44715,17059,1887,12,1885,1886,132,44716,135],"class_list":{"0":"post-306530","1":"post","2":"type-post","3":"status-publish","4":"format-standard","5":"has-post-thumbnail","7":"category-russie","8":"tag-actualites","9":"tag-alexandre-loukachenko","10":"tag-bielorussie","11":"tag-federation-de-russie","12":"tag-news","13":"tag-russia","14":"tag-russian-federation","15":"tag-russie","16":"tag-svetlana-tikhanovksaia","17":"tag-vladimir-poutine"},"share_on_mastodon":{"url":"https:\/\/pubeurope.com\/@fr\/114996849384278478","error":""},"_links":{"self":[{"href":"https:\/\/www.europesays.com\/fr\/wp-json\/wp\/v2\/posts\/306530","targetHints":{"allow":["GET"]}}],"collection":[{"href":"https:\/\/www.europesays.com\/fr\/wp-json\/wp\/v2\/posts"}],"about":[{"href":"https:\/\/www.europesays.com\/fr\/wp-json\/wp\/v2\/types\/post"}],"author":[{"embeddable":true,"href":"https:\/\/www.europesays.com\/fr\/wp-json\/wp\/v2\/users\/2"}],"replies":[{"embeddable":true,"href":"https:\/\/www.europesays.com\/fr\/wp-json\/wp\/v2\/comments?post=306530"}],"version-history":[{"count":0,"href":"https:\/\/www.europesays.com\/fr\/wp-json\/wp\/v2\/posts\/306530\/revisions"}],"wp:featuredmedia":[{"embeddable":true,"href":"https:\/\/www.europesays.com\/fr\/wp-json\/wp\/v2\/media\/306531"}],"wp:attachment":[{"href":"https:\/\/www.europesays.com\/fr\/wp-json\/wp\/v2\/media?parent=306530"}],"wp:term":[{"taxonomy":"category","embeddable":true,"href":"https:\/\/www.europesays.com\/fr\/wp-json\/wp\/v2\/categories?post=306530"},{"taxonomy":"post_tag","embeddable":true,"href":"https:\/\/www.europesays.com\/fr\/wp-json\/wp\/v2\/tags?post=306530"}],"curies":[{"name":"wp","href":"https:\/\/api.w.org\/{rel}","templated":true}]}}