{"id":306534,"date":"2025-08-09T04:11:09","date_gmt":"2025-08-09T04:11:09","guid":{"rendered":"https:\/\/www.europesays.com\/fr\/306534\/"},"modified":"2025-08-09T04:11:09","modified_gmt":"2025-08-09T04:11:09","slug":"les-usa-elimines-de-la-coupe-du-monde-2026","status":"publish","type":"post","link":"https:\/\/www.europesays.com\/fr\/306534\/","title":{"rendered":"Les USA \u00e9limin\u00e9s de la Coupe du monde 2026 ?"},"content":{"rendered":"<p><strong>L\u2019\u00e9quipe nationale des<br \/>\nEtats-Unis, emmen\u00e9e Timothy Weah, fera partie des t\u00eates de s\u00e9rie du<br \/>\ntirage au sort de la Coupe du monde 2026 en tant que pays h\u00f4te.<br \/>\nMais Team USA n\u2019a pas l\u2019assurance d\u2019avoir un groupe facile, loin de<br \/>\nl\u00e0.<\/strong><\/p>\n<p>\u00ab Mes objectifs sont un peu haut en s\u00e9lection, parce qu\u2019on<br \/>\nsait qu\u2019il y a la Coupe du monde qui arrive et c\u2019est chez moi. Je<br \/>\nsuis un joueur tr\u00e8s important pour mon \u00e9quipe nationale aujourd\u2019hui<br \/>\net je dois travailler dur durant la saison pour \u00eatre en forme pour<br \/>\nla Coupe du monde. J\u2019esp\u00e8re, avec la gr\u00e2ce de Dieu, jouer une<br \/>\ndeuxi\u00e8me Coupe du monde, c\u2019est \u00e7a le but \u00bb. Timothy Weah l\u2019a<br \/>\naffirm\u00e9 lors de sa pr\u00e9sentation \u00e0 la presse \u00e0 l\u2019OM, il veut gagner<br \/>\ndes titres avec son nouveau club et r\u00e9aliser une grande Coupe du<br \/>\nmonde 2026 avec les Etats-Unis.<\/p>\n<p>Fils de George Weah, Ballon d\u2019Or 1995 venu du Liberia puis<br \/>\npr\u00e9sident de son pays, Timothy est natif de New York, d\u2019une<br \/>\njama\u00efcaine qui y \u00e9tait install\u00e9e. Il a grandi dans la Big Apple<br \/>\nainsi qu\u2019en Floride. C\u2019est \u00e0 14 ans qu\u2019il a cherch\u00e9 \u00e0 rejoindre un<br \/>\ncentre de formation en Europe et a ainsi int\u00e9gr\u00e9 l\u2019academy<br \/>\ndu PSG. Devenu joueur professionnel chez les Rouge et Bleu, il a<br \/>\n\u00e9t\u00e9 lanc\u00e9 en s\u00e9lection \u00e9tatsunienne d\u00e8s l\u2019\u00e2ge de 18 ans, en 2018,<br \/>\net compte d\u00e9j\u00e0 44 matches (pour sept buts) \u00e0 25 ans.<\/p>\n<blockquote class=\"twitter-tweet\"><p><a class=\"twitter-link\" rel=\"noindex, nofollow noopener\" href=\"https:\/\/twitter.com\/OM_Officiel\/status\/1953375782417412253\" target=\"_blank\"><\/p><\/blockquote>\n<p>Pour le premier buteur de Team USA \u00e0 la Coupe du monde 2022 au<br \/>\nQatar (1-1 contre Galles), le pays h\u00f4te de la World Cup 26, avec le<br \/>\nCanada et le Mexique, doit aller le plus loin possible. Ce ne sera<br \/>\npas facile pour cette formation dirig\u00e9e par Mauricio Pochettino qui<br \/>\nne brille ni dans le jeu ni dans les r\u00e9sultats. Avec leurs joueurs<br \/>\nd\u2019Europe (Tanner Tessmann, Weston McKennie et Christian Pulisic<br \/>\navec Weah), les Etats-Unis restent sur des d\u00e9faites contre le<br \/>\nCanada et le Panama en Ligue des nations de la Concacaf.<\/p>\n<p>Les Etats-Unis avec deux Europ\u00e9ens ?<\/p>\n<p>Lors du tirage au sort de la phase de groupes (12 poules de<br \/>\nquatre), le 5 d\u00e9cembre prochain \u00e0 Las Vegas, l\u2019USMNT (US Soccer<br \/>\nMen\u2019s National Team, le vrai surnom de l\u2019\u00e9quipe) sera prot\u00e9g\u00e9e en<br \/>\nfaisant partie du chapeau des t\u00eates de s\u00e9rie. Les Am\u00e9ricains ne<br \/>\npourront pas affronter les deux autres nations h\u00f4tes, ainsi que les<br \/>\nhuit meilleures s\u00e9lections mondiales, \u00e0 savoir l\u2019Argentine,<br \/>\nl\u2019Espagne, la France, l\u2019Angleterre, le Br\u00e9sil, le Portugal, les<br \/>\nPays-Bas, la Belgique et l\u2019Allemagne (si tout le monde se<br \/>\nqualifie).<\/p>\n<p>Sauf que les Etats-Unis ont ensuite des chances de tirer deux<br \/>\n\u00e9quipes europ\u00e9ennes (seules les s\u00e9lections du Vieux Continent<br \/>\npeuvent \u00eatre en double dans un groupe). On pourrait retrouver la<br \/>\nCroatie, la Suisse, le Danemark et l\u2019Autriche dans le chapeau 2,<br \/>\nainsi que l\u2019Italie, la Gr\u00e8ce, la Serbie et la Turquie dans le<br \/>\nchapeau 4, en tant que vainqueurs des barrages europ\u00e9ens (selon les<br \/>\nprojections du compte X Football meets data). Un groupe<br \/>\ndifficile est largement possible pour les USA \u00e0 ce <a href=\"https:\/\/www.football.fr\/coupe-du-monde-2026\" rel=\"nofollow noopener\" target=\"_blank\">Mondial<\/a>, car il<br \/>\nfaudra aussi \u00e9viter les meilleures \u00e9quipes d\u2019Afrique et les autres<br \/>\nqualifi\u00e9s sud-am\u00e9ricains.<\/p>\n<blockquote class=\"twitter-tweet\"><p><a class=\"twitter-link\" rel=\"noindex, nofollow noopener\" href=\"https:\/\/twitter.com\/fmeetsdata\/status\/1942174919581650944\" target=\"_blank\"><\/p><\/blockquote>\n<p><script async src=\"https:\/\/platform.twitter.com\/widgets.js\" charset=\"utf-8\"><\/script><\/p>\n","protected":false},"excerpt":{"rendered":"L\u2019\u00e9quipe nationale des Etats-Unis, emmen\u00e9e Timothy Weah, fera partie des t\u00eates de s\u00e9rie du tirage au sort de&hellip;\n","protected":false},"author":2,"featured_media":306535,"comment_status":"","ping_status":"","sticky":false,"template":"","format":"standard","meta":{"footnotes":""},"categories":[1589],"tags":[11,73,1866,12,1864,1865,1863,308],"class_list":{"0":"post-306534","1":"post","2":"type-post","3":"status-publish","4":"format-standard","5":"has-post-thumbnail","7":"category-etats-unis","8":"tag-actualites","9":"tag-etats-unis","10":"tag-etats-unis-damerique","11":"tag-news","12":"tag-united-states","13":"tag-united-states-of-america","14":"tag-us","15":"tag-usa"},"share_on_mastodon":{"url":"https:\/\/pubeurope.com\/@fr\/114996857039419929","error":""},"_links":{"self":[{"href":"https:\/\/www.europesays.com\/fr\/wp-json\/wp\/v2\/posts\/306534","targetHints":{"allow":["GET"]}}],"collection":[{"href":"https:\/\/www.europesays.com\/fr\/wp-json\/wp\/v2\/posts"}],"about":[{"href":"https:\/\/www.europesays.com\/fr\/wp-json\/wp\/v2\/types\/post"}],"author":[{"embeddable":true,"href":"https:\/\/www.europesays.com\/fr\/wp-json\/wp\/v2\/users\/2"}],"replies":[{"embeddable":true,"href":"https:\/\/www.europesays.com\/fr\/wp-json\/wp\/v2\/comments?post=306534"}],"version-history":[{"count":0,"href":"https:\/\/www.europesays.com\/fr\/wp-json\/wp\/v2\/posts\/306534\/revisions"}],"wp:featuredmedia":[{"embeddable":true,"href":"https:\/\/www.europesays.com\/fr\/wp-json\/wp\/v2\/media\/306535"}],"wp:attachment":[{"href":"https:\/\/www.europesays.com\/fr\/wp-json\/wp\/v2\/media?parent=306534"}],"wp:term":[{"taxonomy":"category","embeddable":true,"href":"https:\/\/www.europesays.com\/fr\/wp-json\/wp\/v2\/categories?post=306534"},{"taxonomy":"post_tag","embeddable":true,"href":"https:\/\/www.europesays.com\/fr\/wp-json\/wp\/v2\/tags?post=306534"}],"curies":[{"name":"wp","href":"https:\/\/api.w.org\/{rel}","templated":true}]}}