{"id":306538,"date":"2025-08-09T04:13:19","date_gmt":"2025-08-09T04:13:19","guid":{"rendered":"https:\/\/www.europesays.com\/fr\/306538\/"},"modified":"2025-08-09T04:13:19","modified_gmt":"2025-08-09T04:13:19","slug":"un-incroyable-scenario-pour-un-incroyable-match","status":"publish","type":"post","link":"https:\/\/www.europesays.com\/fr\/306538\/","title":{"rendered":"Un incroyable sc\u00e9nario pour un incroyable match"},"content":{"rendered":"<p>Sept matchs, sept victoires allemandes depuis 2018\u2026 les Bleus, s\u2019ils ne sont pas favoris de ce match d\u2019ouverture du championnat d\u2019Europe, veulent jouer leur chance et tenter, pourquoi pas, l\u2019impossible exploit. Les co\u00e9quipiers de Fran\u00e7ois Goyet vont devoir hisser leur niveau de jeu, mais impossible n\u2019est pas fran\u00e7ais\u00a0!<\/p>\n<p style=\"text-align: center;\">\u00a0<img loading=\"lazy\" decoding=\"async\" src=\"https:\/\/www.europesays.com\/fr\/wp-content\/uploads\/2025\/08\/EP_0938220250808.jpg\" data-alt=\"EP_0938220250808.jpg\" width=\"677\" height=\"451\" style=\"display: block; margin-left: auto; margin-right: auto;\"\/>(EuroHockey)<\/p>\n<p>Les Fran\u00e7ais, sont en maillot blanc ce soir, face \u00e0 des allemands tout de rose v\u00eatus. Ce sont eux qui se procurent une premi\u00e8re occasion en obtenant un PC d\u00e8s la 3\u2019. Un PC tir\u00e9 juste \u00e0 c\u00f4t\u00e9\u2026 les Bleus tentent de s\u2019organiser malgr\u00e9 un pressing allemand qui s\u2019intensifie. A la 8\u2019, 2 PC allemands sont repouss\u00e9s par une d\u00e9fense fran\u00e7aise qui se bat sur toutes les balles. Les Bleus reprennent le contr\u00f4le de la balle et un tir de Corentin Sellier aurait m\u00e9rit\u00e9 meilleur sort (13\u2019). Les contres allemands sont tranchants mais rien ne sera marqu\u00e9 lors de ce premier quart. 0\/0 en fin de premier quart.<\/p>\n<p>Le deuxi\u00e8me quart d\u00e9bute par un arr\u00eat stratosph\u00e9rique de Corentin Saunier, impeccable dans les cages fran\u00e7aises en ce d\u00e9but de match. Le public commence \u00e0 s\u2019impatienter mais les Bleus s\u2019accrochent et repoussent tant bien que mal les vagues allemandes. A la 25\u2019, un PC allemand est contr\u00e9 par une crosse fran\u00e7aise. La domination allemande est totale, mais la fin de la premi\u00e8re mi-temps est siffl\u00e9e sur ce score nul (0\/0). \u00a0<\/p>\n<p style=\"text-align: center;\"><img loading=\"lazy\" decoding=\"async\" src=\"https:\/\/www.europesays.com\/fr\/wp-content\/uploads\/2025\/08\/EP_0941620250808.jpg\" alt=\"EP_0941620250808.jpg\" width=\"676\" height=\"450\" style=\"display: block; margin-left: auto; margin-right: auto;\"\/>(EuroHockey)<\/p>\n<p>Le 3\u00e8me quart\u00a0 d\u00e9bute sur les m\u00eames bases, avec des allemands tr\u00e8s entreprenants et des Bleus arcbout\u00e9s dans leur 22 m\u00e8tres. \u00a0Les allemands attaquent de toutes parts mais les Bleus d\u00e9fendent, group\u00e9s, en \u00e9quipe parfaitement soud\u00e9e. Encore un PC sorti \u00e0 la 38\u2019, le public allemand se r\u00e9gale et encourage son \u00e9quipe. En fin de p\u00e9riode, les Bleus se cr\u00e9ent une premi\u00e8re occasion, suivi d\u2019un PC marqu\u00e9 par Victor Charlet \u00e0 la 43\u2019, incroyable. Fin du troisi\u00e8me quart 1\/0 pour la France.<\/p>\n<p>Le sc\u00e9nario reprend de plus belle, mais la domination allemande reste st\u00e9rile et les Bleus r\u00e9sistent toujours et obtiennent m\u00eame un PC sur une belle perc\u00e9e de Corentin Sellier. Un 2\u00e8me PC converti magistralement par un Victor Charlet, en \u00e9tat de gr\u00e2ce (2\/0 pour la France \u00e0 la 48\u2019). Il reste 12 \u2018 \u00e0 jouer, les Bleus sont survolt\u00e9s et commencent \u00e0 y croire s\u00e9rieusement, mais le r\u00e9alisme allemand n\u2019est pas une l\u00e9gende et Justus Weigand marque dans la minute suivante (2\/1 \u00e0 la 50\u2019). Les allemands reprennent confiance et \u00e9galisent \u00e0 la 51\u2019 sur PC transform\u00e9 par Gonzalo Peillat. (2\/2). Tout est \u00e0 refaire\u2026 m\u00eame si la r\u00e9ussite a d\u00e9sormais chang\u00e9 de camp. Les Bleus jouent cr\u00e2nement leur chance et \u00e9chouent d\u2019un rien sur un contre par Etienne Tynevez, plac\u00e9 en embuscade. Mais le sc\u00e9nario catastrophe se poursuit et les fran\u00e7ais encaissent un 3\u00e8me but sur une perc\u00e9e de Johannes Grosse qui marque malgr\u00e9 les protestations des joueurs fran\u00e7ais qui font appel \u00e0 la vid\u00e9o, en vain (2\/3 \u00e0 la 55\u2019) Les Bleus se ruent \u00e0 l\u2019attaque et aurait pu revenir au score \u00e0 3 reprises dans les toutes derni\u00e8res minutes. Les joueurs allemands et leur public ont eu tr\u00e8s peur, comme l\u2019atteste cette d\u00e9livrance au coup de sifflet final.<\/p>\n<p>Au del\u00e0 de cette d\u00e9ception bien naturelle des Bleus en fin de match, les fran\u00e7ais peuvent sortir t\u00eate haute, avec la satisfaction d\u2019avoir jou\u00e9 une formidable partie technique et tactique, empreinte de solidarit\u00e9 et de courage qui paieront un jour. Ils n\u2019ont jamais \u00e9t\u00e9 aussi proches de l\u2019exploit, mais la comp\u00e9tition ne fait que commencer. Joueurs et encadrement doivent pouvoir s\u2019appuyer sur cette \u00ab\u00a0presque incroyable\u00a0\u00bb performance pour concr\u00e9tiser leurs ambitions d\u00e8s demain contre la Pologne et mardi prochain contre l\u2019Angleterre.<\/p>\n<p>Prochain match\u00a0des Bleus : France-Pologne &#8211; samedi 9 ao\u00fbt 20h15<\/p>\n<p><strong>Statistique<\/strong>\u00a0:\u00a0<\/p>\n<p>7 PC pour les Allemands contre 2 pour les fran\u00e7ais<\/p>\n<p><strong>Pour suivre les matchs <\/strong><\/p>\n<p><strong>Site EHF\u00a0: <\/strong><a href=\"https:\/\/eurohockey.org\" target=\"_blank\" rel=\"noopener\"><a href=\"https:\/\/eurohockey.org\" classes=\"normal\" target=\"_blank\" rel=\"noopener\">https:\/\/eurohockey.org<\/a><\/p>\n<p><strong>Streaming\u00a0: <\/strong><a href=\"https:\/\/www.eurohockeytv.org\" target=\"_blank\" rel=\"noopener\"><a href=\"https:\/\/www.eurohockeytv.org\" classes=\"normal\" target=\"_blank\" rel=\"noopener\">https:\/\/www.eurohockeytv.org<\/a> (acc\u00e8s payant)<\/p>\n<p><strong>Commentaires : <\/strong>via site FFH et r\u00e9seaux sociaux<\/p>\n<p>article r\u00e9dig\u00e9 par Eric Delemazure<\/p>\n","protected":false},"excerpt":{"rendered":"Sept matchs, sept victoires allemandes depuis 2018\u2026 les Bleus, s\u2019ils ne sont pas favoris de ce match d\u2019ouverture&hellip;\n","protected":false},"author":2,"featured_media":306539,"comment_status":"","ping_status":"","sticky":false,"template":"","format":"standard","meta":{"footnotes":""},"categories":[1587],"tags":[11,672,1804,1805,1803,8882,37607,37608,1777,674,37605,22302,26,27,37177,1801,4488,12,12998,9640,704,37606,1802,8878],"class_list":{"0":"post-306538","1":"post","2":"type-post","3":"status-publish","4":"format-standard","5":"has-post-thumbnail","7":"category-allemagne","8":"tag-actualites","9":"tag-allemagne","10":"tag-bundesrepublik-deutschland","11":"tag-de","12":"tag-deutschland","13":"tag-developpement","14":"tag-diriger","15":"tag-encourager","16":"tag-eu","17":"tag-europe","18":"tag-fair-play","19":"tag-federation","20":"tag-francaise","21":"tag-france","22":"tag-gazon","23":"tag-germany","24":"tag-hockey","25":"tag-news","26":"tag-non-violence","27":"tag-organisation","28":"tag-promotion","29":"tag-reglementer","30":"tag-republique-federale-dallemagne","31":"tag-salle"},"share_on_mastodon":{"url":"https:\/\/pubeurope.com\/@fr\/114996865020836459","error":""},"_links":{"self":[{"href":"https:\/\/www.europesays.com\/fr\/wp-json\/wp\/v2\/posts\/306538","targetHints":{"allow":["GET"]}}],"collection":[{"href":"https:\/\/www.europesays.com\/fr\/wp-json\/wp\/v2\/posts"}],"about":[{"href":"https:\/\/www.europesays.com\/fr\/wp-json\/wp\/v2\/types\/post"}],"author":[{"embeddable":true,"href":"https:\/\/www.europesays.com\/fr\/wp-json\/wp\/v2\/users\/2"}],"replies":[{"embeddable":true,"href":"https:\/\/www.europesays.com\/fr\/wp-json\/wp\/v2\/comments?post=306538"}],"version-history":[{"count":0,"href":"https:\/\/www.europesays.com\/fr\/wp-json\/wp\/v2\/posts\/306538\/revisions"}],"wp:featuredmedia":[{"embeddable":true,"href":"https:\/\/www.europesays.com\/fr\/wp-json\/wp\/v2\/media\/306539"}],"wp:attachment":[{"href":"https:\/\/www.europesays.com\/fr\/wp-json\/wp\/v2\/media?parent=306538"}],"wp:term":[{"taxonomy":"category","embeddable":true,"href":"https:\/\/www.europesays.com\/fr\/wp-json\/wp\/v2\/categories?post=306538"},{"taxonomy":"post_tag","embeddable":true,"href":"https:\/\/www.europesays.com\/fr\/wp-json\/wp\/v2\/tags?post=306538"}],"curies":[{"name":"wp","href":"https:\/\/api.w.org\/{rel}","templated":true}]}}