{"id":306542,"date":"2025-08-09T04:15:12","date_gmt":"2025-08-09T04:15:12","guid":{"rendered":"https:\/\/www.europesays.com\/fr\/306542\/"},"modified":"2025-08-09T04:15:12","modified_gmt":"2025-08-09T04:15:12","slug":"on-a-eu-un-coup-de-coeur-absolu-pour-larchitecture-atypique","status":"publish","type":"post","link":"https:\/\/www.europesays.com\/fr\/306542\/","title":{"rendered":"on a eu un coup de c\u0153ur absolu pour l&rsquo;architecture atypique"},"content":{"rendered":"<p class=\"article__intro\">Voici une maison 100 % insolite : la maison coccinelle. Son architecture cherche \u00e0 allier une esth\u00e9tique inspir\u00e9e de la nature avec des pratiques durables et fonctionnelles, cr\u00e9ant ainsi des espaces qui sont \u00e0 la fois uniques et respectueux de l\u2019environnement. Dans cet \u00e9pisode de Cosy, le mag d\u00e9co, nous partons \u00e0 la rencontre de Nathalie, \u00ab\u00a0heureuse propri\u00e9taire\u00a0\u00bb de cette maison unique en son genre.<\/p>\n<p>\n      L\u2019actu des r\u00e9gions\n    <\/p>\n<p>\n      Chaque jour, un tour d\u2019horizon des principales infos de toutes les r\u00e9gions.\n    <\/p>\n<p>    France T\u00e9l\u00e9visions utilise votre adresse e-mail afin de vous envoyer la newsletter \u00ab\u00a0L\u2019actu des r\u00e9gions\u00a0\u00bb. Vous pouvez vous d\u00e9sinscrire \u00e0 tout moment via le lien en bas de cette newsletter. <a target=\"_blank\" href=\"https:\/\/www.francetelevisions.fr\/groupe\/confidentialite\/politique-de-confidentialite\/politique-de-confidentialite-de-france-televisions-6503\" rel=\"nofollow noopener\">Notre politique de confidentialit\u00e9<\/a><\/p>\n<p>C&rsquo;est en Alsace, plus pr\u00e9cis\u00e9ment \u00e0 Sainte-Marie-aux-Mines, que Caroline Boeglin, d\u00e9coratrice d&rsquo;int\u00e9rieur, nous emm\u00e8ne. Nous allons d\u00e9couvrir une maison coccinelle. C&rsquo;est la maison de Nathalie, elle est artiste peintre et ce n&rsquo;est pas le th\u00e9\u00e2tre d&rsquo;un conte de f\u00e9e, c&rsquo;est une innovation architecturale. C&rsquo;est m\u00eame un prototype. Il n&rsquo;y en a que trois au monde et elles sont ici. Pour Nathalie, c&rsquo;est bien plus qu&rsquo;une maison, c&rsquo;est l\u00e0 o\u00f9 elle se ressource et o\u00f9 elle se reconnecte avec la nature. Dans cet \u00e9pisode de <a href=\"https:\/\/www.france.tv\/france-3\/grand-est\/cosy-le-mag-deco\/\" target=\"_blank\" rel=\"noopener nofollow\">Cosy, le mag d\u00e9co<\/a>, nous partons \u00e0 sa rencontre.<\/p>\n<p>L&rsquo;architecte de cette maison coccinelle s&rsquo;appelle Micka\u00ebl Osswald. Nathalie a eu la chance de le rencontrer plusieurs fois. Il lui a expliqu\u00e9 le concept de cette maison et pourquoi cette forme insolite. Initialement, il devait y en avoir dix. Au final, il n&rsquo;y en a eu que trois. Micka\u00ebl Osswald a gagn\u00e9 un concours d&rsquo;architecture en 2000 pour concevoir un quartier ouvrier, \u00e9conomique et \u00e9cologique. Nous sommes dans une vall\u00e9e au passif de mine d&rsquo;argent. L&rsquo;architecte a voulu sur\u00e9lever les maisons, c&rsquo;est pour cela qu&rsquo;elles sont sur pilotis. Le toit est en m\u00e9tal bacacier. L&rsquo;architecte s&rsquo;est inspir\u00e9 du hangar des trains pour cette maison. Le bacacier est un mat\u00e9riau qui revient de plus en plus, surtout dans la construction pour les particuliers. On les voyait sur des hangars industriels ou agricoles, mais on peut en mettre chez soi. L&rsquo;avantage, c&rsquo;est qu&rsquo;il est tr\u00e8s facile \u00e0 moduler. Le toit de la maison de Nathalie a une jolie forme arrondie. Il est simple \u00e0 poser, rapide, \u00e9conomique et on en trouve autour de 8 euros le m\u00e8tre carr\u00e9. C&rsquo;est un mat\u00e9riau ultra-r\u00e9sistant aux UV, \u00e0 la corrosion, aux moisissures et m\u00eame aux s\u00e9ismes. Il est toutefois important de penser \u00e0 r\u00e9aliser une isolation correcte en dessous et une bonne ventilation.<\/p>\n<p><a data-article-figure=\"\" href=\"https:\/\/france3-regions.franceinfo.fr\/image\/-0rZjmHDBqUsuaMb_U_bFF8CU40\/1920x1080\/regions\/2024\/09\/09\/interieur-maison-cocci-2-grand-angle-66dee5d71c03e131145213.jpg\" data-pswp-width=\"1920\" data-pswp-height=\"1080\" target=\"_blank\" rel=\"nofollow noopener\"><\/p>\n<p>          <img width=\"600\" height=\"400\" class=\"article-image lazy\" data-src=\"https:\/\/www.europesays.com\/fr\/wp-content\/uploads\/2025\/08\/interieur-maison-cocci-2-grand-angle-66dee5d71c03e131145213.jpg\" alt=\"La maison coccinelle de Nathalie est tout en courbes.\" fetchpriority=\"high\" as=\"image\"\/><\/p>\n<p>\n            La maison coccinelle de Nathalie est tout en courbes.<br \/>\n                           \u2022<br \/>\n                                      \u00a9 France T\u00e9l\u00e9visions\n                      <\/p>\n<p><\/a><\/p>\n<p>La maison coccinelle de Nathalie est \u00e9cologique. \u00ab\u00a0On a finalement peu besoin de la chauffer et en \u00e9t\u00e9. On n&rsquo;a pas besoin de climatisation gr\u00e2ce \u00e0 la petite casquette et \u00e0 l&rsquo;orientation. On a ni trop chaud ni trop froid\u00a0\u00bb nous explique la propri\u00e9taire. Les grandes baies vitr\u00e9es apportent du soleil en hiver et la casquette prot\u00e8ge de la chaleur en \u00e9t\u00e9. \u00a0<\/p>\n<p>\u00c0 l&rsquo;int\u00e9rieur de la maison, on voit la forme courbe de l&rsquo;ext\u00e9rieur qui se reproduit. \u00ab\u00a0C&rsquo;est comme une arche de No\u00e9 \u00e0 l&rsquo;envers, un bateau, un cocon, une couveuse. Moi, j&rsquo;ai ador\u00e9 \u00e7a parce que quand j&rsquo;\u00e9tais petite, j&rsquo;adorais le jouet \u00ab\u00a0l&rsquo;arbre magique\u00a0\u00bb. Je voulais trop avoir une maison qui est comme l&rsquo;arbre magique\u00a0\u00bb raconte Nathalie. Dans cette maison, il a fallu faire avec des meubles bas et faire preuve de minimalisme. Pour optimiser ses rangements, la propri\u00e9taire a pos\u00e9 des \u00e9tag\u00e8res tout le long des plans de travail.<\/p>\n<p><a data-article-figure=\"\" href=\"https:\/\/france3-regions.franceinfo.fr\/image\/0a_fQ76UUdNSF8w9X7SuRw4myqU\/1920x1080\/regions\/2024\/09\/09\/etageres-maison-cocci-66dee556400ea923636087.jpg\" data-pswp-width=\"1920\" data-pswp-height=\"1080\" target=\"_blank\" rel=\"nofollow noopener\"><\/p>\n<p>          <img width=\"600\" height=\"400\" class=\"article-image lazy\" data-src=\"https:\/\/www.europesays.com\/fr\/wp-content\/uploads\/2025\/08\/etageres-maison-cocci-66dee556400ea923636087.jpg\" alt=\"Dans une maison insolite comme celle de Nathalie, l'optimisation des espaces est importante.\" fetchpriority=\"high\" as=\"image\"\/><\/p>\n<p>\n            Dans une maison insolite comme celle de Nathalie, l&rsquo;optimisation des espaces est importante.<br \/>\n                           \u2022<br \/>\n                                      \u00a9 France T\u00e9l\u00e9visions\n                      <\/p>\n<p><\/a><\/p>\n<p>\u00a0<\/p>\n<p>Pour rendre l&rsquo;exp\u00e9rience de la visite encore plus f\u00e9\u00e9rique, Nathalie a accroch\u00e9 des guirlandes et pos\u00e9 des bougies. Cela r\u00e9chauffe le lieu et le rend magique. \u00ab\u00a0C&rsquo;est un peu comme une f\u00eate foraine. Il y a une ambiance un peu particuli\u00e8re au quotidien\u00a0\u00bb, explique Nathalie. Dans cette maison coccinelle, pas de frigo traditionnel. En effet, sous le plan de travail se cache un frigo bas. Il est sur deux \u00e9tages, ce qui permet de lib\u00e9rer compl\u00e8tement l&rsquo;espace visuellement. Ce qu&rsquo;il faut savoir sur le frigo tiroir, c&rsquo;est qu&rsquo;il est\u00a0quand m\u00eame 30 \u00e0 40 % plus cher qu&rsquo;un frigo classique. Mais si vous ne voulez pas perdre cet espace vertical, il existe la version des frigos sous plants, sous forme de tiroir ou m\u00eame des frigos bas avec des portes vitr\u00e9es qui peuvent aller sur plusieurs longueurs et qui permettent d&rsquo;avoir la m\u00eame capacit\u00e9 qu&rsquo;un frigo classique. Cela permet de d\u00e9gager la partie haute d&rsquo;une cuisine et c&rsquo;est tr\u00e8s pratique.<\/p>\n<p><a data-article-figure=\"\" href=\"https:\/\/france3-regions.franceinfo.fr\/image\/tqy42GQIKPd__3I3Mb60bcpQpBs\/1920x1080\/regions\/2024\/09\/09\/frigo-bas-cocci-66dee74284f92787787664.jpg\" data-pswp-width=\"1920\" data-pswp-height=\"1080\" target=\"_blank\" rel=\"nofollow noopener\"><\/p>\n<p>          <img width=\"600\" height=\"400\" class=\"article-image lazy\" data-src=\"https:\/\/www.europesays.com\/fr\/wp-content\/uploads\/2025\/08\/frigo-bas-cocci-66dee74284f92787787664.jpg\" alt=\"Afin de lib\u00e9rer de la place visuellement, Nathalie a opt\u00e9 pour un frigo bas sous forme de tiroir.\" fetchpriority=\"high\" as=\"image\"\/><\/p>\n<p>\n            Afin de lib\u00e9rer de la place visuellement, Nathalie a opt\u00e9 pour un frigo bas sous forme de tiroir.<br \/>\n                           \u2022<br \/>\n                                      \u00a9 France T\u00e9l\u00e9visions\n                      <\/p>\n<p><\/a><\/p>\n<p>L&rsquo;un des seul mur droit de la maison est peint en couleur gris anthracite. \u00ab\u00a0Initialement, ce n&rsquo;\u00e9tait pas du tout comme \u00e7a. Je me suis dit, mais si je mets du noir ou du gris, \u00e7a va foncer l&rsquo;espace alors que c&rsquo;est tellement lumineux. J&rsquo;ai os\u00e9 et je ne regrette pas du tout parce que \u00e7a temporise les espaces, \u00e7a cr\u00e9e du volume.\u00a0\u00bb\u00a0 Il est vrai que s&rsquo;il n&rsquo;y a qu&rsquo;un mur sombre dans une pi\u00e8ce, cela peut renvoyer de la lumi\u00e8re dans le reste de la pi\u00e8ce. Il faut surtout \u00e9quilibrer \u00e7a avec d&rsquo;autres murs blancs. \u00c7a cr\u00e9e quelque chose de tr\u00e8s intimiste et \u00e7a sc\u00e9nographie les espaces et les sources de lumi\u00e8re. Au-dessus de la table de la salle \u00e0 manger, tr\u00f4ne une suspension lumineuse magistrale. Elle est r\u00e9alis\u00e9e \u00e0 partir d&rsquo;un m\u00e9lange de m\u00e9tal et de branches. C&rsquo;est une cr\u00e9ation unique, r\u00e9alis\u00e9e par <a href=\"https:\/\/jlb-metal.fr\/\" target=\"_blank\" rel=\"noopener nofollow\">l&rsquo;artisan m\u00e9tallier Jean-Luc Bodechon<\/a>, \u00e0 laquelle Nathalie a rajout\u00e9 ces lampes suspendues en corde qui permettent de voir clair avec des ampoules vintage.<\/p>\n<p><a data-article-figure=\"\" href=\"https:\/\/france3-regions.franceinfo.fr\/image\/-2E11ua2AoLqNriopfTOE9xrhtk\/1920x1080\/regions\/2024\/09\/09\/cosy-cocci-lampe-66def7c05c60a490836804.jpg\" data-pswp-width=\"1920\" data-pswp-height=\"1080\" target=\"_blank\" rel=\"nofollow noopener\"><\/p>\n<p>          <img width=\"600\" height=\"400\" class=\"article-image lazy\" data-src=\"https:\/\/www.europesays.com\/fr\/wp-content\/uploads\/2025\/08\/cosy-cocci-lampe-66def7c05c60a490836804.jpg\" alt=\"Dans la salle \u00e0 manger de Nathalie est suspendu un luminaire unique et tr\u00e8s original.\" fetchpriority=\"high\" as=\"image\"\/><\/p>\n<p>\n            Dans la salle \u00e0 manger de Nathalie est suspendu un luminaire unique et tr\u00e8s original.<br \/>\n                           \u2022<br \/>\n                                      \u00a9 France T\u00e9l\u00e9visions\n                      <\/p>\n<p><\/a><\/p>\n<p>On continue la visite dans cette dr\u00f4le de maison coccinelle, direction la mezzanine filet. \u00ab\u00a0C&rsquo;est super agr\u00e9able pour lire, pour chiller, pour m\u00e9diter ou juste se reposer\u00a0\u00bb, explique Nathalie. Le filet supporte jusqu&rsquo;\u00e0 trois tonnes, assez pour s&rsquo;y blottir \u00e0 plusieurs et profiter de la vue exceptionnelle donnant sur la nature. Une balan\u00e7oire est aussi accroch\u00e9e au milieu de la pi\u00e8ce de vie. Cette maison est un v\u00e9ritable terrain de jeu.<\/p>\n<p><a data-article-figure=\"\" href=\"https:\/\/france3-regions.franceinfo.fr\/image\/TmHUclluvGgDbGosiac7UpXkTqw\/1920x1080\/regions\/2024\/09\/09\/mezza-cosy-cocci-66def9111974a159701724.jpg\" data-pswp-width=\"1920\" data-pswp-height=\"1080\" target=\"_blank\" rel=\"nofollow noopener\"><\/p>\n<p>          <img width=\"600\" height=\"400\" class=\"article-image lazy\" data-src=\"https:\/\/www.europesays.com\/fr\/wp-content\/uploads\/2025\/08\/mezza-cosy-cocci-66def9111974a159701724.jpg\" alt=\"Une mezzanine filet pour passer des moments paisibles, suspendus.\" fetchpriority=\"high\" as=\"image\"\/><\/p>\n<p>\n            Une mezzanine filet pour passer des moments paisibles, suspendus.<br \/>\n                           \u2022<br \/>\n                                      \u00a9 France T\u00e9l\u00e9visions\n                      <\/p>\n<p><\/a><\/p>\n<p>Dans la partie salon r\u00e8gne une ambiance tr\u00e8s douce, tr\u00e8s blanche. Nathalie a souhait\u00e9 avoir une d\u00e9co extr\u00eamement \u00ab\u00a0Yin\u00a0\u00bb dans les tons or, beiges et blancs tr\u00e8s doux. Son int\u00e9rieur invite \u00e0 la relaxation. <a href=\"https:\/\/atelierdenoe.com\/wp\/nathaliefalck\/\" target=\"_blank\" rel=\"noopener nofollow\">Nathalie est artiste peintre<\/a>. Elle \u00ab\u00a0peint la terre\u00a0\u00bb et est tr\u00e8s sensible \u00e0 la plan\u00e8te, \u00e0 l&rsquo;\u00e9cologie et le respect du vivant. Elle aime suspendre ses \u00e9l\u00e9ments de d\u00e9co. \u00ab\u00a0Dans la d\u00e9co, on pense souvent au sol ou aux murs, mais, moi, j&rsquo;adore verticaliser donc il y a plein de choses qui descendent du plafond. Des carillons, des pierres. Sainte-Marie-aux-Mines est une vall\u00e9e tellurique. C&rsquo;est pour \u00e7a qu&rsquo;il y a plein de pierres dans la maison\u00a0\u00bb, explique Nathalie. Pour pousser la d\u00e9co nature encore plus loin, la propri\u00e9taire a m\u00eame viss\u00e9 un tronc de bouleau dans le sol. Il est \u00e9galement possible de trouver ces troncs sur des socles dans des jardineries. Ils peuvent servir de d\u00e9coration ou de porte-manteau, de porte-serviette dans une salle de bain ou d&rsquo;\u00e9l\u00e9ments. On peut aussi en mettre plusieurs pour s\u00e9parer une pi\u00e8ce aussi.<\/p>\n<p>Nathalie a fait son deuxi\u00e8me atelier sous sa maison. Elle raconte : \u00ab\u00a0c&rsquo;est tr\u00e8s agr\u00e9able parce qu&rsquo;il y a un petit peu d&rsquo;air en hiver, en \u00e9t\u00e9. Donc j&rsquo;ai d\u00e9cid\u00e9 de faire mon deuxi\u00e8me atelier ici. Je n&rsquo;avais pas envie de faire quelque chose de basique et classique, j&rsquo;avais envie de mettre ma pierre \u00e0 l&rsquo;\u00e9difice dans cette architecture atypique. J&rsquo;ai trouv\u00e9 un jeune cabinet d&rsquo;architecture qui a relev\u00e9 le d\u00e9fi de garder cet espace tr\u00e8s ouvert pour en faire mon atelier. Avec des baies vitr\u00e9es pour que l&rsquo;air et la lumi\u00e8re passent.\u00a0 Et qu&rsquo;on puisse moduler selon les p\u00e9riodes.\u00a0\u00bb<\/p>\n<p>Un coup de c\u0153ur\u00a0<\/p>\n<p>\u00c0 la base, la maison coccinelle de Nathalie n&rsquo;\u00e9tait pas en vente. \u00ab\u00a0C&rsquo;\u00e9tait un g\u00eete et je l&rsquo;ai lou\u00e9 pendant le confinement. On est venu avec ma fille et on a eu un coup de c\u0153ur absolu pour l&rsquo;environnement, pour l&rsquo;architecture atypique. Et j&rsquo;ai propos\u00e9 au propri\u00e9taire de l&rsquo;acheter. Elle n&rsquo;\u00e9tait pas du tout \u00e0 vendre, mais il a accept\u00e9. Maintenant, je suis heureuse propri\u00e9taire de cette dr\u00f4le de maison.\u00a0\u00bb \u00a0<\/p>\n<p>Article initialement publi\u00e9 en septembre 2024.<\/p>\n","protected":false},"excerpt":{"rendered":"Voici une maison 100 % insolite : la maison coccinelle. Son architecture cherche \u00e0 allier une esth\u00e9tique inspir\u00e9e&hellip;\n","protected":false},"author":2,"featured_media":306543,"comment_status":"","ping_status":"","sticky":false,"template":"","format":"standard","meta":{"footnotes":""},"categories":[1586],"tags":[11,1777,674,1779,1011,27,12,25,1778,364],"class_list":{"0":"post-306542","1":"post","2":"type-post","3":"status-publish","4":"format-standard","5":"has-post-thumbnail","7":"category-europe","8":"tag-actualites","9":"tag-eu","10":"tag-europe","11":"tag-european-union","12":"tag-fr","13":"tag-france","14":"tag-news","15":"tag-republique-francaise","16":"tag-ue","17":"tag-union-europeenne"},"share_on_mastodon":{"url":"https:\/\/pubeurope.com\/@fr\/114996872764120193","error":""},"_links":{"self":[{"href":"https:\/\/www.europesays.com\/fr\/wp-json\/wp\/v2\/posts\/306542","targetHints":{"allow":["GET"]}}],"collection":[{"href":"https:\/\/www.europesays.com\/fr\/wp-json\/wp\/v2\/posts"}],"about":[{"href":"https:\/\/www.europesays.com\/fr\/wp-json\/wp\/v2\/types\/post"}],"author":[{"embeddable":true,"href":"https:\/\/www.europesays.com\/fr\/wp-json\/wp\/v2\/users\/2"}],"replies":[{"embeddable":true,"href":"https:\/\/www.europesays.com\/fr\/wp-json\/wp\/v2\/comments?post=306542"}],"version-history":[{"count":0,"href":"https:\/\/www.europesays.com\/fr\/wp-json\/wp\/v2\/posts\/306542\/revisions"}],"wp:featuredmedia":[{"embeddable":true,"href":"https:\/\/www.europesays.com\/fr\/wp-json\/wp\/v2\/media\/306543"}],"wp:attachment":[{"href":"https:\/\/www.europesays.com\/fr\/wp-json\/wp\/v2\/media?parent=306542"}],"wp:term":[{"taxonomy":"category","embeddable":true,"href":"https:\/\/www.europesays.com\/fr\/wp-json\/wp\/v2\/categories?post=306542"},{"taxonomy":"post_tag","embeddable":true,"href":"https:\/\/www.europesays.com\/fr\/wp-json\/wp\/v2\/tags?post=306542"}],"curies":[{"name":"wp","href":"https:\/\/api.w.org\/{rel}","templated":true}]}}