{"id":306548,"date":"2025-08-09T04:18:11","date_gmt":"2025-08-09T04:18:11","guid":{"rendered":"https:\/\/www.europesays.com\/fr\/306548\/"},"modified":"2025-08-09T04:18:11","modified_gmt":"2025-08-09T04:18:11","slug":"france-angleterre-la-composition-des-bleues-pour-le-match-preparatoire-au-mondial-avec-carla-neisen","status":"publish","type":"post","link":"https:\/\/www.europesays.com\/fr\/306548\/","title":{"rendered":"France-Angleterre : la composition des Bleues pour le match pr\u00e9paratoire au Mondial avec Carla Neisen"},"content":{"rendered":"<p class=\"paragraph text_align_left lp-f-body-02\">La septiste Carla Neisen, qui n\u2019avait plus jou\u00e9 depuis quatre ans avec le <a href=\"https:\/\/www.leparisien.fr\/sports\/rugby\/xv-de-france\/\" target=\"_self\" rel=\"nofollow noopener\">XV de France<\/a>, sera titulaire pour le match contre l\u2019Angleterre ce samedi, pr\u00e9paratoire au Mondial, ont annonc\u00e9 les entra\u00eeneurs des Bleues ce jeudi.<\/p>\n<p class=\"paragraph text_align_left lp-f-body-02\">Pour l\u2019unique match de pr\u00e9paration des Fran\u00e7aises deux semaines avant le Mondial de <a href=\"https:\/\/www.leparisien.fr\/sports\/rugby\/\" target=\"_blank\" rel=\"noreferrer nofollow noopener\">rugby <\/a>en Angleterre (22 ao\u00fbt &#8211; 27 septembre), les deux s\u00e9lectionneurs Ga\u00eblle Mignot et David Ortiz ont align\u00e9 l\u2019ossature qui a jou\u00e9 le Tournoi des six nations : 11 des 15 joueuses ayant d\u00e9but\u00e9 le dernier match du Tournoi contre le XV de la Rose, perdu de peu (43-42), sont reconduites.<\/p>\n<p class=\"paragraph text_align_left lp-f-body-02\">Parmi les changements, Carla Neisen (29 ans, 26 s\u00e9lections) va prendre place au centre, avec la co-capitaine Marine M\u00e9nager. La titulaire du poste pendant le Tournoi, Gabrielle Vernier, n\u2019est pas sur la feuille. Elle n\u2019avait plus jou\u00e9 avec le XV de France depuis avril 2021 pour se concentrer totalement sur le rugby \u00e0 VII, o\u00f9 elle a disput\u00e9 les Jeux de Tokyo, avec une m\u00e9daille d\u2019argent au bout, et de Paris, o\u00f9 elle \u00e9tait capitaine de l\u2019\u00e9quipe qui a termin\u00e9 cinqui\u00e8me.<\/p>\n<p class=\"paragraph text_align_left lp-f-body-02\">\u00ab C\u2019est une joueuse qui arrive du rugby \u00e0 7, mais qui a de l\u2019exp\u00e9rience, qui conna\u00eet aussi tr\u00e8s bien le rugby \u00e0 15, qui a d\u00e9j\u00e0 particip\u00e9 \u00e0 une Coupe du monde (&#8230;) Elle a montr\u00e9 tout au long de la pr\u00e9pa qu\u2019elle venait avec des ambitions, qu\u2019elle \u00e9tait d\u00e9termin\u00e9e \u00e0 apporter un petit suppl\u00e9ment d\u2019\u00e2me, un petit plus \u00e0 ce groupe \u00bb, a appuy\u00e9 David Ortiz en conf\u00e9rence de presse. <\/p>\n<p class=\"paragraph text_align_left lp-f-body-02\">\u00ab Elle a des grosses qualit\u00e9s en tant que porteuse de balle et pour faire vivre le ballon autour d\u2019elle et c\u2019est une joueuse tr\u00e8s technique. On peut se r\u00e9galer autour d\u2019elle \u00bb, a ajout\u00e9 Marine M\u00e9nager.<\/p>\n<p>Retrouvailles en demi-finale du Mondial ? <\/p>\n<p class=\"paragraph text_align_left lp-f-body-02\">En demi de m\u00eal\u00e9e, Alexandra Chambon sera titulaire afin de pr\u00e9parer la premi\u00e8re journ\u00e9e de la phase de groupes du Mondial pour laquelle l\u2019exp\u00e9riment\u00e9e Pauline Bourdon Sansus est indisponible car suspendue. C\u2019est Lina Queyroi, habituelle ouvreuse, qui devrait la suppl\u00e9er en cours de match.<\/p>\n<p class=\"paragraph text_align_left lp-f-body-02\">Chez les avants, les deux changements concernent les postes de piliers, avec les titularisations d\u2019Anna\u00eblle Deshaye \u00e0 gauche, qui revient un an apr\u00e8s une longue blessure et Rose Bernardou \u00e0 droite. La troisi\u00e8me ligne Khoudedia Cissokho, rempla\u00e7ante, devrait conna\u00eetre sa premi\u00e8re s\u00e9lection.<\/p>\n<p class=\"paragraph text_align_left lp-f-body-02\">La France est sur une s\u00e9rie de 15 d\u00e9faites contre l\u2019Angleterre, l\u2019\u00e9quipe favorite pour la Coupe du monde. Les deux nations peuvent se retrouver en demi-finale si la logique sur le papier est respect\u00e9e en phase de poules comme en quarts de finale.<\/p>\n<p class=\"paragraph text_align_left lp-f-body-02\"><b>Composition du XV de France pour le match contre l\u2019Angleterre : <\/b><\/p>\n<p class=\"paragraph text_align_left lp-f-body-02\">Bourgeois &#8211; Grisez, M\u00e9nager (co-cap.), Neisen, Arbey &#8211; (o) Arbez, (m) Chambon &#8211; Champon, T. Feleu, Escudero &#8211; Fall Raclot, M. Feleu (co-cap) &#8211; Bernadou, Bigot, Deshaye<\/p>\n<p class=\"paragraph text_align_left lp-f-body-02\">Rempla\u00e7antes : Riffonneau, Brosseau, Khalfaoui, Ikahehegi, Maka, Cissokho, Queyroi, Tuy<\/p>\n","protected":false},"excerpt":{"rendered":"La septiste Carla Neisen, qui n\u2019avait plus jou\u00e9 depuis quatre ans avec le XV de France, sera titulaire&hellip;\n","protected":false},"author":2,"featured_media":306549,"comment_status":"","ping_status":"","sticky":false,"template":"","format":"standard","meta":{"footnotes":""},"categories":[4],"tags":[11,1011,27,12,25,479,60,30845],"class_list":{"0":"post-306548","1":"post","2":"type-post","3":"status-publish","4":"format-standard","5":"has-post-thumbnail","7":"category-france","8":"tag-actualites","9":"tag-fr","10":"tag-france","11":"tag-news","12":"tag-republique-francaise","13":"tag-rugby","14":"tag-sports","15":"tag-xv-france"},"share_on_mastodon":{"url":"https:\/\/pubeurope.com\/@fr\/114996884947793563","error":""},"_links":{"self":[{"href":"https:\/\/www.europesays.com\/fr\/wp-json\/wp\/v2\/posts\/306548","targetHints":{"allow":["GET"]}}],"collection":[{"href":"https:\/\/www.europesays.com\/fr\/wp-json\/wp\/v2\/posts"}],"about":[{"href":"https:\/\/www.europesays.com\/fr\/wp-json\/wp\/v2\/types\/post"}],"author":[{"embeddable":true,"href":"https:\/\/www.europesays.com\/fr\/wp-json\/wp\/v2\/users\/2"}],"replies":[{"embeddable":true,"href":"https:\/\/www.europesays.com\/fr\/wp-json\/wp\/v2\/comments?post=306548"}],"version-history":[{"count":0,"href":"https:\/\/www.europesays.com\/fr\/wp-json\/wp\/v2\/posts\/306548\/revisions"}],"wp:featuredmedia":[{"embeddable":true,"href":"https:\/\/www.europesays.com\/fr\/wp-json\/wp\/v2\/media\/306549"}],"wp:attachment":[{"href":"https:\/\/www.europesays.com\/fr\/wp-json\/wp\/v2\/media?parent=306548"}],"wp:term":[{"taxonomy":"category","embeddable":true,"href":"https:\/\/www.europesays.com\/fr\/wp-json\/wp\/v2\/categories?post=306548"},{"taxonomy":"post_tag","embeddable":true,"href":"https:\/\/www.europesays.com\/fr\/wp-json\/wp\/v2\/tags?post=306548"}],"curies":[{"name":"wp","href":"https:\/\/api.w.org\/{rel}","templated":true}]}}