{"id":306550,"date":"2025-08-09T04:19:23","date_gmt":"2025-08-09T04:19:23","guid":{"rendered":"https:\/\/www.europesays.com\/fr\/306550\/"},"modified":"2025-08-09T04:19:23","modified_gmt":"2025-08-09T04:19:23","slug":"guillamoundeguy-mais-aussi-sale-et-etchenique-en-embuscade-avant-le-week-end-en-irlande","status":"publish","type":"post","link":"https:\/\/www.europesays.com\/fr\/306550\/","title":{"rendered":"Guillamoundeguy mais aussi Sale et Etchenique en embuscade avant le week-end en Irlande"},"content":{"rendered":"<p>\t\t\t\t\t\t<img width=\"770\" height=\"556\" src=\"https:\/\/www.europesays.com\/fr\/wp-content\/uploads\/2025\/08\/oihan-guillamoundeguy-4-nathan-cardetgolf-planete-770x556.jpg\" class=\"img-responsive wp-post-image\" alt=\"\" decoding=\"async\" fetchpriority=\"high\"  \/>\t\t\t\t\t<\/p>\n<p>\t\t\t\t\t\t Partager cet article <\/p>\n<p class=\"screen-reader-text juiz_sps_maybe_hidden_text\">Partager la publication \u00ab\u00a0Guillamoundeguy mais aussi Sale et Etchenique en embuscade avant le week-end en Irlande\u00a0\u00bb<\/p>\n<p><strong>Le bel \u00e9t\u00e9 d\u2019Oihan Guillamoundeguy se poursuit cette fois-ci en Irlande o\u00f9 le Landais de 20 ans seulement occupe la 2e place de l\u2019Irish Challenge \u00e0 -6 (138) en compagnie de l\u2019Italien Stefano Mazzoli alors que l\u2019Am\u00e9ricain Matt Sharpstene est leader avec un coup d\u2019avance (-7). Le clan tricolore qui place \u00e9galement Julien Sale et Andoni Etchenique \u00e0 -4 (140) en 7e position. Mathieu Decottignies-Lafon et Nathan Legendre sont, eux, aux portes du top 10 (12e \u00e0 -3).\u00a0<\/strong><\/p>\n<p>\t\t\t\t\t<a id=\"181417\" href=\"https:\/\/cabotbordeaux.com\/fr\/booking\/training-golf\" target=\"_blank\" rel=\"sponsorised nofollow noopener\"><img decoding=\"async\" src=\"data:image\/svg+xml,%3Csvg%20xmlns=\" http:=\"\" class=\"img-responsive\" alt=\"\" data-lazy-src=\"https:\/\/www.europesays.com\/fr\/wp-content\/uploads\/2025\/08\/cabot-e04-stage-septembre-1170x275-1.gif\"\/><\/a><\/p>\n<p>+30 ! <strong>Oihan Guillamoundeguy<\/strong> avance de 30 places \u00e0 l\u2019issue du 2e tour de l\u2019<strong>Irish Challenge<\/strong> disput\u00e9 au <strong>Killeen Castle<\/strong>, h\u00f4te de la <strong>Solheim Cup 2011<\/strong> remport\u00e9e par les Europ\u00e9ennes. Le Landais, 32e jeudi soir \u00e0 -1 (71), a en effet appuy\u00e9 sur le champignon ce vendredi malgr\u00e9 un vent toujours pr\u00e9sent dans l\u2019\u00eele d\u2019Emeraude.\u00a0<\/p>\n<p><a href=\"https:\/\/www.europeantour.com\/hotelplanner-tour\/irish-challenge-2025\/leaderboard?round=2\" target=\"_blank\" rel=\"noopener nofollow\">Retrouvez le classement complet<\/a><\/p>\n<p>L\u2019actuel 15e \u00e0 la Road a ainsi sign\u00e9 une tr\u00e8s solide carte de 67 (-5) pour s\u2019octroyer la 2e place du tournoi \u00e0 mi-parcours en compagnie de l\u2019Italien<strong> Stefano Mazzoli<\/strong>, 68 (-4) pour sa part. Le duo ne compte qu\u2019un coup de retard sur l\u2019Am\u00e9ricain <strong>Matt Sharpstene<\/strong>, 26 ans, 1 833e joueur mondial, auteur de la carte du jour, un 66 (-6) fort de sept birdies pour un seul bogey conc\u00e9d\u00e9.\u00a0<\/p>\n<p>\t\t\t\t\t<a id=\"177181\" href=\"http:\/\/charleskent-golf.com\/andalucia-majors\/\" target=\"_blank\" rel=\"sponsorised nofollow noopener\"><img decoding=\"async\" src=\"data:image\/svg+xml,%3Csvg%20xmlns=\" http:=\"\" class=\"img-responsive\" alt=\"\" data-lazy-src=\"https:\/\/www.europesays.com\/fr\/wp-content\/uploads\/2025\/06\/charleskent-e03-andalucia-majors-1170x275-1.gif\"\/><\/a><\/p>\n<blockquote class=\"twitter-tweet\">\n<p dir=\"ltr\" lang=\"en\">What a putt.<\/p>\n<p>Guillamoundeguy moves within one of the lead \ud83d\udcc8<a href=\"https:\/\/twitter.com\/hashtag\/IrishChallenge?src=hash&amp;ref_src=twsrc%5Etfw\" rel=\"nofollow noopener\" target=\"_blank\">#IrishChallenge<\/a> <a href=\"https:\/\/t.co\/lqu2grn5Pf\" rel=\"nofollow\">pic.twitter.com\/lqu2grn5Pf<\/a><\/p>\n<p>\u2014 HotelPlanner Tour (@HPlanner_Tour) <a href=\"https:\/\/twitter.com\/HPlanner_Tour\/status\/1953893444268556669?ref_src=twsrc%5Etfw\" rel=\"nofollow noopener\" target=\"_blank\">August 8, 2025<\/a><\/p>\n<\/blockquote>\n<p>\t\t\t\t\t<a id=\"180488\" href=\"https:\/\/golfplus.fr\/\" target=\"_blank\" rel=\"sponsorised nofollow noopener\"><img fetchpriority=\"high\" decoding=\"async\" src=\"https:\/\/www.europesays.com\/fr\/wp-content\/uploads\/2025\/07\/golfplus-e19-livraison-lieu-vacances-1170x275-1.jpg\" class=\"img-responsive\" alt=\"\"\/><\/a><\/p>\n<p>La progression de <strong>Julien Sale<\/strong> au leaderboard est encore plus spectaculaire. Le R\u00e9unionnais, vainqueur sur l\u2019<strong>Asian Tour<\/strong> en tout d\u00e9but d\u2019ann\u00e9e, effectue en effet un bond de g\u00e9ant (+52 places) gr\u00e2ce \u00e0 son solide 68. Il partage la 7e place \u00e0 -4 (140) avec <strong>Andoni Etchenique<\/strong>, 70 (-2) aujourd\u2019hui, qui reste sur trois \u00e9checs cons\u00e9cutifs sur l\u2019<strong>HotelPlanner Tour<\/strong>.\u00a0<\/p>\n<p>Les Fran\u00e7ais qui sont clairement incisifs en Irlande cette semaine puisque <strong>Mathieu Decottignies-Lafon<\/strong>, 10e \u00e0 -3 (69) apr\u00e8s 18 trous, demeure dans la \u00ab zone \u00bb puisqu\u2019il pointe \u00e0 la 12e place, toujours \u00e0 -3 malgr\u00e9 son 72 (par). Il est rejoint \u00e0 cette marque par <strong>Nathan Legendre<\/strong>, 70 hier et 71 (-1) ce vendredi.\u00a0<\/p>\n<p>Onze golfeurs tricolores franchissent le cut fix\u00e9 \u00e0 +1. Seuls <strong>S\u00e9bastien Gros<\/strong>, <strong>Julien Quesne<\/strong>, <a href=\"https:\/\/www.golfplanete.com\/actualites\/julien-quesne-finit-seul-2e-en-ecosse-et-effectue-un-bond-important-a-la-road-to-mallorca\/\" target=\"_blank\" rel=\"noopener nofollow\">pourtant 2e la semaine pass\u00e9e en Ecosse<\/a>, <strong>Benjamin Kedochim<\/strong> et <strong>Romain Wattel<\/strong> restent \u00e0 quai apr\u00e8s 36 trous !\u00a0<\/p>\n<p>\t\t\t\t\t<a id=\"181434\" href=\"https:\/\/www.omegaeuropeanmasters.com\/fr\/tickets\/tickets\" target=\"_blank\" rel=\"sponsorised nofollow noopener\"><img decoding=\"async\" src=\"data:image\/svg+xml,%3Csvg%20xmlns=\" http:=\"\" class=\"img-responsive\" alt=\"\" data-lazy-src=\"https:\/\/www.europesays.com\/fr\/wp-content\/uploads\/2025\/08\/omegamasters-e02-billetterie-om25-1170x275-1.jpg\"\/><\/a><br \/>\nLe leaderboard\u00a0<\/p>\n<p><img loading=\"lazy\" decoding=\"async\" class=\"alignnone wp-image-181816 size-large\" src=\"data:image\/svg+xml,%3Csvg%20xmlns=\" http:=\"\" alt=\"\" width=\"770\" height=\"440\" data-lazy- data-lazy- data-lazy-src=\"https:\/\/www.europesays.com\/fr\/wp-content\/uploads\/2025\/08\/capture1ch-1-770x440.jpg\"\/><\/p>\n<p>\t\t\t\t\t<a id=\"180473\" href=\"https:\/\/eu.ping.com\/fr-fr\/clubs\/irons\/idi\" target=\"_blank\" rel=\"sponsorised nofollow noopener\"><img decoding=\"async\" src=\"data:image\/svg+xml,%3Csvg%20xmlns=\" http:=\"\" class=\"img-responsive\" alt=\"\" data-lazy-src=\"https:\/\/www.europesays.com\/fr\/wp-content\/uploads\/2025\/07\/ping-e07-fers-idi-1170x275-1.jpg\"\/><\/a><br \/>\nLe leaderboard des autres fran\u00e7ais<\/p>\n<p><img loading=\"lazy\" decoding=\"async\" class=\"alignnone wp-image-181817 size-large\" src=\"data:image\/svg+xml,%3Csvg%20xmlns=\" http:=\"\" alt=\"\" width=\"770\" height=\"526\" data-lazy- data-lazy- data-lazy-src=\"https:\/\/www.europesays.com\/fr\/wp-content\/uploads\/2025\/08\/capture2ch-1-770x526.jpg\"\/><\/p>\n<p>\t\t\t\t<img loading=\"lazy\" decoding=\"async\" src=\"data:image\/svg+xml,%3Csvg%20xmlns=\" http:=\"\" attributionsrc=\"\" border=\"0\" height=\"1\" width=\"1\" alt=\"Advertisement\" data-lazy-src=\"https:\/\/www.europesays.com\/fr\/wp-content\/uploads\/2025\/08\/B33661776.421948095;dc_trk_aid=614321628;dc_trk_cid=235413172;ord=[timestamp];dc_lat=;dc_rdid=;tag_f.gif\"\/><\/p>\n<p>\t\t\t\t\t<a id=\"174697\" href=\"https:\/\/ad.doubleclick.net\/ddm\/trackclk\/N6600.3770024GOLFPLANATE\/B33661776.421948095;dc_trk_aid=614321628;dc_trk_cid=235413172;dc_lat=;dc_rdid=;tag_for_child_directed_treatment=;tfua=;gdpr=${GDPR};gdpr_consent=${GDPR_CONSENT_755};ltd=;dc_tdv=1\" target=\"_blank\" rel=\"sponsorised nofollow noopener\"><img decoding=\"async\" src=\"data:image\/svg+xml,%3Csvg%20xmlns=\" http:=\"\" class=\"img-responsive\" alt=\"\" data-lazy-src=\"https:\/\/www.europesays.com\/fr\/wp-content\/uploads\/2025\/06\/amundi-e01-retraite-2506-1170x275-1.jpg\"\/><\/a><\/p>\n<p>Photo : Nathan Cardet \/ Golf Plan\u00e8te<\/p>\n<p>\t\t\t<script async src=\"https:\/\/platform.twitter.com\/widgets.js\" charset=\"utf-8\"><\/script><\/p>\n","protected":false},"excerpt":{"rendered":"Partager cet article Partager la publication \u00ab\u00a0Guillamoundeguy mais aussi Sale et Etchenique en embuscade avant le week-end en&hellip;\n","protected":false},"author":2,"featured_media":306551,"comment_status":"","ping_status":"","sticky":false,"template":"","format":"standard","meta":{"footnotes":""},"categories":[1418],"tags":[1011,27,1472,60],"class_list":{"0":"post-306550","1":"post","2":"type-post","3":"status-publish","4":"format-standard","5":"has-post-thumbnail","7":"category-golf","8":"tag-fr","9":"tag-france","10":"tag-golf","11":"tag-sports"},"share_on_mastodon":{"url":"https:\/\/pubeurope.com\/@fr\/114996888426810173","error":""},"_links":{"self":[{"href":"https:\/\/www.europesays.com\/fr\/wp-json\/wp\/v2\/posts\/306550","targetHints":{"allow":["GET"]}}],"collection":[{"href":"https:\/\/www.europesays.com\/fr\/wp-json\/wp\/v2\/posts"}],"about":[{"href":"https:\/\/www.europesays.com\/fr\/wp-json\/wp\/v2\/types\/post"}],"author":[{"embeddable":true,"href":"https:\/\/www.europesays.com\/fr\/wp-json\/wp\/v2\/users\/2"}],"replies":[{"embeddable":true,"href":"https:\/\/www.europesays.com\/fr\/wp-json\/wp\/v2\/comments?post=306550"}],"version-history":[{"count":0,"href":"https:\/\/www.europesays.com\/fr\/wp-json\/wp\/v2\/posts\/306550\/revisions"}],"wp:featuredmedia":[{"embeddable":true,"href":"https:\/\/www.europesays.com\/fr\/wp-json\/wp\/v2\/media\/306551"}],"wp:attachment":[{"href":"https:\/\/www.europesays.com\/fr\/wp-json\/wp\/v2\/media?parent=306550"}],"wp:term":[{"taxonomy":"category","embeddable":true,"href":"https:\/\/www.europesays.com\/fr\/wp-json\/wp\/v2\/categories?post=306550"},{"taxonomy":"post_tag","embeddable":true,"href":"https:\/\/www.europesays.com\/fr\/wp-json\/wp\/v2\/tags?post=306550"}],"curies":[{"name":"wp","href":"https:\/\/api.w.org\/{rel}","templated":true}]}}