{"id":306556,"date":"2025-08-09T04:24:11","date_gmt":"2025-08-09T04:24:11","guid":{"rendered":"https:\/\/www.europesays.com\/fr\/306556\/"},"modified":"2025-08-09T04:24:11","modified_gmt":"2025-08-09T04:24:11","slug":"honda-devoile-son-concept-de-moto-pokemon-sous-les-yeux-admiratifs-de-zarco-pilote-motogp","status":"publish","type":"post","link":"https:\/\/www.europesays.com\/fr\/306556\/","title":{"rendered":"Honda d\u00e9voile son concept de moto-Pok\u00e9mon sous les yeux admiratifs de Zarco, pilote MotoGP !"},"content":{"rendered":"<p>Oui, Honda a surpris beaucoup de monde, lors des 8h de Suzuka, en d\u00e9voilant son concept de moto enti\u00e8rement mobile, dont le design avait \u00e9t\u00e9 inspir\u00e9, pour ne pas dire fusionn\u00e9, avec une cr\u00e9ature de la marque Pok\u00e9mon. Oui, ils ont os\u00e9, les Japonais de la firme vainqueur des 8h de Suzuka ont collabor\u00e9 avec The Pok\u00e9mon Compagny, en vue de pr\u00e9senter ce prototype roulant, juste avant le d\u00e9part de l\u2019\u00e9preuve d\u2019Endurance.<\/p>\n<p>Johann Zarco et sa popularit\u00e9 de pilote MotoGP donne un coup de main \u00e0 Honda !<\/p>\n<p>Et en se rapprochant de l\u2019engin puis en le touchant, avec un sourire franc et un regard en disant long sur son admiration, Johann Zarco a rendu un grand service \u00e0 Honda. Qui n\u2019attendait probablement pas une telle publicit\u00e9, du fait de la popularit\u00e9 du pilote <a href=\"https:\/\/lemagsportauto.ouest-france.fr\/tag\/LCR\/\" target=\"_blank\" rel=\"noopener\">LCR<\/a> en MotoGP. Qui plus est vainqueur quelques heures plus tard, dans la nuit tombante\u2026<\/p>\n<p>Plus concr\u00e8tement, pour les amateurs et amatrices de la licence en question, particuli\u00e8rement lucrative pour Nintendo, via les jeux vid\u00e9o Pok\u00e9mon, c\u2019est la cr\u00e9ature Koraidon qui a inspir\u00e9 les 40 ing\u00e9nieurs d\u2019Honda ayant travaill\u00e9 sur le projet. Une aubaine marketing aussi, donc, pour la firme de Kyoto, qui accueillera justement un nouveau titre Pok\u00e9mon sur sa nouvelle Nintendo Switch 2, au mois de septembre prochain. Avec, m\u00eame, un pack d\u00e9di\u00e9, illustr\u00e9 ci-dessous.<\/p>\n<p><strong><a href=\"https:\/\/lemagjeuxhightech.com\/actualites\/nouveau-pack-switch-2-pokemon-attrapez-les-tous-car-les-stocks-sont-limites-precommande\/90442\/\" target=\"_blank\" rel=\"noopener\">Nouveau pack Switch 2 Pok\u00e9mon, attrapez-les tous car les stocks sont limit\u00e9s ! [pr\u00e9commande] \u2013 Le Mag Jeux High-Tech<\/a><\/strong><\/p>\n<p>Pok\u00e9mon et Honda sur deux roues, un partenariat que nous n\u2019avions pas vu venir, haut en couleur, que nous vous proposons de visualiser plus concr\u00e8tement, via cette vid\u00e9o diffus\u00e9e au moment de l\u2019\u00e9v\u00e9nement, \u00e0 Suzuka.<\/p>\n<blockquote class=\"instagram-media\" style=\"background: #FFF; border: 0; border-radius: 3px; box-shadow: 0 0 1px 0 rgba(0,0,0,0.5),0 1px 10px 0 rgba(0,0,0,0.15); margin: 1px; max-width: 540px; min-width: 326px; padding: 0; width: calc(100% - 2px);\" data-instgrm-captioned=\"\" data-instgrm-permalink=\"https:\/\/www.instagram.com\/reel\/DM4LreBxFAi\/?utm_source=ig_embed&amp;utm_campaign=loading\" data-instgrm-version=\"14\">\n<\/blockquote>\n<p>Article publi\u00e9 le 09\/08\/2025 \u00e0 5h45<\/p>\n<p>                                                            <script async src=\"\/\/www.instagram.com\/embed.js\"><\/script><\/p>\n","protected":false},"excerpt":{"rendered":"Oui, Honda a surpris beaucoup de monde, lors des 8h de Suzuka, en d\u00e9voilant son concept de moto&hellip;\n","protected":false},"author":2,"featured_media":306557,"comment_status":"","ping_status":"","sticky":false,"template":"","format":"standard","meta":{"footnotes":""},"categories":[1413],"tags":[1011,27,4922,1741,1457,1456,1458,44717,60],"class_list":{"0":"post-306556","1":"post","2":"type-post","3":"status-publish","4":"format-standard","5":"has-post-thumbnail","7":"category-moto","8":"tag-fr","9":"tag-france","10":"tag-honda","11":"tag-johann-zarco","12":"tag-moto","13":"tag-motocycle","14":"tag-motogp","15":"tag-poku00e9mon","16":"tag-sports"},"share_on_mastodon":{"url":"https:\/\/pubeurope.com\/@fr\/114996908118637180","error":""},"_links":{"self":[{"href":"https:\/\/www.europesays.com\/fr\/wp-json\/wp\/v2\/posts\/306556","targetHints":{"allow":["GET"]}}],"collection":[{"href":"https:\/\/www.europesays.com\/fr\/wp-json\/wp\/v2\/posts"}],"about":[{"href":"https:\/\/www.europesays.com\/fr\/wp-json\/wp\/v2\/types\/post"}],"author":[{"embeddable":true,"href":"https:\/\/www.europesays.com\/fr\/wp-json\/wp\/v2\/users\/2"}],"replies":[{"embeddable":true,"href":"https:\/\/www.europesays.com\/fr\/wp-json\/wp\/v2\/comments?post=306556"}],"version-history":[{"count":0,"href":"https:\/\/www.europesays.com\/fr\/wp-json\/wp\/v2\/posts\/306556\/revisions"}],"wp:featuredmedia":[{"embeddable":true,"href":"https:\/\/www.europesays.com\/fr\/wp-json\/wp\/v2\/media\/306557"}],"wp:attachment":[{"href":"https:\/\/www.europesays.com\/fr\/wp-json\/wp\/v2\/media?parent=306556"}],"wp:term":[{"taxonomy":"category","embeddable":true,"href":"https:\/\/www.europesays.com\/fr\/wp-json\/wp\/v2\/categories?post=306556"},{"taxonomy":"post_tag","embeddable":true,"href":"https:\/\/www.europesays.com\/fr\/wp-json\/wp\/v2\/tags?post=306556"}],"curies":[{"name":"wp","href":"https:\/\/api.w.org\/{rel}","templated":true}]}}