{"id":306566,"date":"2025-08-09T04:30:34","date_gmt":"2025-08-09T04:30:34","guid":{"rendered":"https:\/\/www.europesays.com\/fr\/306566\/"},"modified":"2025-08-09T04:30:34","modified_gmt":"2025-08-09T04:30:34","slug":"aspet-dedicace-a-la-maison-de-la-presse-avec-g-chanfreau","status":"publish","type":"post","link":"https:\/\/www.europesays.com\/fr\/306566\/","title":{"rendered":"Aspet. D\u00e9dicace \u00e0 la maison de la presse avec G. Chanfreau"},"content":{"rendered":"<p>La derni\u00e8re d\u00e9dicace qui a eu lieu \u00e0 Aspet \u00e0 la maison de la presse, c\u2019est Gr\u00e9gory Chanfreau qui venait pr\u00e9senter sa toute derni\u00e8re production intitul\u00e9e \u00ab\u00a0Entretien avec Vercing\u00e9torix\u00a0\u00bb. L\u2019auteur est passionn\u00e9 par ce personnage depuis l\u2019enfance et c\u2019est tout naturellement que Vercing\u00e9torix est venu se glisser sous sa plume.<\/p>\n<p>Rome \u2013 Automne en l\u2019an \u2013 46. Dans une prison romaine Axio, prisonnier aquitain, voit d\u00e9barquer un myst\u00e9rieux compagnon de cellule. Il va rapidement d\u00e9couvrir que son cod\u00e9tenu n\u2019est autre que Vercing\u00e9torix. Le livre est un \u00e9change entre les deux prisonniers. Ainsi est revisit\u00e9e l\u2019histoire de ce h\u00e9ros gaulois si pr\u00e9sent dans les manuels scolaires, dans un style clair et parfois humoristique. Lecture id\u00e9ale pour les vacances. Livre pr\u00e9sent dans les rayons de la maison de la presse d\u2019Aspet.<\/p>\n","protected":false},"excerpt":{"rendered":"La derni\u00e8re d\u00e9dicace qui a eu lieu \u00e0 Aspet \u00e0 la maison de la presse, c\u2019est Gr\u00e9gory Chanfreau&hellip;\n","protected":false},"author":2,"featured_media":306567,"comment_status":"","ping_status":"","sticky":false,"template":"","format":"standard","meta":{"footnotes":""},"categories":[1357],"tags":[1379,58,59,1011,27,1380],"class_list":{"0":"post-306566","1":"post","2":"type-post","3":"status-publish","4":"format-standard","5":"has-post-thumbnail","7":"category-livres","8":"tag-books","9":"tag-divertissement","10":"tag-entertainment","11":"tag-fr","12":"tag-france","13":"tag-livres"},"share_on_mastodon":{"url":"https:\/\/pubeurope.com\/@fr\/114996931701262864","error":""},"_links":{"self":[{"href":"https:\/\/www.europesays.com\/fr\/wp-json\/wp\/v2\/posts\/306566","targetHints":{"allow":["GET"]}}],"collection":[{"href":"https:\/\/www.europesays.com\/fr\/wp-json\/wp\/v2\/posts"}],"about":[{"href":"https:\/\/www.europesays.com\/fr\/wp-json\/wp\/v2\/types\/post"}],"author":[{"embeddable":true,"href":"https:\/\/www.europesays.com\/fr\/wp-json\/wp\/v2\/users\/2"}],"replies":[{"embeddable":true,"href":"https:\/\/www.europesays.com\/fr\/wp-json\/wp\/v2\/comments?post=306566"}],"version-history":[{"count":0,"href":"https:\/\/www.europesays.com\/fr\/wp-json\/wp\/v2\/posts\/306566\/revisions"}],"wp:featuredmedia":[{"embeddable":true,"href":"https:\/\/www.europesays.com\/fr\/wp-json\/wp\/v2\/media\/306567"}],"wp:attachment":[{"href":"https:\/\/www.europesays.com\/fr\/wp-json\/wp\/v2\/media?parent=306566"}],"wp:term":[{"taxonomy":"category","embeddable":true,"href":"https:\/\/www.europesays.com\/fr\/wp-json\/wp\/v2\/categories?post=306566"},{"taxonomy":"post_tag","embeddable":true,"href":"https:\/\/www.europesays.com\/fr\/wp-json\/wp\/v2\/tags?post=306566"}],"curies":[{"name":"wp","href":"https:\/\/api.w.org\/{rel}","templated":true}]}}