{"id":306568,"date":"2025-08-09T04:31:17","date_gmt":"2025-08-09T04:31:17","guid":{"rendered":"https:\/\/www.europesays.com\/fr\/306568\/"},"modified":"2025-08-09T04:31:17","modified_gmt":"2025-08-09T04:31:17","slug":"je-suis-hyperfiere-de-jouer-ce-role-la-aurelie-konate-incarne-sofia-dans-nouveau-jour","status":"publish","type":"post","link":"https:\/\/www.europesays.com\/fr\/306568\/","title":{"rendered":"\u00ab\u00a0Je suis hyperfi\u00e8re de jouer ce r\u00f4le-l\u00e0\u00a0\u00bb, Aur\u00e9lie Konat\u00e9 incarne Sofia dans Nouveau Jour"},"content":{"rendered":"<p>\n                                                                Capitaine des pompiers et m\u00e8re c\u00e9libataire de deux adolescents, Sofia Kamara est l\u2019un des visages forts de \u00ab\u00a0Nouveau jour\u00a0\u00bb, la s\u00e9rie quotidienne de M6. Incarn\u00e9e par Aur\u00e9lie Konat\u00e9, elle\u00a0se montre bienveillante et engag\u00e9e. Elle refl\u00e8te une famille moderne et inclusive, tout en assumant un m\u00e9tier d\u2019action au c\u0153ur du r\u00e9cit.\n                            <\/p>\n<p class=\"txt-question\">Vous incarnez Sofia Kamara. Avant d\u2019\u00eatre capitaine des pompiers, vous \u00eates la meilleure amie de Louise Bartoli et m\u00e8re c\u00e9libataire de deux enfants. Parlez-nous de ce r\u00f4le.<\/p>\n<p>Sofia, c\u2019est donc la capitaine des pompiers. Elle est veuve, elle a perdu son mari dans un accident de voiture. Elle \u00e9l\u00e8ve d\u00e9sormais seule ses deux grands enfants, Rom\u00e9o et Kim. C\u2019est un personnage qui a tendance \u00e0 prioriser les autres, \u00e0 toujours faire attention \u00e0 ce que ses amis, sa famille aillent bien \u2014 parfois en s\u2019oubliant un peu. C\u2019est la personne, l\u2019amie \u00e0 qui l\u2019on se confie, la maman confidente, la maman bienveillante, celle qui prend toujours soin des autres avant de prendre soin d\u2019elle-m\u00eame.<\/p>\n<blockquote data-instgrm-captioned=\"\" data-instgrm-permalink=\"https:\/\/www.instagram.com\/reel\/DMn0hIkKXpG\/?utm_source=ig_embed&amp;utm_campaign=loading\" data-instgrm-version=\"14\" style=\" background:#FFF; border:0; border-radius:3px; box-shadow:0 0 1px 0 rgba(0,0,0,0.5),0 1px 10px 0 rgba(0,0,0,0.15); margin: 1px; max-width:540px; min-width:326px; padding:0; width:99.375%; width:-webkit-calc(100% - 2px); width:calc(100% - 2px);\" data-class=\"instagram-media\"\/>\n<p class=\"txt-question\">Vous avez v\u00e9cu un traumatisme avec la mort de votre mari. Peut-on s\u2019attendre \u00e0 une intrigue autour de cet aspect\u00a0?<\/p>\n<p>Tout \u00e0 fait. Une intrigue va bient\u00f4t d\u00e9marrer. On va d\u00e9couvrir pas mal de choses sur sa vie avec son mari et sa vie de famille en g\u00e9n\u00e9ral. Je pense que les gens vont \u00eatre assez surpris. On va aussi d\u00e9couvrir une autre facette de Sofia, pr\u00eate \u00e0 d\u00e9fendre sa famille bec et ongles.<\/p>\n<p class=\"txt-question\">Cela va \u00eatre sous forme de flash-back\u00a0? Est-ce qu\u2019on verra votre mari\u00a0?<\/p>\n<p>On ne va pas voir mon mari. Je sais qu\u2019\u00e0 un moment, on a fait une photo, mais je ne sais pas si cette photo appara\u00eetra, et si l\u2019on verra vraiment mon mari. Mais je pense que oui.<\/p>\n<p class=\"txt-question\">Vous \u00eates capitaine des pompiers, mais quand est-ce qu\u2019on va vous voir tenir une lance \u00e0 incendie\u00a0?<\/p>\n<p>(Rires) Pas tout de suite. Mais les pompiers ne font pas que tenir des lances \u00e0 incendie. Je crois que \u00e7a ne repr\u00e9sente que 20\u00a0% de leurs missions. Il y a beaucoup d\u2019assistance, de sauvetage\u2026 Je vais aider quelqu\u2019un \u00e0 rester en vie \u2013 sans spoiler. On va me voir en action en tant que pompier, en tout cas.<\/p>\n<p class=\"txt-question\">Il semble que vous ayez fait des recherches sur les pompiers. Comment avez-vous pr\u00e9par\u00e9 votre r\u00f4le\u00a0?<\/p>\n<p>Dans l\u2019arche qui va bient\u00f4t commencer, j\u2019avais des choses tr\u00e8s techniques \u00e0 faire. J\u2019ai demand\u00e9 un coaching sp\u00e9cialis\u00e9 pour les gestes de premiers secours, et j\u2019ai \u00e9t\u00e9 form\u00e9e par une femme pompi\u00e8re aux techniques comme le massage cardiaque, pour \u00eatre la plus cr\u00e9dible possible \u00e0 l\u2019\u00e9cran.<\/p>\n<p class=\"txt-question\">\u00c7a veut dire que si quelqu\u2019un fait un malaise devant vous, vous intervenez\u00a0?<\/p>\n<p>En tout cas, je sais faire un massage cardiaque, installer un masque \u00e0 oxyg\u00e8ne, prendre le pouls.<\/p>\n<p class=\"txt-question\">Vous n\u2019\u00eates pas nouvelle dans l\u2019univers des s\u00e9ries quotidiennes. Vous avez jou\u00e9 dans Plus Belle la Vie et Demain nous appartient. Qu\u2019est-ce qui vous a fait accepter ce r\u00f4le\u00a0?<\/p>\n<p>C\u2019est une cr\u00e9ation de s\u00e9rie. Je trouve qu\u2019arriver au d\u00e9but d\u2019une aventure comme celle-l\u00e0, c\u2019est assez excitant. On peut aussi y apporter notre petite touche. Sofia est forte et tr\u00e8s palpable dans sa bienveillance \u2013 un r\u00f4le que j\u2019aime \u00e9norm\u00e9ment. Et puis, il y a un casting extraordinaire. Toute cette bande de jeunes qui d\u00e9butent, ils sont incroyables. Je trouve que les personnages f\u00e9minins sont vraiment mis en avant, et c\u2019est important. Les femmes ont une vraie place.<\/p>\n<p class=\"txt-question\">Votre personnage incarne une dimension politique et sociale. Non seulement vous \u00eates capitaine des pompiers, mais vous avez un fils homosexuel. Il y a un enjeu dans chaque \u00e9pisode.<\/p>\n<p>J\u2019ai re\u00e7u beaucoup de messages de personnes qui me remerciaient d\u2019incarner une famille aussi ouverte, aussi diverse, que ce soit sur la sexualit\u00e9 ou sur la vie en g\u00e9n\u00e9ral. J\u2019esp\u00e8re que \u00e7a donnera envie \u00e0 d\u2019autres familles d\u2019agir de la m\u00eame mani\u00e8re. Je suis hyperfi\u00e8re de jouer ce r\u00f4le-l\u00e0, parce que je trouve que chacun a le droit de vivre comme il le souhaite, sans \u00eatre jug\u00e9, sans se soucier du regard des autres. Je trouve \u00e7a formidable que Sofia ait cet \u00e9tat d\u2019esprit, et que son fils puisse vivre comme il en a envie.<\/p>\n<p>Elle nageait \u00e0 Carnon \u00e9tant petite<\/p>\n<p class=\"txt-question\">Vous avez d\u00e9j\u00e0 tourn\u00e9 dans la r\u00e9gion. Contrairement \u00e0 certains de vos coll\u00e8gues, l\u2019environnement n\u2019est pas nouveau. \u00c7a vous fait quoi\u00a0?<\/p>\n<p>Montpellier, c\u2019est quand m\u00eame un peu nouveau. Sur DNA, j\u2019\u00e9tais \u00e0 S\u00e8te, donc je n\u2019avais pas vraiment d\u00e9couvert Montpellier. Mais c\u2019est une r\u00e9gion o\u00f9 je venais quand j\u2019\u00e9tais petite. C\u2019\u00e9tait \u00e0 la plage de Carnon, figurez-vous\u00a0! \u00c7a m\u2019a fait tout dr\u00f4le de revenir ici.<\/p>\n<p class=\"txt-question\">Vous avez une carri\u00e8re riche et vari\u00e9e entre th\u00e9\u00e2tre, t\u00e9l\u00e9vision et musique. Il me semble que vous ne vous \u00eates jamais vraiment arr\u00eat\u00e9e depuis Star Academy. Est-ce que la s\u00e9rie va vous laisser du temps pour d\u2019autres projets\u00a0?<\/p>\n<p>Le tournage est intense, mais je continue d\u2019autres projets comme le doublage et l\u2019animation d\u2019Eurodreams. En ce moment, je jongle\u2026 Mais un break est pr\u00e9vu.<\/p>\n<p class=\"txt-question\">Vous avez pr\u00e9vu des vacances\u00a0?<\/p>\n<p>Mes vacances, ce sera en famille. Je vais aller en Bretagne \u2014 ma maman est bretonne. Depuis que je suis petite, je passe une partie de mes vacances l\u00e0-bas. Et mes parents y vivent maintenant. Ensuite, je vais bouger un peu, passer par Aix-en-Provence, et s\u00fbrement partir \u00e0 l\u2019\u00e9tranger aussi. J\u2019ai envie de d\u00e9couvrir Lisbonne. En tout cas, ce sera tr\u00e8s appr\u00e9ciable, parce que je prends rarement des vacances. Je suis accro au boulot. J\u2019aime tellement ce que je fais que je n\u2019ai jamais l\u2019impression de travailler. Mais il faut quand m\u00eame savoir se poser de temps en temps.<\/p>\n<p>Nouveau jour. Tous les soirs de la semaine \u00e0 20\u00a0h\u00a035 sur M6.<\/p>\n<p>    bio express<\/p>\n<p>Aur\u00e9lie Konat\u00e9 est une chanteuse, com\u00e9dienne et danseuse fran\u00e7aise r\u00e9v\u00e9l\u00e9e en 2002 dans la deuxi\u00e8me saison de la Star Academy. Apr\u00e8s avoir conquis le public par sa voix, elle poursuit une carri\u00e8re sur les planches, encha\u00eenant les com\u00e9dies musicales comme Belles belles belles ou Sister Act. \u00c0 la t\u00e9l\u00e9vision, elle se fait remarquer dans la s\u00e9rie Camping Paradis sur TF1, o\u00f9 elle incarne Aur\u00e9lie Constantin de 2013 \u00e0 2016. Artiste compl\u00e8te, celle qui est n\u00e9e \u00e0 la fin des ann\u00e9es 1970\u00a0alterne entre th\u00e9\u00e2tre, musique et tournages.<\/p>\n<p>                                                                                                                                                                                                        <script async src=\"\/\/www.instagram.com\/embed.js\"><\/script><\/p>\n","protected":false},"excerpt":{"rendered":"Capitaine des pompiers et m\u00e8re c\u00e9libataire de deux adolescents, Sofia Kamara est l\u2019un des visages forts de \u00ab\u00a0Nouveau&hellip;\n","protected":false},"author":2,"featured_media":306569,"comment_status":"","ping_status":"","sticky":false,"template":"","format":"standard","meta":{"footnotes":""},"categories":[1356],"tags":[58,59,1011,27,252,1364],"class_list":{"0":"post-306568","1":"post","2":"type-post","3":"status-publish","4":"format-standard","5":"has-post-thumbnail","7":"category-television","8":"tag-divertissement","9":"tag-entertainment","10":"tag-fr","11":"tag-france","12":"tag-television","13":"tag-tv"},"share_on_mastodon":{"url":"https:\/\/pubeurope.com\/@fr\/114996935644059442","error":""},"_links":{"self":[{"href":"https:\/\/www.europesays.com\/fr\/wp-json\/wp\/v2\/posts\/306568","targetHints":{"allow":["GET"]}}],"collection":[{"href":"https:\/\/www.europesays.com\/fr\/wp-json\/wp\/v2\/posts"}],"about":[{"href":"https:\/\/www.europesays.com\/fr\/wp-json\/wp\/v2\/types\/post"}],"author":[{"embeddable":true,"href":"https:\/\/www.europesays.com\/fr\/wp-json\/wp\/v2\/users\/2"}],"replies":[{"embeddable":true,"href":"https:\/\/www.europesays.com\/fr\/wp-json\/wp\/v2\/comments?post=306568"}],"version-history":[{"count":0,"href":"https:\/\/www.europesays.com\/fr\/wp-json\/wp\/v2\/posts\/306568\/revisions"}],"wp:featuredmedia":[{"embeddable":true,"href":"https:\/\/www.europesays.com\/fr\/wp-json\/wp\/v2\/media\/306569"}],"wp:attachment":[{"href":"https:\/\/www.europesays.com\/fr\/wp-json\/wp\/v2\/media?parent=306568"}],"wp:term":[{"taxonomy":"category","embeddable":true,"href":"https:\/\/www.europesays.com\/fr\/wp-json\/wp\/v2\/categories?post=306568"},{"taxonomy":"post_tag","embeddable":true,"href":"https:\/\/www.europesays.com\/fr\/wp-json\/wp\/v2\/tags?post=306568"}],"curies":[{"name":"wp","href":"https:\/\/api.w.org\/{rel}","templated":true}]}}