{"id":306570,"date":"2025-08-09T04:32:15","date_gmt":"2025-08-09T04:32:15","guid":{"rendered":"https:\/\/www.europesays.com\/fr\/306570\/"},"modified":"2025-08-09T04:32:15","modified_gmt":"2025-08-09T04:32:15","slug":"de-leau-dans-le-gaz-chez-les-spice-girls-victoria-beckham-pas-epargnee","status":"publish","type":"post","link":"https:\/\/www.europesays.com\/fr\/306570\/","title":{"rendered":"de l\u2019eau dans le gaz chez les Spice Girls ? Victoria Beckham pas \u00e9pargn\u00e9e"},"content":{"rendered":"<p>Victoria Beckham fait actuellement la une pour ses vacances en famille \u00e0 Saint-Tropez. Elle profite du soleil \u00e0 bord de leur yacht priv\u00e9 avec David Beckham et leurs enfants Romeo, Cruz et Harper. <strong>Brooklyn<\/strong>, lui, est absent, tout comme sa femme Nicola Peltz. Ces tensions ont cr\u00e9\u00e9 un froid au sein du clan, alimentant les sp\u00e9culations sur l\u2019\u00e9tat des relations familiales. Parall\u00e8lement \u00e0 ces frictions familiales, la chanteuse et styliste doit aussi g\u00e9rer des <strong>tensions avec son groupe mythiqu<\/strong>e, les Spice Girls. Plusieurs membres semblent divis\u00e9es, ce qui complique toute perspective de retrouvailles. Cette situation soul\u00e8ve des doutes quant \u00e0 une \u00e9ventuelle r\u00e9union prochaine.<\/p>\n<p><b>Victoria Beckham \u00e9vinc\u00e9e du groupe ? <\/b><\/p>\n<p>Leur tube Wannabe affirmait que \u00ab\u00a0l\u2019amiti\u00e9 ne finit jamais\u00a0\u00bb Pourtant, les Spice Girls semblent avoir chang\u00e9 d\u2019avis. Malgr\u00e9 les rumeurs de r\u00e9union, des tensions internes persistent. Cela rend un retour du groupe peu probable. Mel C a r\u00e9cemment laiss\u00e9 entendre ce constat lors d\u2019une interview avec la presse australienne, reprise par le Daily Mail. Elle a r\u00e9v\u00e9l\u00e9 qu&rsquo;elles communiquaient encore via <strong>WhatsApp<\/strong>. Cependant, plusieurs sous-groupes avaient \u00e9t\u00e9 cr\u00e9\u00e9s. Certains de ces groupes ne l&rsquo;incluaient pas. \u00ab\u00a0Il y a des sous-groupes au sein du groupe\u00a0\u00bb, a-t-elle confi\u00e9. Elle a ajout\u00e9 : \u00ab\u00a0Je sais pertinemment qu\u2019il existe un groupe de discussion o\u00f9 je ne suis pas\u00a0\u00bb. Mais ailleurs, ce sont<strong> Ginger et Posh qui sont (&#8230;)<a href=\"https:\/\/www.closermag.fr\/people\/on-exclut-ginger-et-posh-de-leau-dans-le-gaz-chez-les-spice-girls-victoria-beckham-pas-epargnee-3569989\" rel=\"nofollow noopener\" target=\"_blank\" data-ylk=\"slk:Lire la suite sur Closer;elm:context_link;itc:0;sec:content-canvas\" class=\"link \">Lire la suite sur Closer<\/a><a href=\"https:\/\/www.closermag.fr\/tv_tele_realite\/cyril-hanouna-bientot-sur-w9-un-tpmp-bis-toutes-ses-annonces-le-montrent-gros-comme-une-maison-3570076\" rel=\"nofollow noopener\" target=\"_blank\" data-ylk=\"slk:Cyril Hanouna bient\u00f4t sur W9 : un TPMP bis ? Toutes ses annonces le montrent gros comme une maison;elm:context_link;itc:0;sec:content-canvas\" class=\"link \">Cyril Hanouna bient\u00f4t sur W9 : un TPMP bis ? Toutes ses annonces le montrent gros comme une maison<\/a><br \/><a href=\"https:\/\/www.closermag.fr\/royautes\/la-famille-royale-decimee-jeffrey-epstein-et-le-prince-andrew-vladimir-poutine-donne-chaud-a-charles-iii-3570070\" rel=\"nofollow noopener\" target=\"_blank\" data-ylk=\"slk:\u201cLa famille royale d\u00e9cim\u00e9e\u201d : Jeffrey Epstein et le prince Andrew, Vladimir Poutine donne chaud \u00e0 Charles III;elm:context_link;itc:0;sec:content-canvas\" class=\"link \">\u201cLa famille royale d\u00e9cim\u00e9e\u201d : Jeffrey Epstein et le prince Andrew, Vladimir Poutine donne chaud \u00e0 Charles III<\/a><br \/><a href=\"https:\/\/www.closermag.fr\/people\/on-fera-les-comptes-apres-la-fellation-mimee-sur-scene-patrick-sebastien-brandit-les-menaces-3570069\" rel=\"nofollow noopener\" target=\"_blank\" data-ylk=\"slk:\u201cOn fera les comptes\u201d : apr\u00e8s la fellation mim\u00e9e sur sc\u00e8ne, Patrick S\u00e9bastien brandit les menaces;elm:context_link;itc:0;sec:content-canvas\" class=\"link \">\u201cOn fera les comptes\u201d : apr\u00e8s la fellation mim\u00e9e sur sc\u00e8ne, Patrick S\u00e9bastien brandit les menaces<\/a><br \/><a href=\"https:\/\/www.closermag.fr\/people\/alain-delon-letrange-attitude-danthony-anouchka-et-alain-fabien-pour-lanniversaire-de-sa-mort-3570065\" rel=\"nofollow noopener\" target=\"_blank\" data-ylk=\"slk:Alain Delon : l\u2019\u00e9trange attitude d\u2019Anthony, Anouchka et Alain-Fabien pour l\u2019anniversaire de sa mort;elm:context_link;itc:0;sec:content-canvas\" class=\"link \">Alain Delon : l\u2019\u00e9trange attitude d\u2019Anthony, Anouchka et Alain-Fabien pour l\u2019anniversaire de sa mort<\/a><br \/><a href=\"https:\/\/www.closermag.fr\/vecu\/faits_divers\/cedric-jubillar-oblige-de-faire-des-aveux-a-sa-derniere-compagne-plus-de-mandat-cash-temoignage-choc-3570060\" rel=\"nofollow noopener\" target=\"_blank\" data-ylk=\"slk:C\u00e9dric Jubillar oblig\u00e9 de faire des aveux \u00e0 sa derni\u00e8re compagne ? &quot;Plus de mandat cash&quot;, t\u00e9moignage choc;elm:context_link;itc:0;sec:content-canvas\" class=\"link \">C\u00e9dric Jubillar oblig\u00e9 de faire des aveux \u00e0 sa derni\u00e8re compagne ? \u00ab\u00a0Plus de mandat cash\u00a0\u00bb, t\u00e9moignage choc<\/a><br \/><\/strong><\/p>\n","protected":false},"excerpt":{"rendered":"Victoria Beckham fait actuellement la une pour ses vacances en famille \u00e0 Saint-Tropez. Elle profite du soleil \u00e0&hellip;\n","protected":false},"author":2,"featured_media":306571,"comment_status":"","ping_status":"","sticky":false,"template":"","format":"standard","meta":{"footnotes":""},"categories":[1355],"tags":[11193,58,59,1011,27,1361,873,20592,44720,44719,6482],"class_list":{"0":"post-306570","1":"post","2":"type-post","3":"status-publish","4":"format-standard","5":"has-post-thumbnail","7":"category-musique","8":"tag-david-beckham","9":"tag-divertissement","10":"tag-entertainment","11":"tag-fr","12":"tag-france","13":"tag-music","14":"tag-musique","15":"tag-saint-tropez","16":"tag-sous-groupes","17":"tag-vacances-en-famille","18":"tag-victoria-beckham"},"share_on_mastodon":{"url":"https:\/\/pubeurope.com\/@fr\/114996939607348504","error":""},"_links":{"self":[{"href":"https:\/\/www.europesays.com\/fr\/wp-json\/wp\/v2\/posts\/306570","targetHints":{"allow":["GET"]}}],"collection":[{"href":"https:\/\/www.europesays.com\/fr\/wp-json\/wp\/v2\/posts"}],"about":[{"href":"https:\/\/www.europesays.com\/fr\/wp-json\/wp\/v2\/types\/post"}],"author":[{"embeddable":true,"href":"https:\/\/www.europesays.com\/fr\/wp-json\/wp\/v2\/users\/2"}],"replies":[{"embeddable":true,"href":"https:\/\/www.europesays.com\/fr\/wp-json\/wp\/v2\/comments?post=306570"}],"version-history":[{"count":0,"href":"https:\/\/www.europesays.com\/fr\/wp-json\/wp\/v2\/posts\/306570\/revisions"}],"wp:featuredmedia":[{"embeddable":true,"href":"https:\/\/www.europesays.com\/fr\/wp-json\/wp\/v2\/media\/306571"}],"wp:attachment":[{"href":"https:\/\/www.europesays.com\/fr\/wp-json\/wp\/v2\/media?parent=306570"}],"wp:term":[{"taxonomy":"category","embeddable":true,"href":"https:\/\/www.europesays.com\/fr\/wp-json\/wp\/v2\/categories?post=306570"},{"taxonomy":"post_tag","embeddable":true,"href":"https:\/\/www.europesays.com\/fr\/wp-json\/wp\/v2\/tags?post=306570"}],"curies":[{"name":"wp","href":"https:\/\/api.w.org\/{rel}","templated":true}]}}