{"id":306578,"date":"2025-08-09T04:37:19","date_gmt":"2025-08-09T04:37:19","guid":{"rendered":"https:\/\/www.europesays.com\/fr\/306578\/"},"modified":"2025-08-09T04:37:19","modified_gmt":"2025-08-09T04:37:19","slug":"un-banquet-cannibale-datant-de-6-000-ans-decouvert-dans-la-grotte-del-mirador-au-nord-de-lespagne","status":"publish","type":"post","link":"https:\/\/www.europesays.com\/fr\/306578\/","title":{"rendered":"Un banquet cannibale datant de 6\u200a000 ans d\u00e9couvert dans la grotte d\u2019El Mirador, au nord de l\u2019Espagne"},"content":{"rendered":"<p><strong>D\u00c9CRYPTAGE <\/strong>&#8211; Une \u00e9quipe d\u2019arch\u00e9ologues a mis au jour dans la grotte d\u2019El Mirador des dizaines d\u2019ossements humains portant les stigmates laiss\u00e9s par des actes anthropophages.<\/p>\n<p class=\"fig-paragraph\">Manger ou \u00eatre mang\u00e9\u2026 Sujet qui fascine autant qu\u2019il a pu diviser la communaut\u00e9 scientifique depuis la d\u00e9couverte, dans les ann\u00e9es 1980 \u00e0 Herxheim en Allemagne, des restes de plusieurs centaines d\u2019individus victimes d\u2019un banquet cannibale il y a 5000\u00a0ans. De r\u00e9centes d\u00e9couvertes dans la grotte d\u2019El Mirador, dans la Sierra d\u2019Atapuerca (nord de l\u2019Espagne), apportent un nouvel exemple de comportement\u00a0<a href=\"http:\/\/www.lefigaro.fr\/cinema\/le-cercle-des-neiges-tragedie-anthropophage-des-andes-qui-fascina-le-monde-20231209\" data-fig-type=\"NewsFlash\" data-gtm-custom-categorie=\"navigation\" data-gtm-custom-action=\"crossclick\" data-gtm-custom-label=\"Contextuel\" data-gtm-event=\"customEventSPE\" data-fig-domain=\"LEFIGARO\" target=\"_blank\" rel=\"noopener\">anthropophage\u00a0<\/a>il y a, cette fois, un peu moins de 6000\u00a0ans, dans l\u2019Europe du N\u00e9olithique.<\/p>\n<p class=\"fig-paragraph\">Pr\u00e8s de 240 restes humains appartenant \u00e0 au moins onze individus (dont des enfants) ont \u00e9t\u00e9 mis au jour par l\u2019\u00e9quipe de Palmira Saladi\u00e9, arch\u00e9ologue \u00e0 l\u2019Institut catalan de pal\u00e9o\u00e9cologie humaine et d\u2019\u00e9volution sociale de Tarragone en Espagne (Iphes). Tous portent des marques li\u00e9es \u00e0 des manipulations post mortem. La plupart sont teint\u00e9s, indiquant qu\u2019ils ont \u00e9t\u00e9 soumis \u00e0 la cr\u00e9mation. Plus de 130 pr\u00e9sentent de traces de d\u00e9coupe. Les scientifiques ont \u00e9galement identifi\u00e9 des marques de boucherie, de tranchage\u2026<\/p>\n<p class=\"fig-premium-paywall__infos\">\n        Cet article est r\u00e9serv\u00e9 aux abonn\u00e9s.        Il vous reste 84% \u00e0 d\u00e9couvrir.\n    <\/p>\n<p>                <img  data- alt=\"Le Figaro\" class=\"fig-img--complete fig-img\"\/><\/p>\n<p class=\"fig-premium-paywall__title\">Vous avez envie de lire la suite ?<\/p>\n<p class=\"fig-premium-paywall__subtitle\">D\u00e9bloquez tous les articles imm\u00e9diatement.<\/p>\n<p class=\"fig-premium-paywall__connect\">\n                D\u00e9j\u00e0 abonn\u00e9\u00a0?                <a class=\"fig-premium-paywall__connect-link\" href=\"https:\/\/connect.lefigaro.fr\/login?client=horizon_web&amp;type=main&amp;redirect_uri=https%3A%2F%2Fwww.lefigaro.fr%2Fsciences%2Fun-banquet-cannibale-datant-de-6-000-ans-decouvert-dans-la-grotte-d-el-mirador-au-nord-de-l-espagne-20250808\" data-js-gtm=\"{&quot;customCategorie&quot;: &quot;conversion&quot;, &quot;customAction&quot;: &quot;before_Landing_Connexion_paywall_auto&quot;, &quot;customLabel&quot;: &quot;bGVmaWdhcm8uZnJfXzFmMDcyZDFhLTY0MmEtNjI2Ni1hZGY1LTRmMzUxYWQ4NGEyNF9fQXJ0aWNsZQ==_Un banquet cannibale datant de 6\u200a000 ans d\u00e9couvert dans la grotte d\u2019El Mirador, au nord de l\u2019Espagne_510&quot;, &quot;customIDSPE&quot;: &quot;bGVmaWdhcm8uZnJfXzFmMDcyZDFhLTY0MmEtNjI2Ni1hZGY1LTRmMzUxYWQ4NGEyNF9fQXJ0aWNsZQ==&quot;, &quot;event&quot;: &quot;customEventSPE&quot;}\" target=\"_blank\" rel=\"noopener\"><br \/>\n                    Connectez-vous<br \/>\n                <\/a>\n            <\/p>\n","protected":false},"excerpt":{"rendered":"D\u00c9CRYPTAGE &#8211; Une \u00e9quipe d\u2019arch\u00e9ologues a mis au jour dans la grotte d\u2019El Mirador des dizaines d\u2019ossements humains&hellip;\n","protected":false},"author":2,"featured_media":306579,"comment_status":"","ping_status":"","sticky":false,"template":"","format":"standard","meta":{"footnotes":""},"categories":[7],"tags":[730,1011,27,43,40,41,39,42,44],"class_list":{"0":"post-306578","1":"post","2":"type-post","3":"status-publish","4":"format-standard","5":"has-post-thumbnail","7":"category-sciences-et-technologies","8":"tag-archeologie","9":"tag-fr","10":"tag-france","11":"tag-science","12":"tag-science-and-technology","13":"tag-sciences","14":"tag-sciences-et-technologies","15":"tag-technologies","16":"tag-technology"},"share_on_mastodon":{"url":"https:\/\/pubeurope.com\/@fr\/114996959250395997","error":""},"_links":{"self":[{"href":"https:\/\/www.europesays.com\/fr\/wp-json\/wp\/v2\/posts\/306578","targetHints":{"allow":["GET"]}}],"collection":[{"href":"https:\/\/www.europesays.com\/fr\/wp-json\/wp\/v2\/posts"}],"about":[{"href":"https:\/\/www.europesays.com\/fr\/wp-json\/wp\/v2\/types\/post"}],"author":[{"embeddable":true,"href":"https:\/\/www.europesays.com\/fr\/wp-json\/wp\/v2\/users\/2"}],"replies":[{"embeddable":true,"href":"https:\/\/www.europesays.com\/fr\/wp-json\/wp\/v2\/comments?post=306578"}],"version-history":[{"count":0,"href":"https:\/\/www.europesays.com\/fr\/wp-json\/wp\/v2\/posts\/306578\/revisions"}],"wp:featuredmedia":[{"embeddable":true,"href":"https:\/\/www.europesays.com\/fr\/wp-json\/wp\/v2\/media\/306579"}],"wp:attachment":[{"href":"https:\/\/www.europesays.com\/fr\/wp-json\/wp\/v2\/media?parent=306578"}],"wp:term":[{"taxonomy":"category","embeddable":true,"href":"https:\/\/www.europesays.com\/fr\/wp-json\/wp\/v2\/categories?post=306578"},{"taxonomy":"post_tag","embeddable":true,"href":"https:\/\/www.europesays.com\/fr\/wp-json\/wp\/v2\/tags?post=306578"}],"curies":[{"name":"wp","href":"https:\/\/api.w.org\/{rel}","templated":true}]}}