{"id":306582,"date":"2025-08-09T04:39:11","date_gmt":"2025-08-09T04:39:11","guid":{"rendered":"https:\/\/www.europesays.com\/fr\/306582\/"},"modified":"2025-08-09T04:39:11","modified_gmt":"2025-08-09T04:39:11","slug":"une-ville-suppliciee-dans-le-viseur-de-netanyahou-liberation","status":"publish","type":"post","link":"https:\/\/www.europesays.com\/fr\/306582\/","title":{"rendered":"une ville supplici\u00e9e dans le viseur de N\u00e9tanyahou \u2013 Lib\u00e9ration"},"content":{"rendered":"<p class=\"sc-ksZaOG ehjQrN text-element\">Si elle n\u2019est pas le but de guerre de Benyamin N\u00e9tanyahou, elle constitue sans nul doute l\u2019une des \u00e9tapes cruciales de son <a href=\"https:\/\/www.liberation.fr\/international\/moyen-orient\/a-gaza-benyamin-netanyahou-tient-sa-guerre-perpetuelle-20250807_WEZOG2V3CVHE3IQBQ4SYD6EZWA\/\" target=\"_blank\" rel=\"noopener\" title=\"https:\/\/www.liberation.fr\/international\/moyen-orient\/a-gaza-benyamin-netanyahou-tient-sa-guerre-perpetuelle-20250807_WEZOG2V3CVHE3IQBQ4SYD6EZWA\/\">plan pour \u00abprendre le contr\u00f4le\u00bb de la bande de Gaza<\/a>. Un symbole. En annon\u00e7ant, vendredi, la conqu\u00eate de Gaza City, le chef du gouvernement isra\u00e9lien se donne deux mois pour d\u00e9placer la population vers des <a href=\"https:\/\/www.liberation.fr\/international\/moyen-orient\/famine-a-gaza-a-bord-de-lavion-qui-a-largue-quatre-palettes-daide-sur-lenclave-ravagee-20250801_3RNIIF2XENFGFF7ZCXM32SRSMY\/\" target=\"_blank\" rel=\"noopener\" title=\"https:\/\/www.liberation.fr\/international\/moyen-orient\/famine-a-gaza-a-bord-de-lavion-qui-a-largue-quatre-palettes-daide-sur-lenclave-ravagee-20250801_3RNIIF2XENFGFF7ZCXM32SRSMY\/\">camps de r\u00e9fugi\u00e9s situ\u00e9s dans le centre de l\u2019enclave<\/a>. Les troupes isra\u00e9liennes devraient dans le m\u00eame temps encercler la ville avant de se lancer dans des op\u00e9rations \u00e0 l\u2019int\u00e9rieur. Soumise \u00e0 des frappes a\u00e9riennes depuis bient\u00f4t deux ans, elle a \u00e9t\u00e9 relativement \u00e9pargn\u00e9e par les forces terrestres, car Isra\u00ebl pense que le Hamas y d\u00e9tient encore des otages, dont une vingtaine seraient encore en vie.<\/p>\n<p class=\"sc-ksZaOG ehjQrN text-element\">\u00abCette aventure criminelle c<\/p>\n","protected":false},"excerpt":{"rendered":"Si elle n\u2019est pas le but de guerre de Benyamin N\u00e9tanyahou, elle constitue sans nul doute l\u2019une des&hellip;\n","protected":false},"author":2,"featured_media":306583,"comment_status":"","ping_status":"","sticky":false,"template":"","format":"standard","meta":{"footnotes":""},"categories":[5],"tags":[11,1011,27,3517,14,664,3523,12,3521,3518,28],"class_list":{"0":"post-306582","1":"post","2":"type-post","3":"status-publish","4":"format-standard","5":"has-post-thumbnail","7":"category-international","8":"tag-actualites","9":"tag-fr","10":"tag-france","11":"tag-gaza-l-escalade","12":"tag-international","13":"tag-israel","14":"tag-israel-palestine-conflit","15":"tag-news","16":"tag-onu","17":"tag-palestine","18":"tag-world"},"share_on_mastodon":{"url":"https:\/\/pubeurope.com\/@fr\/114996967092475404","error":""},"_links":{"self":[{"href":"https:\/\/www.europesays.com\/fr\/wp-json\/wp\/v2\/posts\/306582","targetHints":{"allow":["GET"]}}],"collection":[{"href":"https:\/\/www.europesays.com\/fr\/wp-json\/wp\/v2\/posts"}],"about":[{"href":"https:\/\/www.europesays.com\/fr\/wp-json\/wp\/v2\/types\/post"}],"author":[{"embeddable":true,"href":"https:\/\/www.europesays.com\/fr\/wp-json\/wp\/v2\/users\/2"}],"replies":[{"embeddable":true,"href":"https:\/\/www.europesays.com\/fr\/wp-json\/wp\/v2\/comments?post=306582"}],"version-history":[{"count":0,"href":"https:\/\/www.europesays.com\/fr\/wp-json\/wp\/v2\/posts\/306582\/revisions"}],"wp:featuredmedia":[{"embeddable":true,"href":"https:\/\/www.europesays.com\/fr\/wp-json\/wp\/v2\/media\/306583"}],"wp:attachment":[{"href":"https:\/\/www.europesays.com\/fr\/wp-json\/wp\/v2\/media?parent=306582"}],"wp:term":[{"taxonomy":"category","embeddable":true,"href":"https:\/\/www.europesays.com\/fr\/wp-json\/wp\/v2\/categories?post=306582"},{"taxonomy":"post_tag","embeddable":true,"href":"https:\/\/www.europesays.com\/fr\/wp-json\/wp\/v2\/tags?post=306582"}],"curies":[{"name":"wp","href":"https:\/\/api.w.org\/{rel}","templated":true}]}}