{"id":306588,"date":"2025-08-09T04:42:12","date_gmt":"2025-08-09T04:42:12","guid":{"rendered":"https:\/\/www.europesays.com\/fr\/306588\/"},"modified":"2025-08-09T04:42:12","modified_gmt":"2025-08-09T04:42:12","slug":"loire-fermetures-de-commerces-en-centre-ville-de-saint-etienne-une-veritable-hecatombe","status":"publish","type":"post","link":"https:\/\/www.europesays.com\/fr\/306588\/","title":{"rendered":"Loire. Fermetures de commerces en centre-ville de Saint-\u00c9tienne\u00a0: une v\u00e9ritable h\u00e9catombe"},"content":{"rendered":"<p>Certains diront que c\u2019est la vie du commerce dans une ville\u00a0: il y a des pas-de-porte qui ouvrent, d\u2019autres qui ferment\u2026<\/p>\n<p>Loin de nous l\u2019id\u00e9e de dire qu\u2019il n\u2019y a que des commerces qui baissent le rideau \u00e0 Saint-\u00c9tienne. Ces derni\u00e8res semaines, nous nous sommes d\u2019ailleurs fait l\u2019\u00e9cho de plusieurs ouvertures\u00a0: Maison H (bijoux) rue des Martyrs-de-Vingr\u00e9, Noir de monde (pr\u00eat-\u00e0-porter f\u00e9minin) rue Michelet, le Bistrot de Saint\u00e9 place Jean-Jaur\u00e8s, Sourire en stock (cadeaux et accessoires) rue Camille-Colard,\u00a0etc.<\/p>\n<p>Mais malheureusement, le centre-ville a \u00e9galement connu une grosse vague de fermetures depuis le d\u00e9but de l\u2019\u00e9t\u00e9.<\/p>\n<p>  Gant, rue Michelet<\/p>\n<p>C\u2019est la boutique de pr\u00eat-\u00e0-porter masculin et f\u00e9minin Gant, au 22 rue Michelet, qui a ouvert le bal.<\/p>\n<p>Pr\u00e9sente depuis de nombreuses ann\u00e9es, l\u2019enseigne su\u00e9doise haut de gamme ne trouvait manifestement plus sa client\u00e8le \u00e0 Saint-\u00c9tienne. Il est vrai que la boutique \u00e9tait tr\u00e8s souvent d\u00e9serte\u2026<\/p>\n<p>Ne reste plus qu\u2019\u00e0 esp\u00e9rer que le local soit rapidement repris, m\u00eame si on ne se fait pas trop de souci pour cela, la rue Michelet restant une des art\u00e8res commer\u00e7antes les plus vivantes et les plus pris\u00e9es de la ville.<\/p>\n<p>  Nashville Hot Chicken, place Jean-Jaur\u00e8s<\/p>\n<p>Autour du 20\u00a0juillet, \u00e7a a \u00e9t\u00e9 au tour du fast-food Nashville Hot Ckicken, place Jean-Jaur\u00e8s (\u00e0 l\u2019angle avec la rue de la R\u00e9sistance et la rue d\u2019Arcole) de fermer subitement ses portes.<\/p>\n<p>Un mot griffonn\u00e9 \u00e0 la main avait \u00e9t\u00e9 appos\u00e9 sur la vitrine \u00e0 destination de la client\u00e8le\u00a0: \u00ab\u00a0Merci pour votre fid\u00e9lit\u00e9, vos retours et surtout votre pr\u00e9sence\u2026\u00a0\u00bb<\/p>\n<p>Pourtant, l\u00e0 non plus, l\u2019enseigne de restauration rapide sp\u00e9cialis\u00e9e dans le poulet pan\u00e9 n\u2019a jamais vraiment s\u00e9duit les St\u00e9phanois\u00a0: <a href=\"https:\/\/www.leprogres.fr\/economie\/2023\/07\/01\/place-jean-jaures-du-poulet-facon-americaine-a-la-place-des-poutines\" target=\"_blank\" rel=\"nofollow noopener\">ouverte en juin\u00a02023<\/a> \u00e0 la place de Frite alors, elle aura tenu \u00e0 peine plus de deux ans. S\u2019il y avait quelques adeptes de ses recettes, ils devront d\u00e9sormais se rendre \u00e0 Lyon, o\u00f9 un Nashville Hot Chicken est pr\u00e9sent dans le 2e  arrondissement, ou au Memphis \u00e0 Villars (Nashville est une franchise du groupe Memphis).<\/p>\n<p>  Richard Traiteur, rue du Grand-Moulin<\/p>\n<p>Autre fermeture, celle de Richard Traiteur, au 3 rue du Grand-Moulin, \u00e0 deux pas de la place Dorian. En quelques mois seulement, le professionnel de\u00a0l\u2019alimentaire aura donc ferm\u00e9 ses deux adresses dans le centre-ville st\u00e9phanois puisqu\u2019il avait d\u00e9j\u00e0 d\u00fb <a href=\"https:\/\/www.leprogres.fr\/economie\/2025\/02\/21\/fermeture-des-halles-mazerat-une-grande-claque-pour-les-commercants\" target=\"_blank\" rel=\"nofollow noopener\">quitter, contraint et forc\u00e9, les Halles Biltoki en mars dernier<\/a>.<\/p>\n<p>Richard Traiteur a annonc\u00e9 la nouvelle\u00a0sur ses r\u00e9seaux sociaux fin juillet. \u00ab\u00a0Ce choix s\u2019inscrit dans une volont\u00e9 de recentrer nos \u00e9nergies pour mieux vous accueillir ailleurs, avec plus de confort, plus de visibilit\u00e9, et toujours le m\u00eame engagement pour une cuisine maison, locale et de qualit\u00e9\u00a0\u00bb, est-il \u00e9crit.<\/p>\n<p>D\u2019apr\u00e8s nos informations, c\u2019est dans le quartier de Ch\u00e2teaucreux que le traiteur devrait \u00e0 nouveau accueillir les gourmets d\u2019ici quelques mois.<\/p>\n<p>  Moonbo, place de l\u2019H\u00f4tel-de-Ville<\/p>\n<p>Autre fermeture survenue tout r\u00e9cemment\u00a0: celle de <a href=\"https:\/\/www.leprogres.fr\/economie\/2024\/01\/12\/moonbo-des-donuts-et-des-couleurs-place-de-l-hotel-de-ville\" target=\"_blank\" rel=\"nofollow noopener\">Moonbo, qui avait ouvert pas plus tard qu\u2019en d\u00e9cembre\u00a02023<\/a>, au 5 place de l\u2019H\u00f4tel-de-Ville, dans les anciens locaux de La Poste.<\/p>\n<p>Le coffee-shop (donuts, milk-shakes\u2026), qui avait donn\u00e9 des couleurs \u00e0 la place avec sa devanture rose bonbon et vert d\u2019eau, \u00e9tait \u00e0 l\u2019\u00e9poque la cinqui\u00e8me implantation en France de cette enseigne clermontoise, qui en\u00a0compte aujourd\u2019hui une douzaine. Mais qui quitte donc d\u00e9j\u00e0 Saint-\u00c9tienne\u2026<\/p>\n<p>  My Lovers by Jeffy Pop, rue Alsace-Lorraine<\/p>\n<p>La palme de la fermeture la plus rapide revient \u00e0 <a href=\"https:\/\/www.leprogres.fr\/economie\/2024\/06\/02\/du-pret-a-porter-et-du-destock-dans-l-ancien-burton-of-london\" target=\"_blank\" rel=\"nofollow noopener\">l\u2019enseigne My Lovers by Jeffy Pop<\/a>, une boutique qui faisait \u00e0 la fois du pr\u00eat-\u00e0-porter f\u00e9minin moyenne gamme et du d\u00e9stockage de marques.<\/p>\n<p>Celle-ci avait en effet ouvert ses portes le 31\u00a0mai 2024, dans les anciens locaux de Burton of London, aux 5-7 rue Alsace-Lorraine. Voici donc les 250m2 de ce local commercial en plein centre-ville \u00e0 nouveau vides.<\/p>\n<p>  Boulangerie de Saint-Jacques, rue Pointe-Cadet<\/p>\n<p>Pr\u00e9sente pour sa part depuis de tr\u00e8s nombreuses ann\u00e9es dans le quartier Saint-Jacques, la boulangerie du m\u00eame nom, au 3 rue Pointe-Cadet, vient, elle aussi, de fermer ses portes.<\/p>\n<p>Sur la vitrine, une affiche verte de l\u2019H\u00f4tel des ventes du Marais indiquant que le fonds de commerce est \u00e0 vendre. Celui-ci devrait selon toute vraisemblance \u00eatre mis aux ench\u00e8res d\u2019ici quelques semaines.<\/p>\n<p>Face\u00a0\u00e0 un tel marasme estival (et notre liste n\u2019est peut-\u00eatre pas exhaustive), on esp\u00e8re sinc\u00e8rement que la rentr\u00e9e apportera son lot de bonnes nouvelles.<\/p>\n","protected":false},"excerpt":{"rendered":"Certains diront que c\u2019est la vie du commerce dans une ville\u00a0: il y a des pas-de-porte qui ouvrent,&hellip;\n","protected":false},"author":2,"featured_media":306589,"comment_status":"","ping_status":"","sticky":false,"template":"","format":"standard","meta":{"footnotes":""},"categories":[9653],"tags":[1111,11,2430,4406,33,7539,1777,674,107,1011,27,3367,12,25,4001,7538],"class_list":{"0":"post-306588","1":"post","2":"type-post","3":"status-publish","4":"format-standard","5":"has-post-thumbnail","7":"category-saint-etienne","8":"tag-actu","9":"tag-actualites","10":"tag-auvergne-rhone-alpes","11":"tag-commerce-et-services","12":"tag-economie","13":"tag-edition-loire-sud","14":"tag-eu","15":"tag-europe","16":"tag-fil-info","17":"tag-fr","18":"tag-france","19":"tag-loire","20":"tag-news","21":"tag-republique-francaise","22":"tag-saint-etienne","23":"tag-saint-etienne-ville"},"share_on_mastodon":{"url":"https:\/\/pubeurope.com\/@fr\/114996978877163858","error":""},"_links":{"self":[{"href":"https:\/\/www.europesays.com\/fr\/wp-json\/wp\/v2\/posts\/306588","targetHints":{"allow":["GET"]}}],"collection":[{"href":"https:\/\/www.europesays.com\/fr\/wp-json\/wp\/v2\/posts"}],"about":[{"href":"https:\/\/www.europesays.com\/fr\/wp-json\/wp\/v2\/types\/post"}],"author":[{"embeddable":true,"href":"https:\/\/www.europesays.com\/fr\/wp-json\/wp\/v2\/users\/2"}],"replies":[{"embeddable":true,"href":"https:\/\/www.europesays.com\/fr\/wp-json\/wp\/v2\/comments?post=306588"}],"version-history":[{"count":0,"href":"https:\/\/www.europesays.com\/fr\/wp-json\/wp\/v2\/posts\/306588\/revisions"}],"wp:featuredmedia":[{"embeddable":true,"href":"https:\/\/www.europesays.com\/fr\/wp-json\/wp\/v2\/media\/306589"}],"wp:attachment":[{"href":"https:\/\/www.europesays.com\/fr\/wp-json\/wp\/v2\/media?parent=306588"}],"wp:term":[{"taxonomy":"category","embeddable":true,"href":"https:\/\/www.europesays.com\/fr\/wp-json\/wp\/v2\/categories?post=306588"},{"taxonomy":"post_tag","embeddable":true,"href":"https:\/\/www.europesays.com\/fr\/wp-json\/wp\/v2\/tags?post=306588"}],"curies":[{"name":"wp","href":"https:\/\/api.w.org\/{rel}","templated":true}]}}