{"id":306598,"date":"2025-08-09T04:49:49","date_gmt":"2025-08-09T04:49:49","guid":{"rendered":"https:\/\/www.europesays.com\/fr\/306598\/"},"modified":"2025-08-09T04:49:49","modified_gmt":"2025-08-09T04:49:49","slug":"ce-sera-a-lui-de-se-bouger-le-cul-pour-redevenir-titulaire-nicollin-cash-avec-savanier","status":"publish","type":"post","link":"https:\/\/www.europesays.com\/fr\/306598\/","title":{"rendered":"\u00ab\u00a0Ce sera \u00e0 lui de se bouger le cul pour redevenir titulaire\u00a0\u00bb, Nicollin cash avec Savanier"},"content":{"rendered":"<p class=\"mb-4 text-lg md:leading-8 break-words\">C\u2019est le point de d\u00e9part d\u2019un nouveau cycle. Tomb\u00e9 en Ligue 2 au bout d\u2019une derni\u00e8re saison cauchemardesque, le MHSC d\u00e9butera sa reconstruction ce samedi face au Red Star (20h), \u00e0 la Mosson, port\u00e9 par un effectif largement remani\u00e9. Benjamin Lecomte, Issiaga Sylla, Modibo Sagnan, Jordan Ferri ou encore Wahbi Khazri sont d\u00e9j\u00e0 partis. En attendant peut-\u00eatre <a href=\"https:\/\/fr.news.yahoo.com\/sport\/mercato-t%C3%A9ji-savanier-pouss%C3%A9-montpellier-111716809.html\" data-ylk=\"slk:T\u00e9ji Savanier;elm:context_link;itc:0;sec:content-canvas;outcm:mb_qualified_link;_E:mb_qualified_link;ct:story;\" class=\"link  yahoo-link\" target=\"_blank\" rel=\"noopener\">T\u00e9ji Savanier<\/a>.<\/p>\n<p class=\"mb-4 text-lg md:leading-8 break-words\">Sous contrat jusqu\u2019en 2026, et r\u00e9cemment revenu de blessure, l\u2019exp\u00e9riment\u00e9 milieu de terrain (33 ans) est pour l\u2019heure toujours au club. La faute \u00e0 des offres qui n\u2019arrivent pas. \u00ab\u00a0On s\u2019\u00e9tait mis d\u2019accord sur un d\u00e9part, s\u2019il pouvait avoir un contrat int\u00e9ressant ailleurs. Pour l\u2019instant, il n\u2019y a pas de retour\u00a0\u00bb, a reconnu ce jeudi Laurent Nicollin dans les colonnes de <a href=\"https:\/\/www.midilibre.fr\/2025\/08\/07\/le-mhsc-en-ligue-2-teji-savanier-na-pas-ete-a-la-hauteur-juge-laurent-nicollin-a-propos-de-son-ancien-capitaine-12865113.php\" rel=\"nofollow noopener\" target=\"_blank\" data-ylk=\"slk:Midi-Libre;elm:context_link;itc:0;sec:content-canvas\" class=\"link \">Midi-Libre<\/a>.<\/p>\n<p>\u00ab\u00a0Il n\u2019a pas \u00e9t\u00e9 \u00e0 la hauteur\u00a0\u00bb<\/p>\n<p class=\"mb-4 text-lg md:leading-8 break-words\">Pas du genre \u00e0 manier la langue de bois, le pr\u00e9sident montpelli\u00e9rain est revenu sur les derniers mois gal\u00e8res v\u00e9cus par Savanier, apparu tr\u00e8s loin de son meilleur niveau. \u00ab\u00a0C\u2019est vrai que la saison derni\u00e8re a \u00e9t\u00e9 compliqu\u00e9e pour lui, \u00e0 la fois sportivement et en dehors. J\u2019ai \u00e9t\u00e9 oblig\u00e9 de lui enlever le capitanat car malheureusement, il n\u2019a pas \u00e9t\u00e9 \u00e0 la hauteur\u00a0\u00bb, a d\u00e9velopp\u00e9 Nicollin, qui ne s\u2019opposera pas au d\u00e9part d\u2019un joueur pr\u00e9sent au club depuis 2019.<\/p>\n<p class=\"mb-4 text-lg md:leading-8 break-words\">\u00ab\u00a0S\u2019il reste, il nous apportera ce qu\u2019il peut apporter (\u2026). Apr\u00e8s le mercato, il sera \u00e0 la disposition du coach. Et peut-\u00eatre qu\u2019il marquera les buts importants ou fera les passes d\u00e9cisives qui feront qu\u2019il se r\u00e9habilitera aupr\u00e8s du public. Ce sera \u00e0 lui de se bouger le cul pour redevenir titulaire\u00a0\u00bb, a conclu le patron du MHSC.<\/p>\n<p class=\"mb-4 text-lg md:leading-8 break-words\">L\u2019an dernier, Savanier avait surtout fait parler de lui pour <a href=\"https:\/\/fr.news.yahoo.com\/sport\/regrette-sinc%C3%A8rement-excuses-savanier-apr%C3%A8s-153240871.html\" data-ylk=\"slk:sa petite phrase l\u00e2ch\u00e9e \u00e0 un supporter;elm:context_link;itc:0;sec:content-canvas;outcm:mb_qualified_link;_E:mb_qualified_link;ct:story;\" class=\"link  yahoo-link\" target=\"_blank\" rel=\"noopener\">sa petite phrase l\u00e2ch\u00e9e \u00e0 un supporter<\/a> lors de la claque subie par Montpellier face au Puy (4-0) en 32es de finale de la Coupe de France. \u00ab\u00a0Quand tu touches 210.000 euros par mois, \u00e7a va\u00a0\u00bb, avait-il lanc\u00e9 \u00e0 ce fan qui l\u2019avait chambr\u00e9 sur la situation sportive de son club. Rappel\u00e9 \u00e0 l\u2019ordre par ses dirigeants, Savanier avait fini par pr\u00e9senter ses excuses.<\/p>\n<p class=\"mb-4 text-lg md:leading-8 break-words\"><a href=\"https:\/\/rmcsport.bfmtv.com\/football\/ligue-2\/montpellier-ce-sera-a-lui-de-se-bouger-le-cul-pour-redevenir-titulaire-nicollin-cash-avec-savanier_AV-202508070384.html#xtor=AL-68\" rel=\"nofollow noopener\" target=\"_blank\" data-ylk=\"slk:Article original publi\u00e9 sur RMC Sport;elm:context_link;itc:0;sec:content-canvas\" class=\"link \">Article original publi\u00e9 sur RMC Sport<\/a><\/p>\n","protected":false},"excerpt":{"rendered":"C\u2019est le point de d\u00e9part d\u2019un nouveau cycle. Tomb\u00e9 en Ligue 2 au bout d\u2019une derni\u00e8re saison cauchemardesque,&hellip;\n","protected":false},"author":2,"featured_media":306599,"comment_status":"","ping_status":"","sticky":false,"template":"","format":"standard","meta":{"footnotes":""},"categories":[9599],"tags":[1111,11,40609,1777,674,17996,1011,27,44723,15068,1739,44722,44721,2208,12,2680,25,15067],"class_list":{"0":"post-306598","1":"post","2":"type-post","3":"status-publish","4":"format-standard","5":"has-post-thumbnail","7":"category-montpellier","8":"tag-actu","9":"tag-actualites","10":"tag-benjamin-lecomte","11":"tag-eu","12":"tag-europe","13":"tag-finale-de-la-coupe-de-france","14":"tag-fr","15":"tag-france","16":"tag-issiaga-sylla","17":"tag-jordan-ferri","18":"tag-le-point","19":"tag-milieu-de-terrain","20":"tag-modibo-sagnan","21":"tag-montpellier","22":"tag-news","23":"tag-occitanie","24":"tag-republique-francaise","25":"tag-wahbi-khazri"},"share_on_mastodon":{"url":"https:\/\/pubeurope.com\/@fr\/114997010317827092","error":""},"_links":{"self":[{"href":"https:\/\/www.europesays.com\/fr\/wp-json\/wp\/v2\/posts\/306598","targetHints":{"allow":["GET"]}}],"collection":[{"href":"https:\/\/www.europesays.com\/fr\/wp-json\/wp\/v2\/posts"}],"about":[{"href":"https:\/\/www.europesays.com\/fr\/wp-json\/wp\/v2\/types\/post"}],"author":[{"embeddable":true,"href":"https:\/\/www.europesays.com\/fr\/wp-json\/wp\/v2\/users\/2"}],"replies":[{"embeddable":true,"href":"https:\/\/www.europesays.com\/fr\/wp-json\/wp\/v2\/comments?post=306598"}],"version-history":[{"count":0,"href":"https:\/\/www.europesays.com\/fr\/wp-json\/wp\/v2\/posts\/306598\/revisions"}],"wp:featuredmedia":[{"embeddable":true,"href":"https:\/\/www.europesays.com\/fr\/wp-json\/wp\/v2\/media\/306599"}],"wp:attachment":[{"href":"https:\/\/www.europesays.com\/fr\/wp-json\/wp\/v2\/media?parent=306598"}],"wp:term":[{"taxonomy":"category","embeddable":true,"href":"https:\/\/www.europesays.com\/fr\/wp-json\/wp\/v2\/categories?post=306598"},{"taxonomy":"post_tag","embeddable":true,"href":"https:\/\/www.europesays.com\/fr\/wp-json\/wp\/v2\/tags?post=306598"}],"curies":[{"name":"wp","href":"https:\/\/api.w.org\/{rel}","templated":true}]}}