{"id":306601,"date":"2025-08-09T04:55:11","date_gmt":"2025-08-09T04:55:11","guid":{"rendered":"https:\/\/www.europesays.com\/fr\/306601\/"},"modified":"2025-08-09T04:55:11","modified_gmt":"2025-08-09T04:55:11","slug":"jai-demarre-avec-six-vaches-les-fromages-100-bretons-deglantine-sont-une-des-perles-du-marche-des-lices-a-rennes","status":"publish","type":"post","link":"https:\/\/www.europesays.com\/fr\/306601\/","title":{"rendered":"\u00ab\u00a0J\u2019ai d\u00e9marr\u00e9 avec six vaches\u00a0\u00bb\u00a0: les fromages 100\u00a0% bretons d\u2019\u00c9glantine sont une des perles du march\u00e9 des Lices \u00e0 Rennes"},"content":{"rendered":"<p>Un m\u00e8tre. C\u2019est la taille pr\u00e9cise de la vitrine r\u00e9frig\u00e9r\u00e9e de la fromag\u00e8re install\u00e9e sous la halle Martenot. Malgr\u00e9 son emplacement r\u00e9duit, difficile de passer devant son \u00e9tal, sur le march\u00e9 des Lices \u00e0 Rennes, sans l\u2019apercevoir. La file des habitu\u00e9s s\u2019allonge. \u00ab J\u2019ai le plus petit stand du march\u00e9 des Lices \u00bb, souligne la fromag\u00e8re avec un large sourire amus\u00e9. \u00ab Quelques fois, les gens ont du mal \u00e0 passer dans l\u2019all\u00e9e \u00bb.<\/p>\n<p>Dans la vitrine, ses produits phares, comme le gros lait aux couleurs de la ferme \u00ab Guyoulait \u00bb et les yaourts aux diff\u00e9rents parfums, partent rapidement. \u00ab On fait aussi deux sortes de fromages : des lactiques, avec diff\u00e9rentes \u00e9tapes d\u2019affinage un peu comme les fromages de ch\u00e8vre, et de la tomme \u00bb. Des produits confectionn\u00e9s \u00e0 partir du lait de ses vaches pie noir une race bretonne embl\u00e9matique qu\u2019elle \u00e9l\u00e8ve dans une ferme \u00e0 La Boussac, pr\u00e8s de Dol-de-Bretagne.<\/p>\n<p>\u00ab J\u2019ai d\u00e9marr\u00e9 avec 6 vaches \u00bb<\/p>\n<p>Travailler avec des animaux, c\u2019est ce que la quinquag\u00e9naire a toujours voulu faire : \u00ab J\u2019ai toujours eu envie d\u2019\u00e9lever des vaches. Mon p\u00e8re \u00e9tait \u00e9leveur. Moi, j\u2019ai eu des chevaux, des ch\u00e8vres. J\u2019ai toujours aim\u00e9 les animaux. C\u2019\u00e9tait pour moi une \u00e9vidence \u00bb. Apr\u00e8s un BTS agricole, elle travaille quelque temps comme technicienne de contr\u00f4le laitier. Puis rapidement elle concr\u00e9tise son r\u00eave de toujours. \u00ab J\u2019avais le projet de m\u2019installer. J\u2019ai trouv\u00e9 des terres qui \u00e9taient disponibles \u00bb.<\/p>\n<p>Elle lance son exploitation de 25 hectares, en bio, avec son mari en 2003. \u00ab J\u2019ai d\u00e9marr\u00e9 avec 6 vaches bretonnes pie noir \u00bb. Elle s\u2019occupe de la traite, la transformation du lait et la vente des produits. Lui travaille la terre. Aujourd\u2019hui le cheptel a doubl\u00e9, limit\u00e9 par la taille de la ferme et son autonomie fourrag\u00e8re : \u00ab On n\u2019a pas une grosse production. 12 000 litres de lait transform\u00e9s par an, c\u2019est une toute petite quantit\u00e9 \u00bb. Un choix de mode d\u2019\u00e9levage, \u00e0 l\u2019oppos\u00e9 du syst\u00e8me intensif : \u00ab On laisse les veaux t\u00e9ter sous la m\u00e8re, ce qui r\u00e9duit d\u2019autant la quantit\u00e9 de lait et on ne fait qu\u2019une traite par jour \u00bb.<\/p>\n<p><img decoding=\"async\" src=\"https:\/\/www.europesays.com\/fr\/wp-content\/uploads\/2025\/08\/68933869c4f1d7295f05d7ee.1.jpeg\" width=\"480\" height=\"300\" class=\"web_golden_m\" loading=\"lazy\" alt=\"Eglantine et son mari ont lanc\u00e9 leur \u00e9levage en 2003.\"\/>Eglantine et son mari ont lanc\u00e9 leur \u00e9levage en 2003. (Photo David Brunet)Favoriser la biodiversit\u00e9<\/p>\n<p>Une fa\u00e7on aussi d\u2019\u0153uvrer pour le bien-\u00eatre animal : \u00ab C\u2019est quelque chose de tr\u00e8s important pour nous \u00bb. Car si \u00c9glantine s\u2019est lanc\u00e9e dans ce m\u00e9tier, c\u2019est \u00e9galement pour participer \u00e0 la sauvegarde d\u2019une race qui lui tient \u00e0 c\u0153ur : la \ufeffbretonne pie noir. \u00ab C\u2019est une vache facile \u00e0 \u00e9lever et rustique. C\u2019est aussi une race \u00e0 faible effectif. C\u2019est donc important de pouvoir contribuer \u00e0 conserver ce patrimoine g\u00e9n\u00e9tique et \u00e0 favoriser la biodiversit\u00e9 \u00bb.<\/p>\n<p>Il faut dire que la petite vache bretonne autrefois r\u00e9pandue dans les campagnes a bien failli dispara\u00eetre dans les ann\u00e9es 70, comme beaucoup de races locales, car elles n\u2019\u00e9taient pas assez productives. \u00ab Au d\u00e9but du XXe si\u00e8cle, c\u2019\u00e9tait la premi\u00e8re race laiti\u00e8re fran\u00e7aise. Il ne restait qu\u2019environ 300 vaches. Aujourd\u2019hui, on est au-dessus de 3 000. Son lait est de tr\u00e8s bonne qualit\u00e9 et se pr\u00eate bien \u00e0 la transformation fromag\u00e8re \u00bb.<\/p>\n<p>Une qualit\u00e9 qui a su convaincre les clients. Apr\u00e8s avoir propos\u00e9 ses produits sur le march\u00e9 de Dol-de-Bretagne, elle s\u2019installe en 2017 au march\u00e9 des Lices. \u00ab Je voulais d\u00e9velopper mon activit\u00e9. Un ami qui travaillait les m\u00eames produits que moi quittait le march\u00e9. J\u2019ai profit\u00e9 de cette opportunit\u00e9 \u00bb.<\/p>\n<p><a href=\"https:\/\/www.letelegramme.fr\/ille-et-vilaine\/rennes-35000\/mon-arriere-grand-mere-venait-a-velo-la-veille-avec-sa-glaciere-a-rennes-la-famille-beucher-est-depuis-un-siecle-sur-le-marche-des-lices-6863007.php\" target=\"_blank\" rel=\"noopener\">\u00ab Mon arri\u00e8re-grand-m\u00e8re venait \u00e0 v\u00e9lo la veille avec sa glaci\u00e8re \u00bb : \u00e0 Rennes, la famille Beucher est depuis un si\u00e8cle sur le march\u00e9 des Lices<\/a><\/p>\n<p>\u00ab Une client\u00e8le d\u2019habitu\u00e9s \u00bb<\/p>\n<p>Des produits bio, locaux, en circuit court : le concept s\u00e9duit rapidement la client\u00e8le. En moyenne, elle vend ainsi, tous les samedis, entre 500 et 600 pots de yaourts et de gros lait, ses produits phares. \u00ab J\u2019ai une client\u00e8le qui revient toutes les semaines \u00bb. Un habitu\u00e9 d\u00e9pose dans une caisse ses pots en verre vides consign\u00e9s. Un geste devenu normal pour ses clients. \u00ab Les gens sont tr\u00e8s attentifs au vrac, avec des contenants r\u00e9utilisables pour le z\u00e9ro d\u00e9chet. On fait le maximum dans cette d\u00e9marche \u00bb.<\/p>\n<p>Au cours de l\u2019ann\u00e9e, l\u2019activit\u00e9 est importante et les clients nombreux : \u00ab Il y a des jours o\u00f9 je n\u2019ai pas le temps de parler avec les gens, car la queue remonte devant l\u2019\u00e9tal voisin. L\u2019\u00e9t\u00e9, il y a moins de monde, \u00e7a permet d\u2019\u00e9changer avec les clients que l\u2019on voit rapidement autrement. C\u2019est sympa \u00bb. Elle \u00e9coule ainsi l\u2019ensemble de sa production sur le march\u00e9 rennais, mais \u00e9galement dans des magasins bio et quelques \u00e9piceries. Des commerces qu\u2019elle livre depuis plus de 20 ans et avec qui elle a li\u00e9 \u00ab des liens de confiance \u00bb.<\/p>\n<p>Un m\u00e9tier prenant et physique qu\u2019elle exerce maintenant depuis 22 ans. \u00ab J\u2019essaie de lever un peu le pied \u00bb, souligne la fromag\u00e8re. Pour se diversifier, elle envisage ainsi d\u2019\u00e9lever quelques moutons et de d\u00e9velopper une production de petits fruits.<\/p>\n","protected":false},"excerpt":{"rendered":"Un m\u00e8tre. C\u2019est la taille pr\u00e9cise de la vitrine r\u00e9frig\u00e9r\u00e9e de la fromag\u00e8re install\u00e9e sous la halle Martenot.&hellip;\n","protected":false},"author":2,"featured_media":306602,"comment_status":"","ping_status":"","sticky":false,"template":"","format":"standard","meta":{"footnotes":""},"categories":[2821],"tags":[1111,11,829,2033,1777,674,1011,27,848,12,584,25],"class_list":{"0":"post-306601","1":"post","2":"type-post","3":"status-publish","4":"format-standard","5":"has-post-thumbnail","7":"category-rennes","8":"tag-actu","9":"tag-actualites","10":"tag-bretagne","11":"tag-commerces-a-rennes","12":"tag-eu","13":"tag-europe","14":"tag-fr","15":"tag-france","16":"tag-ille-et-vilaine","17":"tag-news","18":"tag-rennes","19":"tag-republique-francaise"},"share_on_mastodon":{"url":"https:\/\/pubeurope.com\/@fr\/114997030022958743","error":""},"_links":{"self":[{"href":"https:\/\/www.europesays.com\/fr\/wp-json\/wp\/v2\/posts\/306601","targetHints":{"allow":["GET"]}}],"collection":[{"href":"https:\/\/www.europesays.com\/fr\/wp-json\/wp\/v2\/posts"}],"about":[{"href":"https:\/\/www.europesays.com\/fr\/wp-json\/wp\/v2\/types\/post"}],"author":[{"embeddable":true,"href":"https:\/\/www.europesays.com\/fr\/wp-json\/wp\/v2\/users\/2"}],"replies":[{"embeddable":true,"href":"https:\/\/www.europesays.com\/fr\/wp-json\/wp\/v2\/comments?post=306601"}],"version-history":[{"count":0,"href":"https:\/\/www.europesays.com\/fr\/wp-json\/wp\/v2\/posts\/306601\/revisions"}],"wp:featuredmedia":[{"embeddable":true,"href":"https:\/\/www.europesays.com\/fr\/wp-json\/wp\/v2\/media\/306602"}],"wp:attachment":[{"href":"https:\/\/www.europesays.com\/fr\/wp-json\/wp\/v2\/media?parent=306601"}],"wp:term":[{"taxonomy":"category","embeddable":true,"href":"https:\/\/www.europesays.com\/fr\/wp-json\/wp\/v2\/categories?post=306601"},{"taxonomy":"post_tag","embeddable":true,"href":"https:\/\/www.europesays.com\/fr\/wp-json\/wp\/v2\/tags?post=306601"}],"curies":[{"name":"wp","href":"https:\/\/api.w.org\/{rel}","templated":true}]}}