{"id":306603,"date":"2025-08-09T04:56:15","date_gmt":"2025-08-09T04:56:15","guid":{"rendered":"https:\/\/www.europesays.com\/fr\/306603\/"},"modified":"2025-08-09T04:56:15","modified_gmt":"2025-08-09T04:56:15","slug":"gagnez-vos-places-pour-le-festival-du-roi-arthur-pres-de-rennes","status":"publish","type":"post","link":"https:\/\/www.europesays.com\/fr\/306603\/","title":{"rendered":"Gagnez vos places pour le Festival du Roi Arthur pr\u00e8s de Rennes !"},"content":{"rendered":"\n<p><strong>Alouette vous a r\u00e9serv\u00e9 vos places pour <a href=\"https:\/\/www.festivalduroiarthur.fr\/\" rel=\"noopener nofollow\" target=\"_blank\">le Festival du Roi Arthur<\/a>, les 22, 23 et 24 ao\u00fbt \u00e0 Br\u00e9al-sous-Montfort, \u00e0 20 minutes de Rennes !<\/strong><\/p>\n<p>Une programmation royale avec <strong>Justice, Santa, SCH, Bigflo et Oli, Franz Ferdinand, Eddy de Pretto, Soldat Louis feat. Bagad de Lann Bihou\u00e9<\/strong> et bien d&rsquo;autres artistes !<\/p>\n<p>Inscrivez-vous dans\u00a0<strong>le formulaire ci-dessous<\/strong> pour aller applaudir vos artistes pr\u00e9f\u00e9r\u00e9s ! Vous avez le choix entre les trois dates :<\/p>\n<ul>\n<li>Vendredi 22 ao\u00fbt : Eddy de Pretto, SCH, Justice&#8230;<\/li>\n<li>Samedi 23 ao\u00fbt : Ad\u00e9, Soldat Louis feat. Bagad de Lann Bihou\u00e9, Santa&#8230;<\/li>\n<li>Dimanche 24 ao\u00fbt : Franz Ferdinand, Vald, Bigflo &amp; Oli&#8230;<\/li>\n<\/ul>\n<p>\u00a0<\/p>\n<p>\u00a0<\/p>\n<p>\u00a0<\/p>\n<p><a href=\"https:\/\/bocir-prod-bucket.s3.amazonaws.com\/medias\/6cOIUcKx8a\/pdf\/reglement_cadre_alouette_au_1_juin_20251749040703387.pdf\" rel=\"noopener nofollow\" target=\"_blank\">R\u00e8glement du jeu.<\/a><\/p>\n","protected":false},"excerpt":{"rendered":"Alouette vous a r\u00e9serv\u00e9 vos places pour le Festival du Roi Arthur, les 22, 23 et 24 ao\u00fbt&hellip;\n","protected":false},"author":2,"featured_media":306604,"comment_status":"","ping_status":"","sticky":false,"template":"","format":"standard","meta":{"footnotes":""},"categories":[2821],"tags":[1111,11,2937,41712,44724,829,30517,1777,674,849,1011,27,303,873,12,584,25,41557,44726,23702,44725],"class_list":{"0":"post-306603","1":"post","2":"type-post","3":"status-publish","4":"format-standard","5":"has-post-thumbnail","7":"category-rennes","8":"tag-actu","9":"tag-actualites","10":"tag-artistes","11":"tag-bigflo-oli","12":"tag-breal-sous-montfort","13":"tag-bretagne","14":"tag-eddy-de-pretto","15":"tag-eu","16":"tag-europe","17":"tag-festival","18":"tag-fr","19":"tag-france","20":"tag-justice","21":"tag-musique","22":"tag-news","23":"tag-rennes","24":"tag-republique-francaise","25":"tag-roi-arthur","26":"tag-santa","27":"tag-sch","28":"tag-vald"},"share_on_mastodon":{"url":"https:\/\/pubeurope.com\/@fr\/114997034333023775","error":""},"_links":{"self":[{"href":"https:\/\/www.europesays.com\/fr\/wp-json\/wp\/v2\/posts\/306603","targetHints":{"allow":["GET"]}}],"collection":[{"href":"https:\/\/www.europesays.com\/fr\/wp-json\/wp\/v2\/posts"}],"about":[{"href":"https:\/\/www.europesays.com\/fr\/wp-json\/wp\/v2\/types\/post"}],"author":[{"embeddable":true,"href":"https:\/\/www.europesays.com\/fr\/wp-json\/wp\/v2\/users\/2"}],"replies":[{"embeddable":true,"href":"https:\/\/www.europesays.com\/fr\/wp-json\/wp\/v2\/comments?post=306603"}],"version-history":[{"count":0,"href":"https:\/\/www.europesays.com\/fr\/wp-json\/wp\/v2\/posts\/306603\/revisions"}],"wp:featuredmedia":[{"embeddable":true,"href":"https:\/\/www.europesays.com\/fr\/wp-json\/wp\/v2\/media\/306604"}],"wp:attachment":[{"href":"https:\/\/www.europesays.com\/fr\/wp-json\/wp\/v2\/media?parent=306603"}],"wp:term":[{"taxonomy":"category","embeddable":true,"href":"https:\/\/www.europesays.com\/fr\/wp-json\/wp\/v2\/categories?post=306603"},{"taxonomy":"post_tag","embeddable":true,"href":"https:\/\/www.europesays.com\/fr\/wp-json\/wp\/v2\/tags?post=306603"}],"curies":[{"name":"wp","href":"https:\/\/api.w.org\/{rel}","templated":true}]}}