{"id":306605,"date":"2025-08-09T04:57:12","date_gmt":"2025-08-09T04:57:12","guid":{"rendered":"https:\/\/www.europesays.com\/fr\/306605\/"},"modified":"2025-08-09T04:57:12","modified_gmt":"2025-08-09T04:57:12","slug":"lalsace-reve-toujours-de-redevenir-une-region-a-part","status":"publish","type":"post","link":"https:\/\/www.europesays.com\/fr\/306605\/","title":{"rendered":"l&rsquo;Alsace r\u00eave toujours de redevenir une r\u00e9gion \u00e0 part"},"content":{"rendered":"<p>M\u00eame si ses deux premiers pr\u00e9sidents \u00e9lus (Philippe Richert et <a href=\"https:\/\/www.dna.fr\/p\/jean-rottner\" target=\"_blank\" rel=\"noopener\">Jean Rottner<\/a>) \u00e9taient Alsaciens et que son si\u00e8ge est \u00e0 Strasbourg, la r\u00e9gion Grand Est, n\u00e9e de la r\u00e9forme territoriale d\u00e9cid\u00e9e par <a href=\"https:\/\/www.dna.fr\/p\/francois-hollande\" target=\"_blank\" rel=\"noopener\">Fran\u00e7ois Hollande<\/a> et de la fusion, le 1er janvier 2016, des anciennes r\u00e9gions Champagne-Ardenne, Lorraine et Alsace, n\u2019a cess\u00e9 d\u2019\u00eatre contest\u00e9e dans sa partie la plus orientale.<\/p>\n<p>En 2018, un sondage Ifop indiquait que 67\u00a0% des Alsaciens souhaitaient une sortie du Grand Est. Ce taux a augment\u00e9 au fil des ann\u00e9es, \u00e0 en croire un nouveau sondage du m\u00eame institut, \u00e9galement command\u00e9 par des organisations pro-sortie du Grand Est et publi\u00e9 d\u00e9but juin : <a href=\"https:\/\/www.dna.fr\/collectivite-europeenne-d-alsace\/2025\/06\/04\/72-des-alsaciens-favorables-a-la-sortie-de-l-alsace-du-grand-est-selon-un-sondage\" target=\"_blank\" rel=\"noopener\">72\u00a0% des Alsaciens se prononceraient d\u00e9sormais en faveur de la cr\u00e9ation d\u2019une r\u00e9gion Alsace hors du Grand Est<\/a>, en cas de r\u00e9f\u00e9rendum sur cette question.<\/p>\n<p>Si cette question institutionnelle n&rsquo;est pas un sujet de d\u00e9bat majeur au sein de la population \u2013 fin juin, <a href=\"https:\/\/www.dna.fr\/politique\/2025\/06\/24\/pour-ses-10-ans-la-grande-region-recolte-les-bons-points\" target=\"_blank\" rel=\"noopener\">une enqu\u00eate OpinionWay, command\u00e9e celle-l\u00e0 par la r\u00e9gion, donnait 53 % d&rsquo;opposants alsaciens<\/a> au Grand Est, les a\u00een\u00e9s y \u00e9tant largement plus d\u00e9favorables que les jeunes \u2013, <a href=\"https:\/\/www.dna.fr\/politique\/2025\/07\/06\/dix-ans-plus-tard-les-anti-grand-est-ne-desarment-pas\" target=\"_blank\" rel=\"noopener\">beaucoup d\u2019\u00e9lus ont fait de cette sortie leur cheval de bataille<\/a>, multipliant les appels \u00e0 l\u2019ex\u00e9cutif, propositions de loi, tribunes, manifestations\u2026<\/p>\n<p>  La fusion des d\u00e9partements en compensation<\/p>\n<p>Pour \u00ab\u00a0reconna\u00eetre le fait alsacien\u00a0\u00bb, <a href=\"https:\/\/www.dna.fr\/p\/emmanuel-macron\" target=\"_blank\" rel=\"noopener\">Emmanuel Macron<\/a> a accept\u00e9 la cr\u00e9ation, le 1er janvier 2021, de la Collectivit\u00e9 europ\u00e9enne d\u2019Alsace (CEA), qui a fusionn\u00e9 les conseils d\u00e9partementaux du Bas-Rhin et du Haut-Rhin. Pr\u00e9sid\u00e9e par <a href=\"https:\/\/www.dna.fr\/p\/frederic-bierry\" target=\"_blank\" rel=\"noopener\">Fr\u00e9d\u00e9ric Bierry<\/a> (LR), cette CEA a rapidement lanc\u00e9 une \u00ab\u00a0consultation citoyenne\u00a0\u00bb sur la sortie du Grand Est et la reconstitution d\u2019une r\u00e9gion Alsace, option qui a obtenu le soutien de 92\u00a0% des 153\u00a0844 participants.<\/p>\n<p>Mais lors d\u2019une visite \u00e0 Strasbourg le 26\u00a0avril 2024, le pr\u00e9sident de la R\u00e9publique a refus\u00e9 de relancer \u00ab\u00a0un grand jeu institutionnel\u00a0\u00bb, se disant seulement favorable \u00e0 une n\u00e9gociation sur \u00ab\u00a0certains transferts de comp\u00e9tences\u00a0\u00bb du Grand Est vers la CEA, qui se r\u00eave comme une r\u00e9gion \u00e0 part enti\u00e8re.<\/p>\n","protected":false},"excerpt":{"rendered":"M\u00eame si ses deux premiers pr\u00e9sidents \u00e9lus (Philippe Richert et Jean Rottner) \u00e9taient Alsaciens et que son si\u00e8ge&hellip;\n","protected":false},"author":2,"featured_media":306606,"comment_status":"","ping_status":"","sticky":false,"template":"","format":"standard","meta":{"footnotes":""},"categories":[2820],"tags":[1111,11,2389,2649,1777,674,107,1011,27,775,12,316,25,640],"class_list":{"0":"post-306605","1":"post","2":"type-post","3":"status-publish","4":"format-standard","5":"has-post-thumbnail","7":"category-strasbourg","8":"tag-actu","9":"tag-actualites","10":"tag-alsace","11":"tag-bas-rhin","12":"tag-eu","13":"tag-europe","14":"tag-fil-info","15":"tag-fr","16":"tag-france","17":"tag-grand-est","18":"tag-news","19":"tag-politique","20":"tag-republique-francaise","21":"tag-strasbourg"},"share_on_mastodon":{"url":"https:\/\/pubeurope.com\/@fr\/114997037863617353","error":""},"_links":{"self":[{"href":"https:\/\/www.europesays.com\/fr\/wp-json\/wp\/v2\/posts\/306605","targetHints":{"allow":["GET"]}}],"collection":[{"href":"https:\/\/www.europesays.com\/fr\/wp-json\/wp\/v2\/posts"}],"about":[{"href":"https:\/\/www.europesays.com\/fr\/wp-json\/wp\/v2\/types\/post"}],"author":[{"embeddable":true,"href":"https:\/\/www.europesays.com\/fr\/wp-json\/wp\/v2\/users\/2"}],"replies":[{"embeddable":true,"href":"https:\/\/www.europesays.com\/fr\/wp-json\/wp\/v2\/comments?post=306605"}],"version-history":[{"count":0,"href":"https:\/\/www.europesays.com\/fr\/wp-json\/wp\/v2\/posts\/306605\/revisions"}],"wp:featuredmedia":[{"embeddable":true,"href":"https:\/\/www.europesays.com\/fr\/wp-json\/wp\/v2\/media\/306606"}],"wp:attachment":[{"href":"https:\/\/www.europesays.com\/fr\/wp-json\/wp\/v2\/media?parent=306605"}],"wp:term":[{"taxonomy":"category","embeddable":true,"href":"https:\/\/www.europesays.com\/fr\/wp-json\/wp\/v2\/categories?post=306605"},{"taxonomy":"post_tag","embeddable":true,"href":"https:\/\/www.europesays.com\/fr\/wp-json\/wp\/v2\/tags?post=306605"}],"curies":[{"name":"wp","href":"https:\/\/api.w.org\/{rel}","templated":true}]}}