{"id":306610,"date":"2025-08-09T05:03:09","date_gmt":"2025-08-09T05:03:09","guid":{"rendered":"https:\/\/www.europesays.com\/fr\/306610\/"},"modified":"2025-08-09T05:03:09","modified_gmt":"2025-08-09T05:03:09","slug":"trois-femmes-blessees-legerement-dans-un-accident-de-voitures-au-sud-de-nantes","status":"publish","type":"post","link":"https:\/\/www.europesays.com\/fr\/306610\/","title":{"rendered":"Trois femmes bless\u00e9es l\u00e9g\u00e8rement dans un accident de voitures au sud de Nantes"},"content":{"rendered":"<p>Un accident impliquant trois v\u00e9hicules s\u2019est produit ce vendredi 8\u00a0ao\u00fbt, aux alentours de 17\u00a0h\u00a045, dans la commune de Basse-Goulaine (Loire-Atlantique), \u00e0 proximit\u00e9 de l\u2019aire de covoiturage de la porte du Vignoble.<\/p>\n<p>Une femme de 55\u00a0ans, coinc\u00e9e dans son v\u00e9hicule, a d\u00fb \u00eatre d\u00e9sincarc\u00e9r\u00e9e. Deux autres femmes, \u00e2g\u00e9es de 53 et 68\u00a0ans, ont \u00e9galement \u00e9t\u00e9 prises en charge par les secours. L\u00e9g\u00e8rement bless\u00e9es, les trois victimes ont \u00e9t\u00e9 transport\u00e9es \u00e0 Nantes, vers le CHU et l\u2019h\u00f4pital priv\u00e9 du Confluent.<\/p>\n<p>Quinze sapeurs-pompiers ont \u00e9t\u00e9 mobilis\u00e9s pour intervenir sur les lieux. L\u2019intervention a n\u00e9cessit\u00e9 la fermeture temporaire de la bretelle d\u2019acc\u00e8s \u00e0 la voie rapide, qui a pu \u00eatre rouverte peu apr\u00e8s. Les forces de la police nationale ainsi que les \u00e9quipes de la Direction des routes sont \u00e9galement intervenues pour s\u00e9curiser les lieux et r\u00e9guler la circulation.<\/p>\n<p>\u00a0<\/p>\n","protected":false},"excerpt":{"rendered":"Un accident impliquant trois v\u00e9hicules s\u2019est produit ce vendredi 8\u00a0ao\u00fbt, aux alentours de 17\u00a0h\u00a045, dans la commune de&hellip;\n","protected":false},"author":2,"featured_media":306611,"comment_status":"","ping_status":"","sticky":false,"template":"","format":"standard","meta":{"footnotes":""},"categories":[2818],"tags":[119,1111,11,11017,1777,674,4651,1011,27,44727,766,12,2636,25,7053,3888],"class_list":{"0":"post-306610","1":"post","2":"type-post","3":"status-publish","4":"format-standard","5":"has-post-thumbnail","7":"category-nantes","8":"tag-accident","9":"tag-actu","10":"tag-actualites","11":"tag-blessees","12":"tag-eu","13":"tag-europe","14":"tag-femmes","15":"tag-fr","16":"tag-france","17":"tag-legerement","18":"tag-nantes","19":"tag-news","20":"tag-pays-de-la-loire","21":"tag-republique-francaise","22":"tag-sud","23":"tag-voitures"},"share_on_mastodon":{"url":"https:\/\/pubeurope.com\/@fr\/114997061441066986","error":""},"_links":{"self":[{"href":"https:\/\/www.europesays.com\/fr\/wp-json\/wp\/v2\/posts\/306610","targetHints":{"allow":["GET"]}}],"collection":[{"href":"https:\/\/www.europesays.com\/fr\/wp-json\/wp\/v2\/posts"}],"about":[{"href":"https:\/\/www.europesays.com\/fr\/wp-json\/wp\/v2\/types\/post"}],"author":[{"embeddable":true,"href":"https:\/\/www.europesays.com\/fr\/wp-json\/wp\/v2\/users\/2"}],"replies":[{"embeddable":true,"href":"https:\/\/www.europesays.com\/fr\/wp-json\/wp\/v2\/comments?post=306610"}],"version-history":[{"count":0,"href":"https:\/\/www.europesays.com\/fr\/wp-json\/wp\/v2\/posts\/306610\/revisions"}],"wp:featuredmedia":[{"embeddable":true,"href":"https:\/\/www.europesays.com\/fr\/wp-json\/wp\/v2\/media\/306611"}],"wp:attachment":[{"href":"https:\/\/www.europesays.com\/fr\/wp-json\/wp\/v2\/media?parent=306610"}],"wp:term":[{"taxonomy":"category","embeddable":true,"href":"https:\/\/www.europesays.com\/fr\/wp-json\/wp\/v2\/categories?post=306610"},{"taxonomy":"post_tag","embeddable":true,"href":"https:\/\/www.europesays.com\/fr\/wp-json\/wp\/v2\/tags?post=306610"}],"curies":[{"name":"wp","href":"https:\/\/api.w.org\/{rel}","templated":true}]}}