{"id":306614,"date":"2025-08-09T05:05:09","date_gmt":"2025-08-09T05:05:09","guid":{"rendered":"https:\/\/www.europesays.com\/fr\/306614\/"},"modified":"2025-08-09T05:05:09","modified_gmt":"2025-08-09T05:05:09","slug":"apres-une-erreur-du-bailleur-cette-famille-de-gironde-voit-tous-ses-souvenirs-partir-a-la-dechetterie","status":"publish","type":"post","link":"https:\/\/www.europesays.com\/fr\/306614\/","title":{"rendered":"Apr\u00e8s une erreur du bailleur, cette famille de Gironde voit tous ses souvenirs partir \u00e0 la d\u00e9chetterie"},"content":{"rendered":"<p>            Par<br \/>\n        <strong><br \/>\n            <a href=\"https:\/\/actu.fr\/auteur\/julian-doubax\" title=\"Consulter tous les articles de Julian Doubax\" rel=\"nofollow noopener\" target=\"_blank\">Julian Doubax<\/a><br \/>\n        <\/strong><\/p>\n<p>        Publi\u00e9 le<\/p>\n<p>            9 ao\u00fbt 2025 \u00e0 6h32        <\/p>\n<p>\u00ab\u2009Au d\u00e9but, je pensais que c\u2019\u00e9tait une <strong>blague\u2009<\/strong>\u00bb, avoue L\u00e9o quand son fr\u00e8re l\u2019a appel\u00e9 pour lui indiquer la mauvaise nouvelle. D\u00e9but juillet\u00a02025, cette famille habitant \u00e0 <a href=\"https:\/\/actu.fr\/nouvelle-aquitaine\/eysines_33162\" rel=\"nofollow noopener\" target=\"_blank\">Eysines<\/a> (Gironde) a \u00e9t\u00e9 <a href=\"https:\/\/actu.fr\/nouvelle-aquitaine\/bordeaux_33063\/sur-un-site-de-locations-de-vacances-marianne-a-ete-victime-d-une-arnaque-bien-huilee-j-en-ai-pleure_62338654.html\" rel=\"nofollow noopener\" target=\"_blank\">victime<\/a> d\u2019une <strong>erreur de son bailleur<\/strong> lors du d\u00e9m\u00e9nagement d\u2019une cave de la r\u00e9sidence. \u00c0 la suite de cette b\u00e9vue, de nombreuses affaires <strong>familiales<\/strong> et <strong>sentimentales <\/strong>qui \u00e9taient conserv\u00e9es pr\u00e9cieusement ont \u00e9t\u00e9 d\u00e9truites.<\/p>\n<p>La mauvaise cave<\/p>\n<p class=\" wall-content\">D\u00e9but juillet, une personne de la r\u00e9sidence o\u00f9 sont domicili\u00e9s L\u00e9o et sa famille va d\u00e9m\u00e9nager. <strong>Domofrance<\/strong>, le bailleur, mandate alors une soci\u00e9t\u00e9 sp\u00e9cialis\u00e9e pour vider et jeter les affaires de sa cave.<\/p>\n<p class=\" wall-content\">Malheureusement, les choses ne se passent pas comme pr\u00e9vu. \u00ab\u2009Lors de l\u2019intervention, l\u2019entreprise <strong>a vid\u00e9 la mauvaise cave<\/strong>. Elle s\u2019est occup\u00e9e de celle juste en face qui \u00e9tait la n\u00f4tre\u2009\u00bb, raconte L\u00e9o, d\u00e9sabus\u00e9 par la situation. C\u2019est son fr\u00e8re qui constate l\u2019erreur en d\u00e9couvrant la pi\u00e8ce totalement vide.<\/p>\n<p class=\" wall-content\">En d\u00e9placement professionnel, le Girondin se d\u00e9p\u00eache de joindre la soci\u00e9t\u00e9 qui a r\u00e9alis\u00e9 ce remue-m\u00e9nage mais il \u00e9tait d\u00e9j\u00e0 trop tard. \u00ab\u2009Le personnel m\u2019a indiqu\u00e9 que toutes mes affaires avaient d\u00e9j\u00e0 \u00e9t\u00e9 <strong>jet\u00e9es \u00e0 la d\u00e9chetterie<\/strong>. Il ne restait plus que mon v\u00e9lo.\u2009\u00bb<\/p>\n<p class=\" wall-content\">Dans cette histoire, trois v\u00e9los ont \u00e9t\u00e9 perdus dont un qui servait au fr\u00e8re a\u00een\u00e9 \u00e0 se rendre au travail. Mais c\u2019est surtout sur le plan <strong>familial<\/strong> et <strong>sentimental<\/strong> que cette erreur touche le Girondin. \u00ab\u2009J\u2019ai perdu des anciens livres et jouets mais surtout des objets ayant appartenu \u00e0 ma m\u00e8re et m\u00eame mes grands-parents dont des <strong>albums photos<\/strong>.\u2009\u00bb Des souvenirs <strong>irr\u00e9cup\u00e9rables<\/strong>.<\/p>\n<p>Une cagnotte ouverte<\/p>\n<p class=\" wall-content\">En dernier recours, L\u00e9o a donc d\u00e9cid\u00e9 se lancer une <a href=\"https:\/\/www.leetchi.com\/fr\/c\/perte-dobjets-de-valeur-sentimentale-9053590?fbclid=IwY2xjawMBnkVleHRuA2FlbQIxMABicmlkETFnRWRzTHFzWWRaT3cxWm8zAR5B6P2uYcMU-L78J3fKakiBUeMWbe8oNjdJ6ky8k_hAfOWG8TkSgTxwc3ejBg_aem_ya7bEGevZlx9xp2d4ARoZw\" rel=\"nofollow noopener\" target=\"_blank\">cagnotte <\/a>avec \u00ab\u2009l\u2019espoir de pouvoir racheter en priorit\u00e9\u2009\u00bb les v\u00e9los d\u00e9truits. \u00ab\u2009\u00c7a me tient \u00e0 c\u0153ur notamment pour que mon fr\u00e8re puisse aller travailler. Par contre, je sais bien qu\u2019on ne pourra <strong>jamais racheter les photos<\/strong> et souvenirs.\u2009\u00bb<\/p>\n<p class=\" wall-content\">Apr\u00e8s cette m\u00e9saventure, L\u00e9o s\u2019est \u00e9galement rapproch\u00e9 de Domofrance pour clarifier la situation. L\u2019Eysinais sait qu\u2019obtenir<strong> gain de cause<\/strong> sera complexe. \u00ab\u2009Si je veux \u00eatre d\u00e9dommag\u00e9, c\u2019est quasiment impossible car je n\u2019ai aucune facture\u2009\u00bb, d\u00e9taille le jeune homme de 20\u00a0ans qui con\u00e7oit aussi que la<strong> perte d\u2019objets sentimentaux<\/strong> n\u2019a pas de prix.<\/p>\n<p class=\" wall-content\">Contact\u00e9e par\u00a0<a href=\"https:\/\/actu.fr\/bordeaux\/\" rel=\"nofollow noopener\" target=\"_blank\">actu Bordeaux,<\/a> Domofrance n\u2019a pas donn\u00e9 suite \u00e0 nos <strong>sollicitations<\/strong> \u00e0 l\u2019heure o\u00f9 nous \u00e9crivons ces lignes. L\u2019entreprise d\u2019habitat, rest\u00e9e muette aupr\u00e8s de la famille pendant pr\u00e8s d\u2019un mois, a cependant propos\u00e9 un<strong> rendez-vous<\/strong> \u00e0 la m\u00e8re de L\u00e9o.<\/p>\n<p class=\" wall-content\">Ce dernier explique que Domofrance a demand\u00e9 de faire \u00ab\u2009une estimation des pertes\u2009\u00bb pour tenter d\u2019obtenir un <strong>d\u00e9dommagement<\/strong>. Cela peut permettre de reconstruire ce petit bout de m\u00e9moire envol\u00e9.<\/p>\n<p class=\" wall-content\">Suivez toute l\u2019actualit\u00e9 de vos villes et m\u00e9dias favoris en vous inscrivant \u00e0 <a href=\"https:\/\/moncompte.actu.fr\" title=\"D\u00e9couvez Mon Actu\" rel=\"nofollow noopener\" data-trk=\"{&quot;cta&quot;:{&quot;action&quot;:&quot;https:\\\/\\\/moncompte.actu.fr&quot;,&quot;category&quot;:&quot;mon compte&quot;,&quot;from&quot;:&quot;article footer&quot;,&quot;name&quot;:&quot;Mon actu&quot;,&quot;type&quot;:&quot;cta&quot;}}\" target=\"_blank\">Mon Actu<\/a>.<\/p>\n","protected":false},"excerpt":{"rendered":"Par Julian Doubax Publi\u00e9 le 9 ao\u00fbt 2025 \u00e0 6h32 \u00ab\u2009Au d\u00e9but, je pensais que c\u2019\u00e9tait une blague\u2009\u00bb,&hellip;\n","protected":false},"author":2,"featured_media":306615,"comment_status":"","ping_status":"","sticky":false,"template":"","format":"standard","meta":{"footnotes":""},"categories":[2817],"tags":[1111,11,1997,1777,674,1011,27,1908,12,2219,25,104],"class_list":{"0":"post-306614","1":"post","2":"type-post","3":"status-publish","4":"format-standard","5":"has-post-thumbnail","7":"category-bordeaux","8":"tag-actu","9":"tag-actualites","10":"tag-bordeaux","11":"tag-eu","12":"tag-europe","13":"tag-fr","14":"tag-france","15":"tag-logement","16":"tag-news","17":"tag-nouvelle-aquitaine","18":"tag-republique-francaise","19":"tag-societe"},"share_on_mastodon":{"url":"https:\/\/pubeurope.com\/@fr\/114997069317838813","error":""},"_links":{"self":[{"href":"https:\/\/www.europesays.com\/fr\/wp-json\/wp\/v2\/posts\/306614","targetHints":{"allow":["GET"]}}],"collection":[{"href":"https:\/\/www.europesays.com\/fr\/wp-json\/wp\/v2\/posts"}],"about":[{"href":"https:\/\/www.europesays.com\/fr\/wp-json\/wp\/v2\/types\/post"}],"author":[{"embeddable":true,"href":"https:\/\/www.europesays.com\/fr\/wp-json\/wp\/v2\/users\/2"}],"replies":[{"embeddable":true,"href":"https:\/\/www.europesays.com\/fr\/wp-json\/wp\/v2\/comments?post=306614"}],"version-history":[{"count":0,"href":"https:\/\/www.europesays.com\/fr\/wp-json\/wp\/v2\/posts\/306614\/revisions"}],"wp:featuredmedia":[{"embeddable":true,"href":"https:\/\/www.europesays.com\/fr\/wp-json\/wp\/v2\/media\/306615"}],"wp:attachment":[{"href":"https:\/\/www.europesays.com\/fr\/wp-json\/wp\/v2\/media?parent=306614"}],"wp:term":[{"taxonomy":"category","embeddable":true,"href":"https:\/\/www.europesays.com\/fr\/wp-json\/wp\/v2\/categories?post=306614"},{"taxonomy":"post_tag","embeddable":true,"href":"https:\/\/www.europesays.com\/fr\/wp-json\/wp\/v2\/tags?post=306614"}],"curies":[{"name":"wp","href":"https:\/\/api.w.org\/{rel}","templated":true}]}}