{"id":306617,"date":"2025-08-09T05:07:09","date_gmt":"2025-08-09T05:07:09","guid":{"rendered":"https:\/\/www.europesays.com\/fr\/306617\/"},"modified":"2025-08-09T05:07:09","modified_gmt":"2025-08-09T05:07:09","slug":"canicule-en-haute-garonne-plus-de-vingt-spots-de-baignade-a-toulouse-et-ses-alentours-pour-se-rafraichir","status":"publish","type":"post","link":"https:\/\/www.europesays.com\/fr\/306617\/","title":{"rendered":"Canicule en Haute-Garonne. Plus de vingt spots de baignade \u00e0 Toulouse et ses alentours pour se rafra\u00eechir"},"content":{"rendered":"<p>            Par<br \/>\n        <strong><br \/>\n            <a href=\"https:\/\/actu.fr\/auteur\/nina-hossein-zadeh\" title=\"Consulter tous les articles de Nina Hossein-Zadeh\" target=\"_blank\" rel=\"noopener\">Nina Hossein-Zadeh<\/a><br \/>\n        <\/strong><\/p>\n<p>        Publi\u00e9 le<\/p>\n<p>            9 ao\u00fbt 2025 \u00e0 7h00        <\/p>\n<p><a href=\"https:\/\/actu.fr\/occitanie\/toulouse_31555\/un-fort-episode-de-canicule-annonce-a-toulouse-l-alerte-orange-declenchee-en-haute-garonne_63007660.html\" target=\"_blank\" rel=\"noopener\">La canicule sera \u00ab\u2009interminable\u2009\u00bb<\/a>, confiait le m\u00e9t\u00e9orologiste Guillaume S\u00e9chet. Depuis ce vendredi 8\u00a0ao\u00fbt 2025<strong>, la Haute-Garonne est plac\u00e9e en vigilance orange canicule<\/strong>. Le mercure va grimper et pourrait<strong> atteindre les 40\u00b0C<\/strong> ce lundi dans la Ville rose. Durant cette p\u00e9riode de fortes chaleurs, il est important de m\u00e9nager ses efforts, bien boire et se rafra\u00eechir au maximum. Voici donc les lieux de baignades ou de jeux d\u2019eau <a href=\"https:\/\/actu.fr\/toulouse\/\" target=\"_blank\" rel=\"noopener\"><strong>\u00e0 Toulouse<\/strong> <\/a>et ses alentours.<\/p>\n<p>Un plongeon en piscine<\/p>\n<p class=\" wall-content\">Vous cherchez un bassin o\u00f9 faire quelques brasses, vous d\u00e9penser tout en profitant de la fra\u00eecheur de l\u2019eau\u2009? Les piscines de Toulouse sont ouvertes pendant l\u2019\u00e9t\u00e9 et la Ville r\u00e9am\u00e9nage et<a href=\"https:\/\/actu.fr\/occitanie\/toulouse_31555\/toulouse-en-alerte-canicule-ces-lieux-pour-se-rafraichir-vont-etre-ouverts-plus-longtemps_63010299.html\" target=\"_blank\" rel=\"noopener\"><strong> \u00e9tend les horaires d\u2019ouverture<\/strong><\/a> et abaisse <strong>le prix d\u2019entr\u00e9e \u00e0 1\u00a0euro<\/strong> pendant la canicule\u2009:<\/p>\n<ul class=\" wall-content\">\n<li>piscine Castex et Alfred Nakache\u2009: 9h30 \u00e0 20h30<\/li>\n<li>piscine Bellevue nordique\u2009: 10\u00a0heures \u00e0 20\u00a0heures<\/li>\n<li>piscine Alex Jany\u2009: 10\u00a0heures \u00e0 20\u00a0heures<\/li>\n<li>piscine d\u2019\u00e9t\u00e9 Chapou\u2009: 7\u00a0heures \u00e0 20\u00a0heures en semaine \/ 10\u00a0heures 20\u00a0heures le week-end<\/li>\n<li>piscine Papus\u2009: midi \u00e0 19\u00a0heures en semaine<\/li>\n<li>piscine Yvonne Godard\u2009: 8h20 \u00e0 15\u00a0heures en semaine<\/li>\n<li>piscine Alban Minville\u2009: 7\u00a0heures \u00e0 13h30<\/li>\n<li>Piscine Jean Boiteux\u2009: 7\u00a0heures \u00e0 14\u00a0heures.<\/li>\n<\/ul>\n<p>Rendez-vous aux bases de loisirs<\/p>\n<p class=\" wall-content\">La Ville met \u00e9galement en place diff\u00e9rents espaces de fra\u00eecheur avec points d\u2019eau pour que les enfants puissent s\u2019amuser.<\/p>\n<p class=\" wall-content\">Il est donc possible de se pr\u00e9lasser, profiter de la nature et des jeux d\u2019eau \u00e0<strong> Toulouse Plages, install\u00e9e sur la Prairie des Filtres<\/strong>. Plusieurs activit\u00e9s sont \u00e9galement propos\u00e9es autour de la Garonne, comme le kayak.<strong> La base nautique et de loisirs de la Reynerie<\/strong> est \u00e9galement accessible pour profiter les pieds dans l\u2019eau.<\/p>\n<p class=\" wall-content\">Autre espace de loisirs aquatiques\u2009:<strong> le lac de la Source<\/strong> pour une session de Wake park, ainsi que<strong> le lac de Sesqui\u00e8res<\/strong> avec son Wam park.<\/p>\n<p>Un plouf dans les lacs et les rivi\u00e8res<\/p>\n<p class=\" wall-content\">Toulouse et ses alentours regorgent de lacs et de rivi\u00e8res o\u00f9 venir faire un saut dans l\u2019eau. Des spots plus qu\u2019agr\u00e9able en p\u00e9riode de canicule o\u00f9 la fra\u00eecheur de l\u2019eau<strong> se m\u00eale \u00e0 l\u2019ombre de la v\u00e9g\u00e9tation<\/strong>\u2009:<\/p>\n<ul class=\" wall-content\">\n<li>lac de La Ram\u00e9e (Tournefeuille)<\/li>\n<li>lac des Bonnets (Muret)<\/li>\n<li>lac de l\u2019Orme Blanc (Caraman)<\/li>\n<li>lac de Saint-Ferr\u00e9ol (Revel)<\/li>\n<li>lac de Montr\u00e9jau (Montr\u00e9jau)<\/li>\n<li>lac de la Th\u00e9sauque (Montgeard)<\/li>\n<li>lac de Badech (Luchon)<\/li>\n<li>Bessi\u00e8res\u2009: baignade dans la rivi\u00e8re Tarn<\/li>\n<li>Villemur-sur-Tarn\u2009: baignade dans la rivi\u00e8re Tarn.<\/li>\n<\/ul>\n<p class=\" wall-content\">Suivez toute l\u2019actualit\u00e9 de vos villes et m\u00e9dias favoris en vous inscrivant \u00e0 <a href=\"https:\/\/moncompte.actu.fr\" title=\"D\u00e9couvez Mon Actu\" rel=\"nofollow noopener\" data-trk=\"{&quot;cta&quot;:{&quot;action&quot;:&quot;https:\\\/\\\/moncompte.actu.fr&quot;,&quot;category&quot;:&quot;mon compte&quot;,&quot;from&quot;:&quot;article footer&quot;,&quot;name&quot;:&quot;Mon actu&quot;,&quot;type&quot;:&quot;cta&quot;}}\" target=\"_blank\">Mon Actu<\/a>.<\/p>\n<ul class=\"ac-article-tag wall-content\">\n<li><a href=\"https:\/\/actu.fr\/tag\/canicule\" data-trk=\"{&quot;cta&quot;:{&quot;action&quot;:&quot;Canicule&quot;,&quot;category&quot;:&quot;tag&quot;,&quot;from&quot;:&quot;article footer&quot;,&quot;name&quot;:&quot;Canicule&quot;,&quot;type&quot;:&quot;cta&quot;}}\" target=\"_blank\" rel=\"noopener\">#Canicule<\/a><\/li>\n<li><a href=\"https:\/\/actu.fr\/tag\/sortir-a-toulouse\" data-trk=\"{&quot;cta&quot;:{&quot;action&quot;:&quot;Sortir \\u00e0 Toulouse&quot;,&quot;category&quot;:&quot;tag&quot;,&quot;from&quot;:&quot;article footer&quot;,&quot;name&quot;:&quot;Sortir \\u00e0 Toulouse&quot;,&quot;type&quot;:&quot;cta&quot;}}\" target=\"_blank\" rel=\"noopener\">#Sortir \u00e0 Toulouse<\/a><\/li>\n<\/ul>\n","protected":false},"excerpt":{"rendered":"Par Nina Hossein-Zadeh Publi\u00e9 le 9 ao\u00fbt 2025 \u00e0 7h00 La canicule sera \u00ab\u2009interminable\u2009\u00bb, confiait le m\u00e9t\u00e9orologiste Guillaume&hellip;\n","protected":false},"author":2,"featured_media":306618,"comment_status":"","ping_status":"","sticky":false,"template":"","format":"standard","meta":{"footnotes":""},"categories":[2816],"tags":[1111,11,6698,1777,674,1011,27,12,2680,25,104,1341,2312],"class_list":{"0":"post-306617","1":"post","2":"type-post","3":"status-publish","4":"format-standard","5":"has-post-thumbnail","7":"category-toulouse","8":"tag-actu","9":"tag-actualites","10":"tag-canicule","11":"tag-eu","12":"tag-europe","13":"tag-fr","14":"tag-france","15":"tag-news","16":"tag-occitanie","17":"tag-republique-francaise","18":"tag-societe","19":"tag-sortir-a-toulouse","20":"tag-toulouse"},"share_on_mastodon":{"url":"https:\/\/pubeurope.com\/@fr\/114997077165398079","error":""},"_links":{"self":[{"href":"https:\/\/www.europesays.com\/fr\/wp-json\/wp\/v2\/posts\/306617","targetHints":{"allow":["GET"]}}],"collection":[{"href":"https:\/\/www.europesays.com\/fr\/wp-json\/wp\/v2\/posts"}],"about":[{"href":"https:\/\/www.europesays.com\/fr\/wp-json\/wp\/v2\/types\/post"}],"author":[{"embeddable":true,"href":"https:\/\/www.europesays.com\/fr\/wp-json\/wp\/v2\/users\/2"}],"replies":[{"embeddable":true,"href":"https:\/\/www.europesays.com\/fr\/wp-json\/wp\/v2\/comments?post=306617"}],"version-history":[{"count":0,"href":"https:\/\/www.europesays.com\/fr\/wp-json\/wp\/v2\/posts\/306617\/revisions"}],"wp:featuredmedia":[{"embeddable":true,"href":"https:\/\/www.europesays.com\/fr\/wp-json\/wp\/v2\/media\/306618"}],"wp:attachment":[{"href":"https:\/\/www.europesays.com\/fr\/wp-json\/wp\/v2\/media?parent=306617"}],"wp:term":[{"taxonomy":"category","embeddable":true,"href":"https:\/\/www.europesays.com\/fr\/wp-json\/wp\/v2\/categories?post=306617"},{"taxonomy":"post_tag","embeddable":true,"href":"https:\/\/www.europesays.com\/fr\/wp-json\/wp\/v2\/tags?post=306617"}],"curies":[{"name":"wp","href":"https:\/\/api.w.org\/{rel}","templated":true}]}}