{"id":306625,"date":"2025-08-09T05:12:10","date_gmt":"2025-08-09T05:12:10","guid":{"rendered":"https:\/\/www.europesays.com\/fr\/306625\/"},"modified":"2025-08-09T05:12:10","modified_gmt":"2025-08-09T05:12:10","slug":"marseille-ce-lieu-emblematique-pres-du-stade-velodrome-change-completement-dapparence","status":"publish","type":"post","link":"https:\/\/www.europesays.com\/fr\/306625\/","title":{"rendered":"Marseille. Ce lieu embl\u00e9matique pr\u00e8s du stade V\u00e9lodrome change compl\u00e8tement d&rsquo;apparence"},"content":{"rendered":"<p>            Par<br \/>\n        <strong><br \/>\n            <a href=\"https:\/\/actu.fr\/auteur\/thomas-blanc\" title=\"Consulter tous les articles de Thomas Blanc\" target=\"_blank\" rel=\"noopener\">Thomas Blanc<\/a><br \/>\n        <\/strong><\/p>\n<p>        Publi\u00e9 le<\/p>\n<p>            9 ao\u00fbt 2025 \u00e0 6h44        <\/p>\n<p>Les supporters s\u2019y amassent en tr\u00e8s grand nombre pour allumer les <strong>premiers fumig\u00e8nes<\/strong> de la soir\u00e9e et s\u2019\u00e9chauffer la voix. Elles sont un lieu de f\u00eate avant les matchs. Leur apparence gris\u00e2tre et fade ne s\u2019y pr\u00eatait pourtant pas. C\u2019est du pass\u00e9.<\/p>\n<p>    <a href=\"https:\/\/www.google.com\/maps\/embed?pb=!1m18!1m12!1m3!1d1613.848218141898!2d5.3947232888517105!3d43.26985646019527!2m3!1f0!2f0!3f0!3m2!1i1024!2i768!4f13.1!3m3!1m2!1s0x12c9b8a778a71c19%3A0x5a5c60bff3a79ee1!2sBoutique%20OM%20-%20Stade%20V%C3%A9lodrome!5e1!3m2!1sfr!2sfr!4v1754652398766!5m2!1sfr!2sfr\" title=\"Ouvrie le lien\" target=\"_blank\" rel=\"noopener\">Cliquez ici pour visualiser le contenu<\/a><\/p>\n<p class=\" wall-content\">Les marches du parvis, juste sous la nouvelle esplanade \u00e0 l\u2019entr\u00e9e ouest du <a href=\"https:\/\/actu.fr\/tag\/stade-velodrome\" target=\"_blank\" rel=\"noopener\">stade V\u00e9lodrome<\/a>, \u00e0 Marseille, affiche <strong>une toute nouvelle fresque.<\/strong> Une apparition surprise dans la nuit du 4 au 5\u00a0ao\u00fbt 2025 et le lieu s\u2019en trouve embellit. D\u2019ailleurs, nombreux sont les touristes et les supporters \u00e0 marquer un arr\u00eat pour s\u2019y prendre en photo.<\/p>\n<p>Une fresque aux couleurs de l\u2019OM \u00e9videmment<\/p>\n<p class=\" wall-content\"><strong>Quatre symboles<\/strong> ont \u00e9t\u00e9 peints sur une trentaine de marches et ils n\u2019ont absolument pas \u00e9t\u00e9 choisis au hasard. Ils repr\u00e9sentent immanquablement l\u2019identit\u00e9 de l\u2019<a href=\"https:\/\/actu.fr\/tag\/olympique-de-marseille-om\" target=\"_blank\" rel=\"noopener\">Olympique de Marseille<\/a> et de sa ville.<\/p>\n<p class=\" wall-content\">Il est donc possible d\u2019observer un rameau d\u2019olivier dor\u00e9 entourant de gauche \u00e0 droite, <strong>le<\/strong> <strong>logo du club<\/strong>, la silhouette tout \u00e0 fait reconnaissable de <strong>Notre-Dame de la Garde<\/strong> qui tr\u00f4ne au centre de la fresque comme elle tr\u00f4ne au centre de la ville ainsi que <strong>la croix phoc\u00e9enne<\/strong>, embl\u00e8me de la cit\u00e9.<\/p>\n<p class=\" wall-content\">Il n\u2019y a m\u00eame pas trois mois, cet espace avait d\u00e9j\u00e0 subi de grands changements puisqu\u2019une sculpture \u00e0 la gloire de Bernard Tapie y a \u00e9t\u00e9 inaugur\u00e9e \u00e0 la mi-mai\u00a02025. Un hommage au \u00ab\u2009boss\u2009\u00bb qui a remport\u00e9 la Coupe d\u2019Europe avec l\u2019Olympique de Marseille le 26\u00a0mai 1993. Une statue r\u00e9nov\u00e9e de Jean Bouin se tient \u00e9galement au m\u00eame endroit.<\/p>\n<p>Un premier bapt\u00eame d\u00e8s ce soir<\/p>\n<p class=\" wall-content\">Des fans de l\u2019OM sont \u00e0 l\u2019origine de ce coup de neuf sur ce lieu embl\u00e9matique de la vie des supporters qui pourront venir l\u2019observer <strong>d\u00e8s ce samedi soir<\/strong> puisque leur \u00e9quipe joue son deuxi\u00e8me et dernier match de pr\u00e9paration \u00e0 l\u2019Orange V\u00e9lodrome contre Aston Villa \u00e0 19h.<\/p>\n<p class=\" wall-content\">Maxime, jeune supporter de 26\u00a0ans, sait qu\u2019avant les matchs \u00ab\u2009la fresque sera noy\u00e9e sous la foule\u2009\u00bb mais peu lui importe, \u00ab\u2009elle donne <strong>une nouvelle \u00e2me<\/strong> \u00e0 un lieu que l\u2019on conna\u00eet si bien et qui manquait d\u2019un petit quelque chose visuel\u2009\u00bb, se r\u00e9jouit-il.<\/p>\n<p class=\" wall-content\">Dans une semaine ce sera d\u00e9j\u00e0 la reprise du championnat de Ligue\u00a01 \u00e0 l\u2019ext\u00e9rieur <a href=\"https:\/\/actu.fr\/bretagne\/rennes_35238\/stade-rennais-om-c-est-bientot-le-premier-match-de-la-saison-voici-quand-la-billetterie-va-ouvrir_62991569.html\" target=\"_blank\" rel=\"noopener\">contre Rennes<\/a>. Le premier match \u00e0 domicile de la saison se tiendra le <strong>samedi 23\u00a0ao\u00fbt 2025<\/strong> et opposera l\u2019OM au nouveau venu en Ligue\u00a01, le <strong>Paris FC<\/strong>.<\/p>\n<p class=\" wall-content\">Suivez toute l\u2019actualit\u00e9 de vos villes et m\u00e9dias favoris en vous inscrivant \u00e0 <a href=\"https:\/\/moncompte.actu.fr\" title=\"D\u00e9couvez Mon Actu\" rel=\"nofollow noopener\" data-trk=\"{&quot;cta&quot;:{&quot;action&quot;:&quot;https:\\\/\\\/moncompte.actu.fr&quot;,&quot;category&quot;:&quot;mon compte&quot;,&quot;from&quot;:&quot;article footer&quot;,&quot;name&quot;:&quot;Mon actu&quot;,&quot;type&quot;:&quot;cta&quot;}}\" target=\"_blank\">Mon Actu<\/a>.<\/p>\n<ul class=\"ac-article-tag wall-content\">\n<li><a href=\"https:\/\/actu.fr\/tag\/olympique-de-marseille-om\" data-trk=\"{&quot;cta&quot;:{&quot;action&quot;:&quot;Olympique de Marseille (OM)&quot;,&quot;category&quot;:&quot;tag&quot;,&quot;from&quot;:&quot;article footer&quot;,&quot;name&quot;:&quot;Olympique de Marseille (OM)&quot;,&quot;type&quot;:&quot;cta&quot;}}\" target=\"_blank\" rel=\"noopener\">#Olympique de Marseille (OM)<\/a><\/li>\n<li><a href=\"https:\/\/actu.fr\/tag\/stade-velodrome\" data-trk=\"{&quot;cta&quot;:{&quot;action&quot;:&quot;Stade V\\u00e9lodrome&quot;,&quot;category&quot;:&quot;tag&quot;,&quot;from&quot;:&quot;article footer&quot;,&quot;name&quot;:&quot;Stade V\\u00e9lodrome&quot;,&quot;type&quot;:&quot;cta&quot;}}\" target=\"_blank\" rel=\"noopener\">#Stade V\u00e9lodrome<\/a><\/li>\n<\/ul>\n","protected":false},"excerpt":{"rendered":"Par Thomas Blanc Publi\u00e9 le 9 ao\u00fbt 2025 \u00e0 6h44 Les supporters s\u2019y amassent en tr\u00e8s grand nombre&hellip;\n","protected":false},"author":2,"featured_media":306626,"comment_status":"","ping_status":"","sticky":false,"template":"","format":"standard","meta":{"footnotes":""},"categories":[2814],"tags":[1111,11,1777,674,1011,27,1652,884,12,2333,882,25,1280],"class_list":{"0":"post-306625","1":"post","2":"type-post","3":"status-publish","4":"format-standard","5":"has-post-thumbnail","7":"category-marseille","8":"tag-actu","9":"tag-actualites","10":"tag-eu","11":"tag-europe","12":"tag-fr","13":"tag-france","14":"tag-loisirs-culture","15":"tag-marseille","16":"tag-news","17":"tag-olympique-de-marseille-om","18":"tag-provence-alpes-cote-dazur","19":"tag-republique-francaise","20":"tag-stade-velodrome"},"share_on_mastodon":{"url":"https:\/\/pubeurope.com\/@fr\/114997096806024555","error":""},"_links":{"self":[{"href":"https:\/\/www.europesays.com\/fr\/wp-json\/wp\/v2\/posts\/306625","targetHints":{"allow":["GET"]}}],"collection":[{"href":"https:\/\/www.europesays.com\/fr\/wp-json\/wp\/v2\/posts"}],"about":[{"href":"https:\/\/www.europesays.com\/fr\/wp-json\/wp\/v2\/types\/post"}],"author":[{"embeddable":true,"href":"https:\/\/www.europesays.com\/fr\/wp-json\/wp\/v2\/users\/2"}],"replies":[{"embeddable":true,"href":"https:\/\/www.europesays.com\/fr\/wp-json\/wp\/v2\/comments?post=306625"}],"version-history":[{"count":0,"href":"https:\/\/www.europesays.com\/fr\/wp-json\/wp\/v2\/posts\/306625\/revisions"}],"wp:featuredmedia":[{"embeddable":true,"href":"https:\/\/www.europesays.com\/fr\/wp-json\/wp\/v2\/media\/306626"}],"wp:attachment":[{"href":"https:\/\/www.europesays.com\/fr\/wp-json\/wp\/v2\/media?parent=306625"}],"wp:term":[{"taxonomy":"category","embeddable":true,"href":"https:\/\/www.europesays.com\/fr\/wp-json\/wp\/v2\/categories?post=306625"},{"taxonomy":"post_tag","embeddable":true,"href":"https:\/\/www.europesays.com\/fr\/wp-json\/wp\/v2\/tags?post=306625"}],"curies":[{"name":"wp","href":"https:\/\/api.w.org\/{rel}","templated":true}]}}