{"id":306631,"date":"2025-08-09T05:16:09","date_gmt":"2025-08-09T05:16:09","guid":{"rendered":"https:\/\/www.europesays.com\/fr\/306631\/"},"modified":"2025-08-09T05:16:09","modified_gmt":"2025-08-09T05:16:09","slug":"meteo-une-masse-dair-bouillant-arrive-des-temperatures-inhabituelles-attendues-a-paris-et-en-ile-de-france","status":"publish","type":"post","link":"https:\/\/www.europesays.com\/fr\/306631\/","title":{"rendered":"M\u00e9t\u00e9o. Une masse d&rsquo;air bouillant arrive, des temp\u00e9ratures inhabituelles attendues \u00e0 Paris et en \u00cele-de-France"},"content":{"rendered":"<p>            Par<br \/>\n        <strong><br \/>\n            <a href=\"https:\/\/actu.fr\/auteur\/redaction-paris\" title=\"Consulter tous les articles de R\u00e9daction Paris\" target=\"_blank\" rel=\"noopener\">R\u00e9daction Paris<\/a><br \/>\n        <\/strong><\/p>\n<p>        Publi\u00e9 le<\/p>\n<p>            9 ao\u00fbt 2025 \u00e0 6h06        <\/p>\n<p>Le pays sur le qui-vive. Alors que <a href=\"https:\/\/actu.fr\/tag\/meteo-france\" target=\"_blank\" rel=\"noopener\">M\u00e9t\u00e9o-France<\/a> va placer de nouveaux d\u00e9partements en <a href=\"https:\/\/actu.fr\/meteo\/canicule-la-france-affronte-une-nouvelle-vague-de-chaleur-jusqu-a-41-c-attendus-ce-week-end_63015293.html\" target=\"_blank\" rel=\"noopener\">vigilance orange canicule <\/a>ce samedi 9\u00a0ao\u00fbt 2015, les voyants devraient passer au rouge d\u00e8s le d\u00e9but de semaine prochaine. <a href=\"https:\/\/actu.fr\/paris\/dernieres-actus\" target=\"_blank\" rel=\"noopener\">Paris<\/a> et l\u2019\u00cele-de-France pourraient \u00eatre concern\u00e9s.<\/p>\n<p class=\" wall-content\">Si l\u2019on regarde les pr\u00e9visions de l\u2019institut de m\u00e9t\u00e9orologie, les temp\u00e9ratures dans notre r\u00e9gion pourraient atteindre au plus fort de la journ\u00e9e 34\u00b0C lundi (26\u00b0C le matin) et m\u00eame 37\u00b0C mardi (29\u00b0C le matin).<\/p>\n<p>Une \u00ab\u2009pulsion chaude\u2009\u00bb<\/p>\n<p class=\" wall-content\">De son c\u00f4t\u00e9, Guillaume S\u00e9chet, m\u00e9t\u00e9orologue sur son site<a href=\"https:\/\/www.meteo-villes.com\/actualites\/pourquoi-la-tempete-tropicale-dexter-va-accentuer-la-canicule-en-france\" target=\"_blank\" rel=\"noopener\"> M\u00e9t\u00e9o-Villes,<\/a> explique la raison pour laquelle la <a href=\"https:\/\/actu.fr\/tag\/canicule\" target=\"_blank\" rel=\"noopener\">canicule<\/a> va s\u2019accentuer\u2009: \u00ab\u2009Dexter, une temp\u00eate tropicale actuellement jusqu\u2019alors situ\u00e9e au-dessus des eaux de l\u2019oc\u00e9an Atlantique, va migrer vers l\u2019est en finissant par circuler au nord de l\u2019archipel des A\u00e7ores au cours de ce week-end.\u2009\u00bb<\/p>\n<p class=\" wall-content\">Si le syst\u00e8me va finir par perdre son statut de temp\u00eate tropicale, il va prendre un talweg (est une excroissance d\u2019une d\u00e9pression) associ\u00e9 \u00e0 des basses pressions sur le nord de l\u2019Atlantique. Lundi, ce creux barom\u00e9trique plongera jusqu\u2019au nord de l\u2019archipel portugais, ce qui aura pour effet d\u2019engendrer un renforcement des hautes pressions sur la France et un soul\u00e8vement de l\u2019air chaud. \u00ab\u2009La France sera alors sur la trajectoire de cette pulsion chaude et il faut donc s\u2019attendre \u00e0 un pic caniculaire sur notre territoire en d\u00e9but de semaine prochaine\u2009\u00bb, est-il augur\u00e9.<\/p>\n<p class=\" wall-content\">\u00ab\u2009La temp\u00e9rature de la masse d\u2019air vers 1500 m\u00e8tres d\u2019altitude se situera alors 10 \u00e0 12\u00b0C au-dessus des valeurs habituellement observ\u00e9es \u00e0 cette saison\u2009\u00bb, apprend-on encore.<\/p>\n<p class=\" wall-content\">L\u2019air chaud bouillant devrait se faire ressentir dans la capitale et ses d\u00e9partements limitrophes jusqu\u2019\u00e0 mercredi au moins. M\u00e9t\u00e9o-France pr\u00e9voit en effet \u00e0 partir de ce jour-l\u00e0 une baisse relative des temp\u00e9ratures. \u00ab\u2009Seulement\u2009\u00bb 26\u00b0C sont attendus le matin, 31\u00b0C l\u2019apr\u00e8s-midi et 26\u00b0C dans la soir\u00e9e. Des orages sont d\u2019ores et d\u00e9j\u00e0 annonc\u00e9s pour le lendemain. Feront-ils redescendre le mercure\u2009?<\/p>\n<p class=\" wall-content\">Toute l\u2019actualit\u00e9 m\u00e9t\u00e9o \u00e0 Paris et dans sa r\u00e9gion est \u00e0 retrouver <a href=\"https:\/\/actu.fr\/paris\/meteo\" target=\"_blank\" rel=\"noopener\">ici<\/a><\/p>\n<p class=\" wall-content\">Suivez toute l\u2019actualit\u00e9 de vos villes et m\u00e9dias favoris en vous inscrivant \u00e0 <a href=\"https:\/\/moncompte.actu.fr\" title=\"D\u00e9couvez Mon Actu\" rel=\"nofollow noopener\" data-trk=\"{&quot;cta&quot;:{&quot;action&quot;:&quot;https:\\\/\\\/moncompte.actu.fr&quot;,&quot;category&quot;:&quot;mon compte&quot;,&quot;from&quot;:&quot;article footer&quot;,&quot;name&quot;:&quot;Mon actu&quot;,&quot;type&quot;:&quot;cta&quot;}}\" target=\"_blank\">Mon Actu<\/a>.<\/p>\n","protected":false},"excerpt":{"rendered":"Par R\u00e9daction Paris Publi\u00e9 le 9 ao\u00fbt 2025 \u00e0 6h06 Le pays sur le qui-vive. Alors que M\u00e9t\u00e9o-France&hellip;\n","protected":false},"author":2,"featured_media":306632,"comment_status":"","ping_status":"","sticky":false,"template":"","format":"standard","meta":{"footnotes":""},"categories":[1592],"tags":[1111,11,6698,1777,674,1011,27,662,2487,2357,12,626,25],"class_list":{"0":"post-306631","1":"post","2":"type-post","3":"status-publish","4":"format-standard","5":"has-post-thumbnail","7":"category-ile-de-france","8":"tag-actu","9":"tag-actualites","10":"tag-canicule","11":"tag-eu","12":"tag-europe","13":"tag-fr","14":"tag-france","15":"tag-ile-de-france","16":"tag-meteo","17":"tag-meteo-france","18":"tag-news","19":"tag-paris","20":"tag-republique-francaise"},"share_on_mastodon":{"url":"https:\/\/pubeurope.com\/@fr\/114997112669981627","error":""},"_links":{"self":[{"href":"https:\/\/www.europesays.com\/fr\/wp-json\/wp\/v2\/posts\/306631","targetHints":{"allow":["GET"]}}],"collection":[{"href":"https:\/\/www.europesays.com\/fr\/wp-json\/wp\/v2\/posts"}],"about":[{"href":"https:\/\/www.europesays.com\/fr\/wp-json\/wp\/v2\/types\/post"}],"author":[{"embeddable":true,"href":"https:\/\/www.europesays.com\/fr\/wp-json\/wp\/v2\/users\/2"}],"replies":[{"embeddable":true,"href":"https:\/\/www.europesays.com\/fr\/wp-json\/wp\/v2\/comments?post=306631"}],"version-history":[{"count":0,"href":"https:\/\/www.europesays.com\/fr\/wp-json\/wp\/v2\/posts\/306631\/revisions"}],"wp:featuredmedia":[{"embeddable":true,"href":"https:\/\/www.europesays.com\/fr\/wp-json\/wp\/v2\/media\/306632"}],"wp:attachment":[{"href":"https:\/\/www.europesays.com\/fr\/wp-json\/wp\/v2\/media?parent=306631"}],"wp:term":[{"taxonomy":"category","embeddable":true,"href":"https:\/\/www.europesays.com\/fr\/wp-json\/wp\/v2\/categories?post=306631"},{"taxonomy":"post_tag","embeddable":true,"href":"https:\/\/www.europesays.com\/fr\/wp-json\/wp\/v2\/tags?post=306631"}],"curies":[{"name":"wp","href":"https:\/\/api.w.org\/{rel}","templated":true}]}}