{"id":306633,"date":"2025-08-09T05:17:11","date_gmt":"2025-08-09T05:17:11","guid":{"rendered":"https:\/\/www.europesays.com\/fr\/306633\/"},"modified":"2025-08-09T05:17:11","modified_gmt":"2025-08-09T05:17:11","slug":"les-catacombes-de-paris-vont-bientot-fermer-pour-travaux","status":"publish","type":"post","link":"https:\/\/www.europesays.com\/fr\/306633\/","title":{"rendered":"les catacombes de Paris vont bient\u00f4t fermer pour travaux"},"content":{"rendered":"<p>            Par<br \/>\n        <strong><br \/>\n            <a href=\"https:\/\/actu.fr\/auteur\/redaction-paris\" title=\"Consulter tous les articles de R\u00e9daction Paris\" rel=\"nofollow noopener\" target=\"_blank\">R\u00e9daction Paris<\/a><br \/>\n        <\/strong><\/p>\n<p>        Publi\u00e9 le<\/p>\n<p>            9 ao\u00fbt 2025 \u00e0 7h02        <\/p>\n<p>Entam\u00e9e d\u00e8s la fin 2023, la r\u00e9novation historique du <a href=\"https:\/\/actu.fr\/ile-de-france\/paris_75056\/en-images-dans-les-catacombes-de-paris-une-promenade-historique-macabre-et-poetique_52501883.html\" rel=\"nofollow noopener\" target=\"_blank\">site multicentenaire<\/a> va finalement occasionner sa fermeture au grand public durant plusieurs mois, a appris actu Paris aupr\u00e8s du service communication du plus grand souterrain ossuaire du monde, mercredi 6 ao\u00fbt 2025, confirmant ainsi une information du Parisien. <br \/>Alors qu\u2019il avait d\u2019abord \u00e9t\u00e9 annonc\u00e9 que <a href=\"https:\/\/www.paris.fr\/pages\/les-catacombes-de-paris-font-peau-neuve-25835\" rel=\"nofollow noopener\" target=\"_blank\">les Catacombes resteraient ouvertes<\/a> tout au long des travaux, les galeries municipales vont finalement fermer leurs portes le <strong>3 novembre prochain<\/strong> et jusqu\u2019\u00e0 la fin du vaste programme de r\u00e9novation fix\u00e9e au printemps 2026.<\/p>\n<p>Des ossements fragilis\u00e9s par l\u2019humidit\u00e9 et le passage des\u2026 vivants\u00a0<\/p>\n<p class=\" wall-content\">Ouvertes au public le 1er juillet 1809 et accueillant <strong>2000 visiteurs par jour,<\/strong> le parcours de 1,5 km ceint de murs et o\u00f9 reposent plusieurs millions de Parisiens inhum\u00e9s dans la capitale entre le Xe et le XVIIIe si\u00e8cle, ne sera bient\u00f4t plus visitable.\u00a0<\/p>\n<p>    <img   decoding=\"async\" loading=\"lazy\" src=\"https:\/\/www.europesays.com\/fr\/wp-content\/uploads\/2025\/08\/293703460-2114426322069841-7038692287934843298-n-960x640.jpg\" alt=\"Les Catacombes de Paris, dans le 14e arrondissement, un morceau de patrimoine dans la fraicheur du sous-sol parisien\" width=\"960\" height=\"640\"\/><br \/>\n    Les Catacombes de Paris, dans le 14e arrondissement, un morceau de patrimoine dans la fraicheur du sous-sol parisien (\u00a9MG \/ actu Paris)<\/p>\n<p class=\" wall-content\">Durant pr\u00e8s de six mois, le sol, certains endroits du parcours, l\u2019a\u00e9ration ou encore la luminosit\u00e9 font faire l\u2019objet d\u2019une modernisation importante, cens\u00e9e permettre de mieux <strong>conserver les ossements<\/strong> sur le long terme, fragilis\u00e9s par l\u2019humidit\u00e9 et le CO2 g\u00e9n\u00e9r\u00e9 par les visiteurs.<\/p>\n<p class=\" wall-content\">\u00c0 sa r\u00e9ouverture, le site proposera une une toute <strong>nouvelle sc\u00e9nographie<\/strong> et une programmation renouvel\u00e9e.\u00a0<\/p>\n<p><strong>Les catacombes de Paris<\/strong><br \/>\n1, Avenue du Colonel Henri Rol-Tanguy, 75014<br \/>\nOuvert du mardi au dimanche, de 9h45 \u00e0 20h30<br \/><a href=\"https:\/\/www.billetterie-parismusees.paris.fr\/content#\" rel=\"nofollow noopener\" target=\"_blank\">R\u00e9servation<\/a> fortement recommand\u00e9e (sauf gratuits)<\/p>\n<p class=\" wall-content\">Suivez toute l\u2019actualit\u00e9 de vos villes et m\u00e9dias favoris en vous inscrivant \u00e0 <a href=\"https:\/\/moncompte.actu.fr\" title=\"D\u00e9couvez Mon Actu\" rel=\"nofollow noopener\" data-trk=\"{&quot;cta&quot;:{&quot;action&quot;:&quot;https:\\\/\\\/moncompte.actu.fr&quot;,&quot;category&quot;:&quot;mon compte&quot;,&quot;from&quot;:&quot;article footer&quot;,&quot;name&quot;:&quot;Mon actu&quot;,&quot;type&quot;:&quot;cta&quot;}}\" target=\"_blank\">Mon Actu<\/a>.<\/p>\n","protected":false},"excerpt":{"rendered":"Par R\u00e9daction Paris Publi\u00e9 le 9 ao\u00fbt 2025 \u00e0 7h02 Entam\u00e9e d\u00e8s la fin 2023, la r\u00e9novation historique&hellip;\n","protected":false},"author":2,"featured_media":306634,"comment_status":"","ping_status":"","sticky":false,"template":"","format":"standard","meta":{"footnotes":""},"categories":[1888],"tags":[1111,1928,11,1927,44728,1777,674,1011,27,1652,12,1926,626,1925,25],"class_list":{"0":"post-306633","1":"post","2":"type-post","3":"status-publish","4":"format-standard","5":"has-post-thumbnail","7":"category-paris","8":"tag-actu","9":"tag-actu-paris","10":"tag-actualites","11":"tag-actualites-paris","12":"tag-catacombes","13":"tag-eu","14":"tag-europe","15":"tag-fr","16":"tag-france","17":"tag-loisirs-culture","18":"tag-news","19":"tag-news-paris","20":"tag-paris","21":"tag-paris-news","22":"tag-republique-francaise"},"share_on_mastodon":{"url":"https:\/\/pubeurope.com\/@fr\/114997116709379613","error":""},"_links":{"self":[{"href":"https:\/\/www.europesays.com\/fr\/wp-json\/wp\/v2\/posts\/306633","targetHints":{"allow":["GET"]}}],"collection":[{"href":"https:\/\/www.europesays.com\/fr\/wp-json\/wp\/v2\/posts"}],"about":[{"href":"https:\/\/www.europesays.com\/fr\/wp-json\/wp\/v2\/types\/post"}],"author":[{"embeddable":true,"href":"https:\/\/www.europesays.com\/fr\/wp-json\/wp\/v2\/users\/2"}],"replies":[{"embeddable":true,"href":"https:\/\/www.europesays.com\/fr\/wp-json\/wp\/v2\/comments?post=306633"}],"version-history":[{"count":0,"href":"https:\/\/www.europesays.com\/fr\/wp-json\/wp\/v2\/posts\/306633\/revisions"}],"wp:featuredmedia":[{"embeddable":true,"href":"https:\/\/www.europesays.com\/fr\/wp-json\/wp\/v2\/media\/306634"}],"wp:attachment":[{"href":"https:\/\/www.europesays.com\/fr\/wp-json\/wp\/v2\/media?parent=306633"}],"wp:term":[{"taxonomy":"category","embeddable":true,"href":"https:\/\/www.europesays.com\/fr\/wp-json\/wp\/v2\/categories?post=306633"},{"taxonomy":"post_tag","embeddable":true,"href":"https:\/\/www.europesays.com\/fr\/wp-json\/wp\/v2\/tags?post=306633"}],"curies":[{"name":"wp","href":"https:\/\/api.w.org\/{rel}","templated":true}]}}