{"id":306637,"date":"2025-08-09T05:19:37","date_gmt":"2025-08-09T05:19:37","guid":{"rendered":"https:\/\/www.europesays.com\/fr\/306637\/"},"modified":"2025-08-09T05:19:37","modified_gmt":"2025-08-09T05:19:37","slug":"le-festival-les-traversees-du-marais-va-vous-reconcilier-avec-la-rentree","status":"publish","type":"post","link":"https:\/\/www.europesays.com\/fr\/306637\/","title":{"rendered":"Le festival Les Travers\u00e9es du Marais va vous r\u00e9concilier avec la rentr\u00e9e"},"content":{"rendered":"<p>Si le mois de septembre ressemble pour vous \u00e0 un long lundi de gueule de bois, il est un \u00e9v\u00e9nement \u00e0 marquer d\u2019urgence dans votre agenda. Organis\u00e9es depuis plus de 10 ans dans les plus belles institutions et galeries du quartier, Les Travers\u00e9es du Marais m\u00ealent danse, cin\u00e9ma, art contemporain, siestes musicales et autres douceurs \u00e0 go\u00fbter \u00e0 l\u2019envi (et toujours gratuitement) le temps d\u2019un week-end. Pendant trois jours, du vendredi 5 au dimanche 7 septembre, on se laisse porter d\u2019un \u00e9v\u00e9nement \u00e0 l\u2019autre, pr\u00eat \u00e0 mettre \u00e0 la main \u00e0 la p\u00e2te \u00e0 la faveur des divers ateliers participatifs organis\u00e9s.\u00a0<\/p>\n<p><strong>Les \u00e9v\u00e9nements \u00e0 noter\u00a0<\/strong><\/p>\n<p>Premi\u00e8re \u00e9tape de cette travers\u00e9e le vendredi 5 \u00e0 la tomb\u00e9e de la nuit, pour une derni\u00e8re s\u00e9ance de cin\u00e9 en plein air (Joe Hill de Bo Widerberg) \u00e0 l\u2019institut su\u00e9dois. Le lendemain, on d\u00e9rive jusqu\u2019\u00e0 l\u2019h\u00f4tel de Sully pour jeter l\u2019ancre sur ses pelouses, le temps d\u2019une sieste musicale orchestr\u00e9e par la chanteuse Laura Cahen (deux sessions, \u00e0 15h30 et \u00e0 17h30). Le lendemain, toujours au m\u00eame endroit, c\u2019est le danseur et chor\u00e9graphe br\u00e9silien Volmir Cordeiro qui s\u2019installera au jardin le temps d\u2019un solo percussif et iconique, ayant tourn\u00e9 dans le monde entier depuis sa cr\u00e9ation en 2015. Le dimanche, on s\u2019essaye \u00e0 l\u2019afro jazz au Centre de danse du Marais, pour des cours de 30 minutes (le temps d\u2019apprendre une chor\u00e9\u2019) entre 15h et 17h. On vous laisse d\u00e9couvrir le reste de la prog\u2019 ici !\u00a0<br \/><strong>O\u00f9 ?<\/strong> Dans diff\u00e9rentes institutions du Marais. <br \/><strong>Quand ?<\/strong> Du 5 au 7 septembre 2025. <br \/><strong>Combien ?<\/strong> Gratuit !\u00a0<\/p>\n","protected":false},"excerpt":{"rendered":"Si le mois de septembre ressemble pour vous \u00e0 un long lundi de gueule de bois, il est&hellip;\n","protected":false},"author":2,"featured_media":306638,"comment_status":"","ping_status":"","sticky":false,"template":"","format":"standard","meta":{"footnotes":""},"categories":[1888],"tags":[11,19909,3734,19908,1777,674,1011,27,12,626,25],"class_list":{"0":"post-306637","1":"post","2":"type-post","3":"status-publish","4":"format-standard","5":"has-post-thumbnail","7":"category-paris","8":"tag-actualites","9":"tag-actualites-art","10":"tag-art","11":"tag-categories-art","12":"tag-eu","13":"tag-europe","14":"tag-fr","15":"tag-france","16":"tag-news","17":"tag-paris","18":"tag-republique-francaise"},"share_on_mastodon":{"url":"https:\/\/pubeurope.com\/@fr\/114997124443522485","error":""},"_links":{"self":[{"href":"https:\/\/www.europesays.com\/fr\/wp-json\/wp\/v2\/posts\/306637","targetHints":{"allow":["GET"]}}],"collection":[{"href":"https:\/\/www.europesays.com\/fr\/wp-json\/wp\/v2\/posts"}],"about":[{"href":"https:\/\/www.europesays.com\/fr\/wp-json\/wp\/v2\/types\/post"}],"author":[{"embeddable":true,"href":"https:\/\/www.europesays.com\/fr\/wp-json\/wp\/v2\/users\/2"}],"replies":[{"embeddable":true,"href":"https:\/\/www.europesays.com\/fr\/wp-json\/wp\/v2\/comments?post=306637"}],"version-history":[{"count":0,"href":"https:\/\/www.europesays.com\/fr\/wp-json\/wp\/v2\/posts\/306637\/revisions"}],"wp:featuredmedia":[{"embeddable":true,"href":"https:\/\/www.europesays.com\/fr\/wp-json\/wp\/v2\/media\/306638"}],"wp:attachment":[{"href":"https:\/\/www.europesays.com\/fr\/wp-json\/wp\/v2\/media?parent=306637"}],"wp:term":[{"taxonomy":"category","embeddable":true,"href":"https:\/\/www.europesays.com\/fr\/wp-json\/wp\/v2\/categories?post=306637"},{"taxonomy":"post_tag","embeddable":true,"href":"https:\/\/www.europesays.com\/fr\/wp-json\/wp\/v2\/tags?post=306637"}],"curies":[{"name":"wp","href":"https:\/\/api.w.org\/{rel}","templated":true}]}}