{"id":306645,"date":"2025-08-09T05:23:11","date_gmt":"2025-08-09T05:23:11","guid":{"rendered":"https:\/\/www.europesays.com\/fr\/306645\/"},"modified":"2025-08-09T05:23:11","modified_gmt":"2025-08-09T05:23:11","slug":"donald-trump-annonce-que-larmenie-et-lazerbaidjan-sengagent-a-cesser-definitivement-tout-conflit","status":"publish","type":"post","link":"https:\/\/www.europesays.com\/fr\/306645\/","title":{"rendered":"Donald Trump annonce que l&rsquo;Arm\u00e9nie et l&rsquo;Azerba\u00efdjan s&rsquo;engagent \u00e0 \u00ab\u00a0cesser d\u00e9finitivement\u00a0\u00bb tout conflit"},"content":{"rendered":"<p>Les deux pays, qui se livrent une guerre depuis des d\u00e9cennies, se sont engag\u00e9s \u00e0 une paix permanente. Washington a \u00e9galement lev\u00e9 les restrictions sur la coop\u00e9ration militaire avec Bakou.<\/p>\n<p>Le pr\u00e9sident am\u00e9ricain Donald Trump a d\u00e9clar\u00e9 vendredi 8 ao\u00fbt que <a href=\"https:\/\/www.bfmtv.com\/international\/amerique-nord\/etats-unis\/donald-trump\/donald-trump-recoit-les-dirigeants-d-azerbaidjan-et-d-armenie-pour-signer-un-accord-de-paix-historique_AD-202508080369.html\" title=\"Donald Trump re\u00e7oit les dirigeants d&#039;Azerba\u00efdjan et d&#039;Arm\u00e9nie pour signer un accord de paix &quot;historique&quot;\" class=\"internal_link\" rel=\"nofollow noopener\" target=\"_blank\">l&rsquo;Arm\u00e9nie et l&rsquo;Azerba\u00efdjan s&rsquo;\u00e9taient engag\u00e9s \u00e0 instaurer une paix permanente<\/a>, alors qu&rsquo;il accueillait \u00e0 la Maison Blanche les dirigeants des deux pays du Caucase du Sud, qui se livrent une guerre depuis des d\u00e9cennies.<\/p>\n<p>\u00ab\u00a0L&rsquo;Arm\u00e9nie et l&rsquo;Azerba\u00efdjan s&rsquo;engagent \u00e0 mettre fin \u00e0 tous les combats pour toujours, \u00e0 ouvrir le commerce, les voyages et les relations diplomatiques, et \u00e0 respecter la souverainet\u00e9 et l&rsquo;int\u00e9grit\u00e9 territoriale de l&rsquo;autre\u00a0\u00bb, a affirm\u00e9 Donald Trump, qui a \u00e9galement annonc\u00e9 la lev\u00e9e des restrictions sur la coop\u00e9ration militaire entre les \u00c9tats-Unis et Bakou. La nature contraignante ou non de cet engagement n&rsquo;est toutefois pas claire.<\/p>\n<p>\u00ab\u00a0Vous allez avoir une tr\u00e8s bonne relation\u00a0\u00bb<\/p>\n<p>\u00c0 ses c\u00f4t\u00e9s \u00e0 la Maison Blanche, le pr\u00e9sident azerba\u00efdjanais Ilham Aliev et le Premier ministre arm\u00e9nien Nikol Pachinian ont estim\u00e9 que la m\u00e9diation du pr\u00e9sident am\u00e9ricain, notoirement sensible aux honneurs et distinctions, devait lui valoir le prix Nobel de la paix.<\/p>\n<p>\u00ab\u00a0Vous allez avoir une tr\u00e8s bonne relation\u00a0\u00bb, a-t-il lanc\u00e9 \u00e0 ses deux invit\u00e9s, ajoutant: \u00ab\u00a0Si ce n&rsquo;est pas le cas, appelez-moi et j&rsquo;arrangerai \u00e7a\u00a0\u00bb.<\/p>\n<p>Ilham Aliev a salu\u00e9 un jour \u00ab\u00a0historique\u00a0\u00bb et propos\u00e9 d&rsquo;envoyer, avec Nikol Pachinian, une lettre pour soutenir la candidature au prix Nobel de la paix.<\/p>\n<blockquote class=\"embed embed_quote\"><p>\u00ab\u00a0Qui, si ce n&rsquo;est le pr\u00e9sident Trump, (le) m\u00e9rite?\u00a0\u00bb, a-t-il demand\u00e9.<\/p><\/blockquote>\n<p>Il a aussi remerci\u00e9 Donald Trump pour sa d\u00e9cision, \u00e9galement annonc\u00e9e vendredi, de lever les restrictions pesant depuis plusieurs ann\u00e9es sur la coop\u00e9ration militaire de son pays avec les \u00c9tats-Unis.<\/p>\n<p>Les deux pays vont soutenir Donald Trump pour le Nobel de la paix<\/p>\n<p>Le dirigeant arm\u00e9nien a lui aussi exprim\u00e9 son soutien \u00e0 un prix Nobel de la paix pour le pr\u00e9sident am\u00e9ricain, dont il a salu\u00e9 le bilan de \u00ab\u00a0faiseur de paix\u00a0\u00bb, en disant: \u00ab\u00a0Nous allons d\u00e9fendre\u00a0\u00bb cette candidature.<\/p>\n<p>Donald Trump a plusieurs fois dit publiquement qu&rsquo;il m\u00e9ritait cette distinction en raison de ses efforts de m\u00e9diation dans plusieurs conflits internationaux.<\/p>\n<p>Ilham Aliev et Nikol Pachinian se sont serr\u00e9 la main sous l&rsquo;oeil satisfait de Donald Trump, et ont ensuite sign\u00e9 tout comme lui un document que la Maison Blanche a appel\u00e9 une \u00ab\u00a0d\u00e9claration commune\u00a0\u00bb.<\/p>\n<blockquote class=\"embed embed_quote\"><p>\u00ab\u00a0Nous \u00e9tablissons aujourd&rsquo;hui la paix dans le Caucase\u00a0\u00bb, a comment\u00e9 le pr\u00e9sident azerba\u00efdjanais. Le Premier ministre arm\u00e9nien a lui parl\u00e9 d&rsquo;un accord qui \u00ab\u00a0ouvrait la voie pour mettre fin \u00e0 des d\u00e9cennies de conflit\u00a0\u00bb.<\/p><\/blockquote>\n<p>L&rsquo;accord conclu vendredi pr\u00e9voit par ailleurs la cr\u00e9ation d&rsquo;une zone de transit passant par l&rsquo;Arm\u00e9nie et reliant l&rsquo;Azerba\u00efdjan \u00e0 son enclave du Nakhitchevan plus \u00e0 l&rsquo;ouest.<\/p>\n<p>Cette zone de transit, qui r\u00e9pond \u00e0 une revendication de longue date de Bakou, sera nomm\u00e9e \u00ab\u00a0Voie Trump pour la paix et la prosp\u00e9rit\u00e9 internationale\u00a0\u00bb (TRIPP, son acronyme en anglais).<\/p>\n<p>Les \u00c9tats-Unis y disposeront de droits de d\u00e9veloppement, ce qui leur permet d&rsquo;avancer leurs pions dans une r\u00e9gion tr\u00e8s strat\u00e9gique et riche en hydrocarbures.<\/p>\n<p><a href=\"https:\/\/www.bfmtv.com\/international\/asie\/haut-karabakh-le-kremlin-annonce-le-debut-du-retrait-de-son-contingent-russe_AD-202404170454.html\" title=\"Haut-Karabakh: le Kremlin annonce le d\u00e9but du retrait de ses soldats de &quot;maintien de la paix&quot;\" class=\"internal_link\" rel=\"nofollow noopener\" target=\"_blank\">La r\u00e9gion contest\u00e9e du Karabakh<\/a> est reconnue internationalement comme faisant partie de l&rsquo;Azerba\u00efdjan mais a \u00e9t\u00e9 contr\u00f4l\u00e9e pendant trois d\u00e9cennies par des s\u00e9paratistes arm\u00e9niens apr\u00e8s une guerre qu&rsquo;ils avaient remport\u00e9e \u00e0 la dislocation de l&rsquo;URSS, et qui avait provoqu\u00e9 l&rsquo;exode de la quasi-totalit\u00e9 des Az\u00e9ris qui l&rsquo;habitait.<\/p>\n<p>Bakou a repris partiellement cette enclave lors d&rsquo;une nouvelle guerre \u00e0 l&rsquo;automne 2020, puis enti\u00e8rement lors d&rsquo;une offensive \u00e9clair en septembre 2023, provoquant \u00e0 son tour la fuite de plus de 100.000 Arm\u00e9niens du Karabakh.<\/p>\n<p>Soucieux de d\u00e9passer le conflit, Bakou et Erevan s&rsquo;\u00e9taient mis d&rsquo;accord en mars sur le texte d&rsquo;un trait\u00e9 de paix. Mais l&rsquo;Azerba\u00efdjan, victorieux, exige que l&rsquo;Arm\u00e9nie modifie sa Constitution pour renoncer officiellement \u00e0 toute revendication territoriale sur le Karabakh.<\/p>\n<p>Nikol Pachinian s&rsquo;est d\u00e9clar\u00e9 pr\u00eat \u00e0 s&rsquo;y conformer, annon\u00e7ant son intention d&rsquo;organiser un r\u00e9f\u00e9rendum constitutionnel en 2027. Mais le traumatisme de la perte du Karabakh, appel\u00e9 Artsakh en arm\u00e9nien, continue de diviser son pays.<\/p>\n","protected":false},"excerpt":{"rendered":"Les deux pays, qui se livrent une guerre depuis des d\u00e9cennies, se sont engag\u00e9s \u00e0 une paix permanente.&hellip;\n","protected":false},"author":2,"featured_media":306646,"comment_status":"","ping_status":"","sticky":false,"template":"","format":"standard","meta":{"footnotes":""},"categories":[1589],"tags":[11,73,1866,12,1864,1865,1863,308],"class_list":{"0":"post-306645","1":"post","2":"type-post","3":"status-publish","4":"format-standard","5":"has-post-thumbnail","7":"category-etats-unis","8":"tag-actualites","9":"tag-etats-unis","10":"tag-etats-unis-damerique","11":"tag-news","12":"tag-united-states","13":"tag-united-states-of-america","14":"tag-us","15":"tag-usa"},"share_on_mastodon":{"url":"https:\/\/pubeurope.com\/@fr\/114997140154066137","error":""},"_links":{"self":[{"href":"https:\/\/www.europesays.com\/fr\/wp-json\/wp\/v2\/posts\/306645","targetHints":{"allow":["GET"]}}],"collection":[{"href":"https:\/\/www.europesays.com\/fr\/wp-json\/wp\/v2\/posts"}],"about":[{"href":"https:\/\/www.europesays.com\/fr\/wp-json\/wp\/v2\/types\/post"}],"author":[{"embeddable":true,"href":"https:\/\/www.europesays.com\/fr\/wp-json\/wp\/v2\/users\/2"}],"replies":[{"embeddable":true,"href":"https:\/\/www.europesays.com\/fr\/wp-json\/wp\/v2\/comments?post=306645"}],"version-history":[{"count":0,"href":"https:\/\/www.europesays.com\/fr\/wp-json\/wp\/v2\/posts\/306645\/revisions"}],"wp:featuredmedia":[{"embeddable":true,"href":"https:\/\/www.europesays.com\/fr\/wp-json\/wp\/v2\/media\/306646"}],"wp:attachment":[{"href":"https:\/\/www.europesays.com\/fr\/wp-json\/wp\/v2\/media?parent=306645"}],"wp:term":[{"taxonomy":"category","embeddable":true,"href":"https:\/\/www.europesays.com\/fr\/wp-json\/wp\/v2\/categories?post=306645"},{"taxonomy":"post_tag","embeddable":true,"href":"https:\/\/www.europesays.com\/fr\/wp-json\/wp\/v2\/tags?post=306645"}],"curies":[{"name":"wp","href":"https:\/\/api.w.org\/{rel}","templated":true}]}}