{"id":306652,"date":"2025-08-09T05:27:16","date_gmt":"2025-08-09T05:27:16","guid":{"rendered":"https:\/\/www.europesays.com\/fr\/306652\/"},"modified":"2025-08-09T05:27:16","modified_gmt":"2025-08-09T05:27:16","slug":"lue-investit-692-milliards-pour-remplacer-la-russie-un-pacte-inedit-avec-les-etats-unis-bouleverse-lequilibre-energetique-mondial-malgre-les-critiques-ecologiques","status":"publish","type":"post","link":"https:\/\/www.europesays.com\/fr\/306652\/","title":{"rendered":"\u00ab L\u2019UE investit 692 milliards pour remplacer la Russie \u00bb : un pacte in\u00e9dit avec les \u00c9tats-Unis bouleverse l\u2019\u00e9quilibre \u00e9nerg\u00e9tique mondial malgr\u00e9 les critiques \u00e9cologiques"},"content":{"rendered":"<tr>\n<td><strong>EN BREF<\/strong><\/td>\n<\/tr>\n<tr>\n<td>\n<ul>\n<li>\ud83d\udee2\ufe0f L\u2019UE engage <strong>692 milliards d\u2019euros<\/strong> pour acheter du gaz et du p\u00e9trole am\u00e9ricains.<\/li>\n<li>\ud83e\udd1d Accord bilat\u00e9ral visant \u00e0 r\u00e9duire la d\u00e9pendance \u00e9nerg\u00e9tique de l\u2019Europe envers la <strong>Russie<\/strong>.<\/li>\n<li>\u2708\ufe0f Suppression des droits de douane sur des secteurs strat\u00e9giques comme l\u2019<strong>a\u00e9ronautique<\/strong> et les semi-conducteurs.<\/li>\n<li>\ud83c\udf0d D\u00e9bat sur la compatibilit\u00e9 de cet accord avec les <strong>objectifs climatiques<\/strong> de l\u2019UE.<\/li>\n<\/ul>\n<\/td>\n<\/tr>\n<p>En juillet 2025, un tournant majeur dans les relations \u00e9nerg\u00e9tiques transatlantiques a \u00e9t\u00e9 annonc\u00e9. L\u2019Union europ\u00e9enne (UE) et les \u00c9tats-Unis ont conclu un accord historique visant \u00e0 r\u00e9duire la d\u00e9pendance de l\u2019Europe envers les hydrocarbures russes. Cet engagement s\u2019inscrit dans une strat\u00e9gie plus large de diversification des sources d\u2019\u00e9nergie et de renforcement des liens commerciaux entre les deux blocs. Alors que les tensions g\u00e9opolitiques persistent, cet accord met en lumi\u00e8re des enjeux \u00e9conomiques et strat\u00e9giques de grande ampleur.<\/p>\n<p>Un accord monumental pour l\u2019\u00e9nergie<\/p>\n<p>L\u2019accord sign\u00e9 entre l\u2019UE et les \u00c9tats-Unis repr\u00e9sente un engagement financier colossal, avec une enveloppe de 692 milliards d\u2019euros sur trois ans. Ce montant est destin\u00e9 \u00e0 l\u2019achat de gaz naturel liqu\u00e9fi\u00e9, de p\u00e9trole brut et de combustibles nucl\u00e9aires am\u00e9ricains. Cette initiative vise principalement \u00e0 compenser les importations \u00e9nerg\u00e9tiques pr\u00e9c\u00e9demment r\u00e9alis\u00e9es avec la Russie. En renfor\u00e7ant cette collaboration \u00e9nerg\u00e9tique transatlantique, l\u2019UE cherche \u00e0 s\u00e9curiser ses approvisionnements tout en s\u2019engageant dans une transition \u00e9nerg\u00e9tique respectant ses objectifs climatiques.<\/p>\n<p>Malgr\u00e9 l\u2019importance de cet accord, des voix s\u2019\u00e9l\u00e8vent pour souligner les contradictions que pose l\u2019importation de combustibles fossiles en provenance des \u00c9tats-Unis. Les critiques portent sur la compatibilit\u00e9 de ces importations avec les engagements de l\u2019UE en mati\u00e8re de d\u00e9carbonation. N\u00e9anmoins, la Commission europ\u00e9enne insiste sur le caract\u00e8re transitoire de ces mesures, les qualifiant de n\u00e9cessaires pour atteindre les objectifs de transition \u00e9nerg\u00e9tique fix\u00e9s \u00e0 long terme.<\/p>\n<blockquote class=\"wp-embedded-content\" data-secret=\"QKmJk19c9s\">\n<p><a href=\"https:\/\/www.le-gaz.fr\/2025\/05\/02\/droits-de-douane-expand-energy-voit-un-impact-minime-a-moyen-terme\/\" rel=\"nofollow noopener\" target=\"_blank\">Droits de douane : Expand Energy voit un impact minime \u00e0 moyen terme\u00a0<\/a><\/p>\n<\/blockquote>\n<p>Facilitation commerciale et lev\u00e9e des douanes<\/p>\n<p>Au-del\u00e0 des \u00e9changes \u00e9nerg\u00e9tiques, l\u2019accord inclut un volet commercial significatif. Les deux parties ont convenu de supprimer r\u00e9ciproquement les droits de douane sur plusieurs secteurs strat\u00e9giques. Cette suppression concerne notamment l\u2019a\u00e9ronautique, l\u2019industrie chimique, les semi-conducteurs, les produits agricoles et les mati\u00e8res premi\u00e8res critiques. Ces mesures visent \u00e0 stimuler les \u00e9changes commerciaux et \u00e0 renforcer l\u2019int\u00e9gration \u00e9conomique entre l\u2019UE et les \u00c9tats-Unis.<\/p>\n<p>Donald Trump a salu\u00e9 cet accord comme un \u00ab nouveau chapitre dans l\u2019amiti\u00e9 transatlantique \u00bb, mettant en avant les 600 milliards de dollars d\u2019investissements europ\u00e9ens attendus aux \u00c9tats-Unis. Cette dynamique pourrait cr\u00e9er des opportunit\u00e9s \u00e9conomiques significatives pour les deux partenaires, tout en consolidant leur interd\u00e9pendance commerciale et strat\u00e9gique.<\/p>\n<blockquote class=\"wp-embedded-content\" data-secret=\"6MhMwmBGaz\">\n<p><a href=\"https:\/\/www.le-gaz.fr\/2024\/11\/11\/etats-unis-la-reelection-de-donald-trump-pourrait-donner-des-couleurs-au-gaz-de-schiste\/\" rel=\"nofollow noopener\" target=\"_blank\">Etats Unis\u00a0: la r\u00e9\u00e9lection de Donald Trump pourrait raviver le gaz de schiste<\/a><\/p>\n<\/blockquote>\n<p>Une strat\u00e9gie pour r\u00e9duire la d\u00e9pendance russe<\/p>\n<p>Depuis 2022, l\u2019UE a poursuivi l\u2019objectif de r\u00e9duire sa d\u00e9pendance \u00e9nerg\u00e9tique \u00e0 l\u2019\u00e9gard de la Russie, une d\u00e9marche d\u00e9sormais concr\u00e9tis\u00e9e par cet accord. Le Parlement europ\u00e9en a soulign\u00e9 l\u2019importance de renforcer la r\u00e9silience \u00e9nerg\u00e9tique de l\u2019Union, tout en consolidant sa souverainet\u00e9 strat\u00e9gique. Cette d\u00e9marche vise \u00e0 faire de l\u2019\u00e9nergie un levier de r\u00e9\u00e9quilibrage diplomatique et \u00e0 choisir des partenaires plus stables.<\/p>\n<p>Toutefois, certains d\u00e9put\u00e9s europ\u00e9ens ont exprim\u00e9 des pr\u00e9occupations concernant la durabilit\u00e9 environnementale de cet accord. Les importations massives de combustibles fossiles am\u00e9ricains pourraient sembler en contradiction avec les engagements climatiques de l\u2019UE. La question des modalit\u00e9s de compensation carbone et de l\u2019alignement sur la taxonomie verte europ\u00e9enne reste ouverte, soulevant des d\u00e9bats sur la transparence et la durabilit\u00e9 \u00e0 long terme.<\/p>\n<p>Implications \u00e9conomiques et strat\u00e9giques<\/p>\n<p>L\u2019accord \u00e9nerg\u00e9tique entre l\u2019UE et les \u00c9tats-Unis pourrait avoir des r\u00e9percussions profondes sur les relations internationales. En choisissant de s\u2019\u00e9loigner de la Russie, l\u2019UE affirme sa volont\u00e9 d\u2019accro\u00eetre son autonomie strat\u00e9gique et de renforcer ses liens avec un alli\u00e9 traditionnel. Cette d\u00e9marche s\u2019inscrit \u00e9galement dans un contexte de tensions g\u00e9opolitiques croissantes, o\u00f9 chaque acteur cherche \u00e0 s\u00e9curiser ses int\u00e9r\u00eats \u00e9conomiques et \u00e9nerg\u00e9tiques.<\/p>\n<p>Les implications \u00e9conomiques sont \u00e9galement notables, avec des investissements massifs attendus de part et d\u2019autre de l\u2019Atlantique. La suppression des droits de douane et le renforcement des \u00e9changes commerciaux pourraient stimuler la croissance \u00e9conomique et l\u2019innovation technologique. Cependant, la question de l\u2019\u00e9quilibre entre s\u00e9curit\u00e9 \u00e9nerg\u00e9tique et durabilit\u00e9 environnementale demeure centrale, suscitant des d\u00e9bats au sein des institutions europ\u00e9ennes.<\/p>\n<p>Alors que l\u2019UE et les \u00c9tats-Unis avancent ensemble dans cette nouvelle phase de coop\u00e9ration \u00e9nerg\u00e9tique et commerciale, de nombreuses questions subsistent. Comment cet accord influencera-t-il les dynamiques g\u00e9opolitiques mondiales ? L\u2019UE parviendra-t-elle \u00e0 conjuguer s\u00e9curit\u00e9 \u00e9nerg\u00e9tique et respect de ses engagements climatiques ?<\/p>\n<p>Cet article s\u2019appuie sur des sources v\u00e9rifi\u00e9es et l\u2019assistance de technologies \u00e9ditoriales.<\/p>\n<p id=\"rating\">\u00c7a vous a plu ?\u00a04.6\/5 (24)<\/p>\n","protected":false},"excerpt":{"rendered":"EN BREF \ud83d\udee2\ufe0f L\u2019UE engage 692 milliards d\u2019euros pour acheter du gaz et du p\u00e9trole am\u00e9ricains. \ud83e\udd1d Accord&hellip;\n","protected":false},"author":2,"featured_media":306653,"comment_status":"","ping_status":"","sticky":false,"template":"","format":"standard","meta":{"footnotes":""},"categories":[1586],"tags":[11,1777,674,1779,1011,27,12,25,1778,364],"class_list":{"0":"post-306652","1":"post","2":"type-post","3":"status-publish","4":"format-standard","5":"has-post-thumbnail","7":"category-europe","8":"tag-actualites","9":"tag-eu","10":"tag-europe","11":"tag-european-union","12":"tag-fr","13":"tag-france","14":"tag-news","15":"tag-republique-francaise","16":"tag-ue","17":"tag-union-europeenne"},"share_on_mastodon":{"url":"https:\/\/pubeurope.com\/@fr\/114997155884608498","error":""},"_links":{"self":[{"href":"https:\/\/www.europesays.com\/fr\/wp-json\/wp\/v2\/posts\/306652","targetHints":{"allow":["GET"]}}],"collection":[{"href":"https:\/\/www.europesays.com\/fr\/wp-json\/wp\/v2\/posts"}],"about":[{"href":"https:\/\/www.europesays.com\/fr\/wp-json\/wp\/v2\/types\/post"}],"author":[{"embeddable":true,"href":"https:\/\/www.europesays.com\/fr\/wp-json\/wp\/v2\/users\/2"}],"replies":[{"embeddable":true,"href":"https:\/\/www.europesays.com\/fr\/wp-json\/wp\/v2\/comments?post=306652"}],"version-history":[{"count":0,"href":"https:\/\/www.europesays.com\/fr\/wp-json\/wp\/v2\/posts\/306652\/revisions"}],"wp:featuredmedia":[{"embeddable":true,"href":"https:\/\/www.europesays.com\/fr\/wp-json\/wp\/v2\/media\/306653"}],"wp:attachment":[{"href":"https:\/\/www.europesays.com\/fr\/wp-json\/wp\/v2\/media?parent=306652"}],"wp:term":[{"taxonomy":"category","embeddable":true,"href":"https:\/\/www.europesays.com\/fr\/wp-json\/wp\/v2\/categories?post=306652"},{"taxonomy":"post_tag","embeddable":true,"href":"https:\/\/www.europesays.com\/fr\/wp-json\/wp\/v2\/tags?post=306652"}],"curies":[{"name":"wp","href":"https:\/\/api.w.org\/{rel}","templated":true}]}}