{"id":306658,"date":"2025-08-09T05:30:11","date_gmt":"2025-08-09T05:30:11","guid":{"rendered":"https:\/\/www.europesays.com\/fr\/306658\/"},"modified":"2025-08-09T05:30:11","modified_gmt":"2025-08-09T05:30:11","slug":"une-nouvelle-vague-de-chaleur-frappe-la-france","status":"publish","type":"post","link":"https:\/\/www.europesays.com\/fr\/306658\/","title":{"rendered":"une nouvelle vague de chaleur frappe la France"},"content":{"rendered":"<p>28 d\u00e9partements sont plac\u00e9s en vigilance orange canicule ce samedi, et 40 le seront dimanche. La journ\u00e9e de lundi pourrait \u00eatre la plus chaude \u00e0 l\u2019\u00e9chelle nationale, selon M\u00e9t\u00e9o Consult.<\/p>\n<p class=\"fig-paragraph\">Une vague de chaleur, la deuxi\u00e8me \u00e0 frapper la France cet \u00e9t\u00e9, va se diffuser samedi sur une grande partie du sud du pays o\u00f9 28 d\u00e9partements sont plac\u00e9s en vigilance orange \u00ab<a href=\"https:\/\/www.lefigaro.fr\/tag\/canicule\" target=\"_blank\" rel=\"sponsored noopener\" data-gtm-custom-categorie=\"navigation\" data-gtm-custom-action=\"crossclick\" data-gtm-custom-label=\"Contextuel\" data-gtm-event=\"customEventSPE\">canicule<\/a> \u00bb par M\u00e9t\u00e9o-France, avant une extension de l&rsquo;alerte dimanche.\u00a0<a href=\"https:\/\/actualite.lachainemeteo.com\/alerte-meteo\/8665-vague-de-chaleur-caniculaire-de-grande-ampleur\" target=\"_blank\" rel=\"sponsored noopener\" data-gtm-custom-categorie=\"navigation\" data-gtm-custom-action=\"crossclick\" data-gtm-custom-label=\"Contextuel\" data-gtm-event=\"customEventSPE\">La Cha\u00eene m\u00e9t\u00e9o<\/a> * place de son c\u00f4t\u00e9 22 d\u00e9partements en alerte orange.<\/p>\n<p class=\"fig-paragraph\">De la Dordogne \u00e0 la Haute-Savoie en passant par le Cantal et la Dr\u00f4me, une vaste partie sud du pays va conna\u00eetre un week-end marqu\u00e9 par des temp\u00e9ratures comprises entre 34\u00b0C et 40\u00b0C, et qui pourront atteindre les 41\u00b0C du pied des C\u00e9vennes \u00e0 la basse vall\u00e9e du Rh\u00f4ne, selon M\u00e9t\u00e9o-France.<\/p>\n<p>                                    <a class=\"fig-a11y-skip a11y-hidden\" href=\"#fig-a11y-skip-main-inarticle\"><br \/>\n        Passer la publicit\u00e9<br \/>\n    <\/a><\/p>\n<p class=\"fig-paragraph\">Dans le Sud-Est, les nuits deviendront tr\u00e8s chaudes des Pyr\u00e9n\u00e9es-Orientales \u00e0 la vall\u00e9e du Rh\u00f4ne, avec des minimales comprises entre 21 et 25\u00b0C. Dimanche, la quasi-totalit\u00e9 de la moiti\u00e9 sud du pays, avec 40 d\u00e9partements hors Corse, seront en vigilance orange canicule, \u00e0 ce stade jusqu&rsquo;\u00e0 minuit, selon M\u00e9t\u00e9o-France.<\/p>\n<p class=\"fig-paragraph\">La journ\u00e9e de lundi pourrait \u00eatre \u00abla plus chaude \u00e0 l&rsquo;\u00e9chelle nationale\u00bb, a indiqu\u00e9 le pr\u00e9visionniste, pr\u00e9cisant que la vague de chaleur \u00abdevrait durer jusqu&rsquo;en milieu de semaine prochaine sur la moiti\u00e9 sud\u00bb.<\/p>\n<p class=\"fig-paragraph\">La sortie de la canicule devrait commencer \u00e0 arriver par l\u2019ouest mercredi, mais une large moiti\u00e9 est du pays risque de conserver ces tr\u00e8s fortes chaleurs jusqu\u2019\u00e0 jeudi et vendredi, assure\u00a0<a href=\"https:\/\/www.meteoconsult.fr\/alerte-meteo\/2025-08-08\/8664-vague-de-chaleur-caniculaire-de-grande-ampleur\" target=\"_blank\" rel=\"nofollow noopener\" data-gtm-custom-categorie=\"navigation\" data-gtm-custom-action=\"crossclick\" data-gtm-custom-label=\"Contextuel\" data-gtm-event=\"customEventSPE\">M\u00e9t\u00e9o Consult<\/a>.<\/p>\n<p class=\"fig-body-link\">\n            \u00c0 lire aussi<br \/>\n        <a class=\"fig-body-link__link\" href=\"http:\/\/www.lefigaro.fr\/meteo\/canicule-visualisez-les-temperatures-extremes-a-venir-cette-semaine-en-cartes-20250804\" data-fig-type=\"NewsFlash\" data-gtm-custom-categorie=\"navigation\" data-gtm-custom-action=\"crossclick\" data-gtm-custom-label=\"Contextuel\" data-gtm-event=\"customEventSPE\" data-fig-domain=\"LEFIGARO\" target=\"_blank\" rel=\"noopener\">Jusqu\u2019\u00e0 43 \u00b0C\u00a0: d\u00e9couvrez les pics de chaleur attendus ce week-end et en d\u00e9but de semaine<br \/>\n    <\/a>\n<\/p>\n<p>Danger \u00ab\u00e9lev\u00e9\u00bb de feux de for\u00eat<\/p>\n<p class=\"fig-paragraph\">Apr\u00e8s une premi\u00e8re vague de chaleur du 19 juin au 4 juillet, cet \u00e9pisode constitue la 51e vague de chaleur enregistr\u00e9e en France depuis 1947. \u00abOn note une acc\u00e9l\u00e9ration de la survenue des vagues de chaleur au fil du temps. Cette tendance est bien li\u00e9e au changement climatique, qui a un impact fort sur les temp\u00e9ratures en France hexagonale\u00bb, a d\u00e9clar\u00e9 \u00e0 l&rsquo;AFP Lauriane Batt\u00e9, climatologue \u00e0 M\u00e9t\u00e9o-France.<\/p>\n<p class=\"fig-paragraph\">L&rsquo;\u00e9pisode s&rsquo;accompagne d&rsquo;un danger \u00ab\u00e9lev\u00e9\u00bb de feux de for\u00eat sur le pourtour m\u00e9diterran\u00e9en, alors que l&rsquo;incendie d&rsquo;une ampleur exceptionnelle dans l&rsquo;Aude a \u00e9t\u00e9 fix\u00e9 jeudi soir apr\u00e8s\u00a0<a href=\"http:\/\/www.lefigaro.fr\/actualite-france\/incendie-dans-l-aude-les-images-aeriennes-de-la-vegetation-brulee-par-les-flammes-20250808\" target=\"_blank\" data-fig-type=\"NewsFlash\" rel=\"noopener\" data-gtm-custom-categorie=\"navigation\" data-gtm-custom-action=\"crossclick\" data-gtm-custom-label=\"Contextuel\" data-gtm-event=\"customEventSPE\" data-fig-domain=\"LEFIGARO\">avoir parcouru 17.000 hectares de v\u00e9g\u00e9tation et co\u00fbt\u00e9 la vie \u00e0 une personne.<\/a><\/p>\n<p>                                    <a class=\"fig-a11y-skip a11y-hidden\" href=\"#fig-a11y-skip-main-inarticle_mtf\"><br \/>\n        Passer la publicit\u00e9<br \/>\n    <\/a><\/p>\n<p class=\"fig-paragraph\">Il co\u00efncide en outre avec un week-end de chass\u00e9-crois\u00e9 entre automobilistes sur la route ou de retour de vacances,\u00a0<a href=\"http:\/\/www.lefigaro.fr\/conjoncture\/bison-fute-une-circulation-tres-difficile-attendue-ce-samedi-sur-les-routes-20250806\" target=\"_blank\" data-fig-type=\"Article\" rel=\"noopener\" data-gtm-custom-categorie=\"navigation\" data-gtm-custom-action=\"crossclick\" data-gtm-custom-label=\"Contextuel\" data-gtm-event=\"customEventSPE\" data-fig-domain=\"LEFIGARO\">avec une circulation annonc\u00e9e comme \u00abdifficile sur tout ou partie du territoire<\/a>, du vendredi 8 au dimanche 10 ao\u00fbt\u00bb.<\/p>\n<p class=\"fig-paragraph\">La journ\u00e9e la plus charg\u00e9e du week-end sera le samedi 9, class\u00e9 orange au niveau national dans les deux sens et not\u00e9e \u00abtr\u00e8s difficile dans le sens des d\u00e9parts dans le Grand-Ouest, le Nord et l&rsquo;Auvergne-Rh\u00f4ne-Alpes, ainsi que dans le Sud-Ouest dans le sens des retours\u00bb, alerte Bison Fut\u00e9.<\/p>\n<p class=\"fig-paragraph\">La SNCF a de son c\u00f4t\u00e9 indiqu\u00e9 avoir supprim\u00e9 plusieurs allers-retours sur les lignes Bordeaux-Marseille et Paris-Clermont afin d&rsquo;\u00abanticiper\u00bb des pannes potentielles de climatisation li\u00e9es aux tr\u00e8s hautes temp\u00e9ratures \u00ab dans ses trains les plus anciens.\u00a0\u00bb L&rsquo;ensemble des clients concern\u00e9s b\u00e9n\u00e9ficient de l&rsquo;\u00e9change ou du remboursement sans frais de leurs billets, pr\u00e9cise la SNCF.<\/p>\n<p class=\"fig-paragraph\">\u00a0*La Cha\u00eene M\u00e9t\u00e9o est une propri\u00e9t\u00e9 du groupe Le Figaro.<\/p>\n","protected":false},"excerpt":{"rendered":"28 d\u00e9partements sont plac\u00e9s en vigilance orange canicule ce samedi, et 40 le seront dimanche. La journ\u00e9e de&hellip;\n","protected":false},"author":2,"featured_media":306659,"comment_status":"","ping_status":"","sticky":false,"template":"","format":"standard","meta":{"footnotes":""},"categories":[4],"tags":[11,6698,1011,27,12,25],"class_list":{"0":"post-306658","1":"post","2":"type-post","3":"status-publish","4":"format-standard","5":"has-post-thumbnail","7":"category-france","8":"tag-actualites","9":"tag-canicule","10":"tag-fr","11":"tag-france","12":"tag-news","13":"tag-republique-francaise"},"share_on_mastodon":{"url":"https:\/\/pubeurope.com\/@fr\/114997167534975749","error":""},"_links":{"self":[{"href":"https:\/\/www.europesays.com\/fr\/wp-json\/wp\/v2\/posts\/306658","targetHints":{"allow":["GET"]}}],"collection":[{"href":"https:\/\/www.europesays.com\/fr\/wp-json\/wp\/v2\/posts"}],"about":[{"href":"https:\/\/www.europesays.com\/fr\/wp-json\/wp\/v2\/types\/post"}],"author":[{"embeddable":true,"href":"https:\/\/www.europesays.com\/fr\/wp-json\/wp\/v2\/users\/2"}],"replies":[{"embeddable":true,"href":"https:\/\/www.europesays.com\/fr\/wp-json\/wp\/v2\/comments?post=306658"}],"version-history":[{"count":0,"href":"https:\/\/www.europesays.com\/fr\/wp-json\/wp\/v2\/posts\/306658\/revisions"}],"wp:featuredmedia":[{"embeddable":true,"href":"https:\/\/www.europesays.com\/fr\/wp-json\/wp\/v2\/media\/306659"}],"wp:attachment":[{"href":"https:\/\/www.europesays.com\/fr\/wp-json\/wp\/v2\/media?parent=306658"}],"wp:term":[{"taxonomy":"category","embeddable":true,"href":"https:\/\/www.europesays.com\/fr\/wp-json\/wp\/v2\/categories?post=306658"},{"taxonomy":"post_tag","embeddable":true,"href":"https:\/\/www.europesays.com\/fr\/wp-json\/wp\/v2\/tags?post=306658"}],"curies":[{"name":"wp","href":"https:\/\/api.w.org\/{rel}","templated":true}]}}