{"id":306660,"date":"2025-08-09T05:33:13","date_gmt":"2025-08-09T05:33:13","guid":{"rendered":"https:\/\/www.europesays.com\/fr\/306660\/"},"modified":"2025-08-09T05:33:13","modified_gmt":"2025-08-09T05:33:13","slug":"super-xiii-hakim-belhadri-javais-envie-de-revenir-aux-cotes-de-mes-proches-rugby-a-xiii","status":"publish","type":"post","link":"https:\/\/www.europesays.com\/fr\/306660\/","title":{"rendered":"Super XIII &#8211; Hakim Belhadri : \u00ab\u00a0J\u2019avais envie de revenir aux c\u00f4t\u00e9s de mes proches\u00a0\u00bb &#8211; Rugby \u00e0 XIII"},"content":{"rendered":"<p style=\"text-align: justify;\"><strong>Hakim Belhadri, nouvelle recrue de Pia, \u00e9voque son d\u00e9part du Toulouse Olympique et ses ambitions avec les Baroudeurs.<\/strong><\/p>\n<p style=\"text-align: justify;\"><strong>Quel bilan fais-tu de ton aventure toulousaine ?<\/strong><\/p>\n<p style=\"text-align: justify;\">Mon aventure toulousaine a \u00e9t\u00e9 positive et enrichissante sur plusieurs domaines. Je tiens \u00e0 remercier l\u2019ensemble du club : le staff, les dirigeants, les joueurs et les supporters. J\u2019ai \u00e9t\u00e9 super bien accueilli, ce qui a facilit\u00e9 mon int\u00e9gration au sein de l\u2019\u00e9quipe. Les saisons n\u2019ont pas \u00e9t\u00e9 simples mais on n\u2019a rien l\u00e2ch\u00e9\u2026<\/p>\n<p style=\"text-align: justify;\"><strong>Pourquoi ce retour \u00e0 Pia alors que tu visais le Championship et que tu avais jou\u00e9 contre les Dragons ?<\/strong><\/p>\n<p style=\"text-align: justify;\">J\u2019ai eu l\u2019opportunit\u00e9 de m\u2019entra\u00eener avec les pros de la Championship. Ce qui m\u2019a permis de disputer un match contre les Dragons \u00e0 Brutus. Cela restera un des meilleurs moments de ma vie. Apr\u00e8s deux saisons au TO, la terre catalane me manquait. J\u2019avais envie de revenir aux c\u00f4t\u00e9s de mes proches.<\/p>\n<p style=\"text-align: justify;\"><strong>Comment s\u2019est fait le contact avec Pia ?<\/strong><\/p>\n<p style=\"text-align: justify;\">Fabrice Bosch et Andrew Bentley, que je remercie vivement, m\u2019ont mis en contact avec Pia.<\/p>\n<p style=\"text-align: justify;\"><strong>Tu peux jouer 13 ou 9 : as-tu une pr\u00e9f\u00e9rence et comment vas-tu g\u00e9rer la concurrence que tu n\u2019avais pas forc\u00e9ment au TO ?<\/strong><\/p>\n<p style=\"text-align: justify;\">Je n\u2019ai pas de pr\u00e9f\u00e9rence en termes de poste. Gr\u00e2ce \u00e0 ma polyvalence, je prends du plaisir \u00e0 jouer \u00e0 plusieurs postes. Cela d\u00e9pend de comment le coach m\u2019utilise et dans quel syst\u00e8me de jeu. En ce qui concerne la concurrence, j\u2019ai toujours aim\u00e9 en avoir, il n\u2019y a rien de mieux pour progresser. \u00c0 moi de tout donner pour gagner ma place dans l\u2019\u00e9quipe et encha\u00eener les matchs.<\/p>\n<p style=\"text-align: justify;\"><strong>Quels sont tes objectifs avec Pia ?<\/strong><\/p>\n<p style=\"text-align: justify;\">Mon objectif est premi\u00e8rement de gagner ma place dans l\u2019effectif. Devenir un titulaire, et bien s\u00fbr gagner des titres.<\/p>\n","protected":false},"excerpt":{"rendered":"Hakim Belhadri, nouvelle recrue de Pia, \u00e9voque son d\u00e9part du Toulouse Olympique et ses ambitions avec les Baroudeurs.&hellip;\n","protected":false},"author":2,"featured_media":306661,"comment_status":"","ping_status":"","sticky":false,"template":"","format":"standard","meta":{"footnotes":""},"categories":[1416],"tags":[1011,27,44731,16661,479,2228,1468,2229,60,2231],"class_list":{"0":"post-306660","1":"post","2":"type-post","3":"status-publish","4":"format-standard","5":"has-post-thumbnail","7":"category-rugby","8":"tag-fr","9":"tag-france","10":"tag-hakim-belhadri","11":"tag-pia","12":"tag-rugby","13":"tag-rugby-a-xiii","14":"tag-rugby-football","15":"tag-rugby-league","16":"tag-sports","17":"tag-super-xiii"},"share_on_mastodon":{"url":"https:\/\/pubeurope.com\/@fr\/114997179408874081","error":""},"_links":{"self":[{"href":"https:\/\/www.europesays.com\/fr\/wp-json\/wp\/v2\/posts\/306660","targetHints":{"allow":["GET"]}}],"collection":[{"href":"https:\/\/www.europesays.com\/fr\/wp-json\/wp\/v2\/posts"}],"about":[{"href":"https:\/\/www.europesays.com\/fr\/wp-json\/wp\/v2\/types\/post"}],"author":[{"embeddable":true,"href":"https:\/\/www.europesays.com\/fr\/wp-json\/wp\/v2\/users\/2"}],"replies":[{"embeddable":true,"href":"https:\/\/www.europesays.com\/fr\/wp-json\/wp\/v2\/comments?post=306660"}],"version-history":[{"count":0,"href":"https:\/\/www.europesays.com\/fr\/wp-json\/wp\/v2\/posts\/306660\/revisions"}],"wp:featuredmedia":[{"embeddable":true,"href":"https:\/\/www.europesays.com\/fr\/wp-json\/wp\/v2\/media\/306661"}],"wp:attachment":[{"href":"https:\/\/www.europesays.com\/fr\/wp-json\/wp\/v2\/media?parent=306660"}],"wp:term":[{"taxonomy":"category","embeddable":true,"href":"https:\/\/www.europesays.com\/fr\/wp-json\/wp\/v2\/categories?post=306660"},{"taxonomy":"post_tag","embeddable":true,"href":"https:\/\/www.europesays.com\/fr\/wp-json\/wp\/v2\/tags?post=306660"}],"curies":[{"name":"wp","href":"https:\/\/api.w.org\/{rel}","templated":true}]}}