{"id":306663,"date":"2025-08-09T05:36:20","date_gmt":"2025-08-09T05:36:20","guid":{"rendered":"https:\/\/www.europesays.com\/fr\/306663\/"},"modified":"2025-08-09T05:36:20","modified_gmt":"2025-08-09T05:36:20","slug":"motogp-pluie-de-chutes-en-allemagne-marquez-simpose-quartararo-quatrieme-et-depite","status":"publish","type":"post","link":"https:\/\/www.europesays.com\/fr\/306663\/","title":{"rendered":"MotoGP\u00a0: pluie de chutes en Allemagne, Marquez s\u2019impose, Quartararo quatri\u00e8me et d\u00e9pit\u00e9"},"content":{"rendered":"<p class=\"paragraph text_align_left lp-f-body-02\">Apr\u00e8s la pluie en qualifications, grand soleil sur la course\u2026 et un d\u00e9luge de chutes. Le Grand Prix d\u2019Allemagne ce dimanche sur le circuit du Sachsenring, 11e manche de la saison sur 22, a \u00e9t\u00e9 marqu\u00e9 par de nombreuses sorties routes (8) sur un rev\u00eatement pourtant bien sec. Dix pilotes seulement ont franchi la ligne, ce qui n\u2019\u00e9tait pas arriv\u00e9 depuis 2011.<\/p>\n<p class=\"paragraph text_align_left lp-f-body-02\">\u00c0 ce jeu de quilles instables, les fr\u00e8res Marquez se sont montr\u00e9s les meilleurs, avec mention sp\u00e9ciale \u00e0 Marc Marquez (Ducati), leader et favori, premier devant son fr\u00e8re Alex (Gresini Ducati).<\/p>\n<p class=\"paragraph text_align_left lp-f-body-02\">C\u00f4t\u00e9 Fran\u00e7ais, <a href=\"https:\/\/www.leparisien.fr\/sports\/quand-on-gagnait-on-mangeait-des-spaghettis-dans-la-coupe-fabio-quartararo-raconte-par-ses-proches-25-10-2021-NJE2TEH3FJBPBKH2VMGKQ5SA6E.php\" target=\"_self\" rel=\"nofollow noopener\">Fabio Quartararo<\/a> (Yamaha) a profit\u00e9 de chutes devant lui pour finir de justesse au pied du podium (4e \u00e0 18\u2032&rsquo;7). \u00ab Je n\u2019ai eu aucune sensation du premier au dernier tour, s\u2019est d\u00e9sol\u00e9 le pilote \u00e0 la descente de sa machine. C\u2019est frustrant, je ne prends aucun plaisir. On travaille mais il n\u2019y a aucun r\u00e9sultat. Il manque plein de petites choses. C\u2019est fatigant de toujours r\u00e9p\u00e9ter les m\u00eames choses. On fait des r\u00e9unions tous les week-ends et c\u2019est toujours pareil. \u00bb<\/p>\n<p class=\"paragraph text_align_left lp-f-body-02\"><a href=\"https:\/\/www.leparisien.fr\/sports\/motogp-johann-zarco-remporte-le-gp-de-france-une-premiere-pour-un-francais-depuis-1954-11-05-2025-YMBEXP4H6ZALBBOKXS5B3MBBF4.php\" rel=\"nofollow noopener\" target=\"_blank\">Johann Zarco<\/a> (Honda-LCR), lui, pourtant deuxi\u00e8me en qualifications, n\u2019a jamais sembl\u00e9 dans le coup. Rapidement doubl\u00e9, il a chut\u00e9 lors du 18e des 30 tours.<\/p>\n","protected":false},"excerpt":{"rendered":"Apr\u00e8s la pluie en qualifications, grand soleil sur la course\u2026 et un d\u00e9luge de chutes. Le Grand Prix&hellip;\n","protected":false},"author":2,"featured_media":306664,"comment_status":"","ping_status":"","sticky":false,"template":"","format":"standard","meta":{"footnotes":""},"categories":[1413],"tags":[1011,27,1457,1456,60],"class_list":{"0":"post-306663","1":"post","2":"type-post","3":"status-publish","4":"format-standard","5":"has-post-thumbnail","7":"category-moto","8":"tag-fr","9":"tag-france","10":"tag-moto","11":"tag-motocycle","12":"tag-sports"},"share_on_mastodon":{"url":"https:\/\/pubeurope.com\/@fr\/114997191300484490","error":""},"_links":{"self":[{"href":"https:\/\/www.europesays.com\/fr\/wp-json\/wp\/v2\/posts\/306663","targetHints":{"allow":["GET"]}}],"collection":[{"href":"https:\/\/www.europesays.com\/fr\/wp-json\/wp\/v2\/posts"}],"about":[{"href":"https:\/\/www.europesays.com\/fr\/wp-json\/wp\/v2\/types\/post"}],"author":[{"embeddable":true,"href":"https:\/\/www.europesays.com\/fr\/wp-json\/wp\/v2\/users\/2"}],"replies":[{"embeddable":true,"href":"https:\/\/www.europesays.com\/fr\/wp-json\/wp\/v2\/comments?post=306663"}],"version-history":[{"count":0,"href":"https:\/\/www.europesays.com\/fr\/wp-json\/wp\/v2\/posts\/306663\/revisions"}],"wp:featuredmedia":[{"embeddable":true,"href":"https:\/\/www.europesays.com\/fr\/wp-json\/wp\/v2\/media\/306664"}],"wp:attachment":[{"href":"https:\/\/www.europesays.com\/fr\/wp-json\/wp\/v2\/media?parent=306663"}],"wp:term":[{"taxonomy":"category","embeddable":true,"href":"https:\/\/www.europesays.com\/fr\/wp-json\/wp\/v2\/categories?post=306663"},{"taxonomy":"post_tag","embeddable":true,"href":"https:\/\/www.europesays.com\/fr\/wp-json\/wp\/v2\/tags?post=306663"}],"curies":[{"name":"wp","href":"https:\/\/api.w.org\/{rel}","templated":true}]}}