{"id":306673,"date":"2025-08-09T05:41:13","date_gmt":"2025-08-09T05:41:13","guid":{"rendered":"https:\/\/www.europesays.com\/fr\/306673\/"},"modified":"2025-08-09T05:41:13","modified_gmt":"2025-08-09T05:41:13","slug":"villefranche-de-rouergue-un-trompe-loeil-historique-signe-stef-berg-a-villefranche","status":"publish","type":"post","link":"https:\/\/www.europesays.com\/fr\/306673\/","title":{"rendered":"Villefranche-de-Rouergue. Un trompe-l\u2019\u0153il historique sign\u00e9 Stef Berg \u00e0 Villefranche"},"content":{"rendered":"<p>\u00c0 58 ans, l\u2019artiste peintre d\u00e9corateur villefranchois Stef Berg, de son vrai nom St\u00e9phane Bergougnou, \u00ab\u00a0pur produit local car n\u00e9 \u00e0 la clinique St Alain !\u00a0\u00bb, a d\u00e9ploy\u00e9 son art dans le monde entier : Br\u00e9sil, Gabon, \u00c9thiopie, Maroc, Mayotte\u2026 Une passion qui ne l\u2019a jamais quitt\u00e9, depuis quil \u00e0 l\u2019\u00e2ge de 8 ans, sa maman lui achetait des num\u00e9ros d\u2019art. Il lui manquait, \u00e0 son brillant parcours artistique, de laisser une trace dans sa ville natale. C\u2019est d\u00e9sormais chose faite.<\/p>\n<p>Un trompe-l\u2019\u0153il saisissant sign\u00e9 de l\u2019artiste. Il a transform\u00e9 un mur aveugle de la rue Pomairols en une fa\u00e7ade hyperr\u00e9aliste. Une fresque command\u00e9e par la ville. \u00ab\u00a0C\u2019est un travail pens\u00e9 comme un outil p\u00e9dagogique avec l\u2019architecte des B\u00e2timents de France. Un projet \u00e0 dimension historique\u00a0\u00bb, a expliqu\u00e9 le maire Jean-S\u00e9bastien Orcibal. \u00ab\u00a0Tous les \u00e9l\u00e9ments d\u2019une maison villefranchoise du XVIIIe si\u00e8cle y figurent : le chien-assis, le solhelo, les pans de bois, les fen\u00eatres et leurs volets\u2026 et aussi l\u2019ail de Lautrec et m\u00eame les pigeons, dans une th\u00e9matique respect\u00e9e : la Maison des Croquants, avec un personnage \u00e0 la fen\u00eatre en prolongement de la place Jean-Petit.\u00a0\u00bb<\/p>\n<p>Les retours sont nombreux et positifs. \u00ab\u00a0Cette fresque participe \u00e0 l\u2019am\u00e9lioration du cadre de vie des habitants de la Bastide\u00a0\u00bb, s\u2019est r\u00e9joui Jean-Michel Bouyssi\u00e9, adjoint en charge de la politique de la ville. \u00ab\u00a0Une premi\u00e8re qui en am\u00e8nera d\u2019autres. Deux projets sont d\u00e9j\u00e0 dans les cartons\u2026\u00a0\u00bb Une \u0153uvre qui participe aussi \u00e0 faire revivre la rue Pomairols, qui, depuis l\u2019arriv\u00e9e de la nouvelle municipalit\u00e9, a fait l\u2019objet de nombreux am\u00e9nagements : Maison de l\u2019Occitan, r\u00e9sidence \u00e9tudiante, bureaux du service de propret\u00e9 et, bient\u00f4t, installation de l\u2019UFOLEP.<\/p>\n","protected":false},"excerpt":{"rendered":"\u00c0 58 ans, l\u2019artiste peintre d\u00e9corateur villefranchois Stef Berg, de son vrai nom St\u00e9phane Bergougnou, \u00ab\u00a0pur produit local&hellip;\n","protected":false},"author":2,"featured_media":306674,"comment_status":"","ping_status":"","sticky":false,"template":"","format":"standard","meta":{"footnotes":""},"categories":[1358],"tags":[1348,1384,1385,1386,58,59,1011,27],"class_list":{"0":"post-306673","1":"post","2":"type-post","3":"status-publish","4":"format-standard","5":"has-post-thumbnail","7":"category-arts-et-design","8":"tag-arts","9":"tag-arts-and-design","10":"tag-arts-et-design","11":"tag-design","12":"tag-divertissement","13":"tag-entertainment","14":"tag-fr","15":"tag-france"},"share_on_mastodon":{"url":"https:\/\/pubeurope.com\/@fr\/114997210852082861","error":""},"_links":{"self":[{"href":"https:\/\/www.europesays.com\/fr\/wp-json\/wp\/v2\/posts\/306673","targetHints":{"allow":["GET"]}}],"collection":[{"href":"https:\/\/www.europesays.com\/fr\/wp-json\/wp\/v2\/posts"}],"about":[{"href":"https:\/\/www.europesays.com\/fr\/wp-json\/wp\/v2\/types\/post"}],"author":[{"embeddable":true,"href":"https:\/\/www.europesays.com\/fr\/wp-json\/wp\/v2\/users\/2"}],"replies":[{"embeddable":true,"href":"https:\/\/www.europesays.com\/fr\/wp-json\/wp\/v2\/comments?post=306673"}],"version-history":[{"count":0,"href":"https:\/\/www.europesays.com\/fr\/wp-json\/wp\/v2\/posts\/306673\/revisions"}],"wp:featuredmedia":[{"embeddable":true,"href":"https:\/\/www.europesays.com\/fr\/wp-json\/wp\/v2\/media\/306674"}],"wp:attachment":[{"href":"https:\/\/www.europesays.com\/fr\/wp-json\/wp\/v2\/media?parent=306673"}],"wp:term":[{"taxonomy":"category","embeddable":true,"href":"https:\/\/www.europesays.com\/fr\/wp-json\/wp\/v2\/categories?post=306673"},{"taxonomy":"post_tag","embeddable":true,"href":"https:\/\/www.europesays.com\/fr\/wp-json\/wp\/v2\/tags?post=306673"}],"curies":[{"name":"wp","href":"https:\/\/api.w.org\/{rel}","templated":true}]}}