{"id":306675,"date":"2025-08-09T05:42:10","date_gmt":"2025-08-09T05:42:10","guid":{"rendered":"https:\/\/www.europesays.com\/fr\/306675\/"},"modified":"2025-08-09T05:42:10","modified_gmt":"2025-08-09T05:42:10","slug":"a-lanester-elle-sort-un-livre-melant-contes-poemes-et-encyclopedie-sur-le-jardin","status":"publish","type":"post","link":"https:\/\/www.europesays.com\/fr\/306675\/","title":{"rendered":"\u00c0 Lanester, elle sort un livre m\u00ealant contes, po\u00e8mes et encyclop\u00e9die sur le jardin"},"content":{"rendered":"<p>Auteure-illustratrice, la Lanest\u00e9rienne Laurence F. Daigneau vient de sortir \u00ab\u00a0Le jardinier raconte\u00a0\u00bb. Dans cet ouvrage, elle se penche sur l\u2019histoire des jardins, proposant autour de ce th\u00e8me six contes pour enfants et adultes et quelques po\u00e8mes. Et surtout, elle aborde 42 types de jardins\u00a0: ceux d\u2019Epicure, de Babylone, d\u2019Acclimatation, Mandala ou encore ouvriers. <a href=\"https:\/\/www.letelegramme.fr\/morbihan\/lanester-56600\/la-lanesterienne-laurence-daigneau-publie-un-nouvel-ouvrage-sur-narcisse-pelletier-6440350.php#:~:text=La%20Lanest%C3%A9rienne%20Laurence%20Daigneau%20publie%20un%20nouvel%20ouvrage%20sur%20Narcisse%20Pelletier,-Le%2003%20octobre&amp;text=Avec%20ce%20nouvel%20ouvrage%2C%20Laurence,le%20jeune%20marin%20Narcisse%20Pelletier.\" title=\"www.letelegramme.fr\" target=\"_blank\" rel=\"noopener\">Son dernier livre \u00e9tait paru en 2023. Elle s\u2019int\u00e9ressait \u00e0 la vie du jeune vend\u00e9en Narcisse Pelletier<\/a>. Mais depuis 2018, c\u2019est avant tout plus de trente publications\u00a0: romans, contes et livres d\u2019illustration confondues.<\/p>\n<p>Pages \u00e0 compl\u00e9ter<\/p>\n<p>Le jardinier raconte a \u00e9t\u00e9 \u00e9crit en deux et mois et demi. \u00ab\u00a0J\u2019avais pr\u00e9vu au d\u00e9part un livre sur les peintres du 15e au XIXe si\u00e8cle, avec 350 portraits pour expliquer l\u2019histoire dans l\u2019histoire, mais ne pouvant pas utiliser de photos d\u2019auteurs, j\u2019ai \u00e9t\u00e9 arr\u00eat\u00e9e dans mon \u00e9lan. Je me suis rabattue sur un autre projet\u00a0\u00bb, raconte l\u2019auteure. Ce nouveau livre de 262 pages comprend quelques pages blanches. \u00ab\u00a0Ce n\u2019est pas une erreur\u00a0\u00bb, rassure l\u2019auteure. \u00ab\u00a0J\u2019invite le lecteur \u00e0 devenir l\u2019illustrateur de cet ouvrage qui sera alors unique\u00a0\u00bb, dit-elle.<\/p>\n<p>\u00ab\u00a0Accessible \u00e0 trois g\u00e9n\u00e9rations\u00a0\u00bb<\/p>\n<p>L\u2019ouvrage \u00ab\u00a0Le Jardinier raconte\u00a0\u00bb, 1er tome d\u2019une s\u00e9rie envisag\u00e9e, est disponible au prix de 15 \u20ac aupr\u00e8s de l\u2019auteure. Il se veut multig\u00e9n\u00e9rationnel et accessible. \u00ab\u00a0Il est multifacette. Il y a une sorte de com\u00e9die de verbe avec des intervenants, des petits personnages qui sont hauts en couleurs. L\u2019exercice difficile \u00e9tait que ce livre soit accessible \u00e0 trois g\u00e9n\u00e9rations, dans le but de favoriser les \u00e9changes\u00a0\u00bb.<\/p>\n<p>Pratique<\/p>\n<p class=\"note\">Renseignements par mail \u00e0 laurence.daigneau@aliceadsl.fr<\/p>\n","protected":false},"excerpt":{"rendered":"Auteure-illustratrice, la Lanest\u00e9rienne Laurence F. Daigneau vient de sortir \u00ab\u00a0Le jardinier raconte\u00a0\u00bb. Dans cet ouvrage, elle se penche&hellip;\n","protected":false},"author":2,"featured_media":306676,"comment_status":"","ping_status":"","sticky":false,"template":"","format":"standard","meta":{"footnotes":""},"categories":[1357],"tags":[3734,1379,251,58,59,1011,27,6349,1351,1380,2004],"class_list":{"0":"post-306675","1":"post","2":"type-post","3":"status-publish","4":"format-standard","5":"has-post-thumbnail","7":"category-livres","8":"tag-art","9":"tag-books","10":"tag-culture","11":"tag-divertissement","12":"tag-entertainment","13":"tag-fr","14":"tag-france","15":"tag-lanester","16":"tag-litterature","17":"tag-livres","18":"tag-roman"},"share_on_mastodon":{"url":"https:\/\/pubeurope.com\/@fr\/114997214852390743","error":""},"_links":{"self":[{"href":"https:\/\/www.europesays.com\/fr\/wp-json\/wp\/v2\/posts\/306675","targetHints":{"allow":["GET"]}}],"collection":[{"href":"https:\/\/www.europesays.com\/fr\/wp-json\/wp\/v2\/posts"}],"about":[{"href":"https:\/\/www.europesays.com\/fr\/wp-json\/wp\/v2\/types\/post"}],"author":[{"embeddable":true,"href":"https:\/\/www.europesays.com\/fr\/wp-json\/wp\/v2\/users\/2"}],"replies":[{"embeddable":true,"href":"https:\/\/www.europesays.com\/fr\/wp-json\/wp\/v2\/comments?post=306675"}],"version-history":[{"count":0,"href":"https:\/\/www.europesays.com\/fr\/wp-json\/wp\/v2\/posts\/306675\/revisions"}],"wp:featuredmedia":[{"embeddable":true,"href":"https:\/\/www.europesays.com\/fr\/wp-json\/wp\/v2\/media\/306676"}],"wp:attachment":[{"href":"https:\/\/www.europesays.com\/fr\/wp-json\/wp\/v2\/media?parent=306675"}],"wp:term":[{"taxonomy":"category","embeddable":true,"href":"https:\/\/www.europesays.com\/fr\/wp-json\/wp\/v2\/categories?post=306675"},{"taxonomy":"post_tag","embeddable":true,"href":"https:\/\/www.europesays.com\/fr\/wp-json\/wp\/v2\/tags?post=306675"}],"curies":[{"name":"wp","href":"https:\/\/api.w.org\/{rel}","templated":true}]}}