{"id":306677,"date":"2025-08-09T05:43:33","date_gmt":"2025-08-09T05:43:33","guid":{"rendered":"https:\/\/www.europesays.com\/fr\/306677\/"},"modified":"2025-08-09T05:43:33","modified_gmt":"2025-08-09T05:43:33","slug":"olivier-sitruk-etienne-castelmont-quitte-la-serie-ce-vendredi-8-aout-2025-reverra-t-on-son-personnage-lacteur-repond","status":"publish","type":"post","link":"https:\/\/www.europesays.com\/fr\/306677\/","title":{"rendered":"Olivier Sitruk (\u00c9tienne Castelmont) quitte la s\u00e9rie ce vendredi 8 ao\u00fbt 2025&#8230;. Reverra-t-on son personnage ? L&rsquo;acteur r\u00e9pond !"},"content":{"rendered":"<p>Olivier Sitruk, l&rsquo;interpr\u00e8te d&rsquo;\u00c9tienne Castelmont, quitte la s\u00e9rie Ici tout commence ce vendredi 8 aout 2025. Reverra-t-on son personnage de chef menteur et col\u00e9rique ? l&rsquo;acteur de 54 ans ne ferme pas la porte mais r\u00e9pond que \u00ab\u00a0\u00e7a va \u00eatre compliqu\u00e9\u00a0\u00bb&#8230; <\/p>\n<p>Jamais deux sans trois ! Apr\u00e8s les d\u00e9parts d\u2019<a href=\"https:\/\/www.programme-tv.net\/news\/series-tv\/384411-ici-tout-commence-alexandra-vandernoot-annabelle-cardone-quitte-la-serie-ce-soir-son-depart-est-il-definitif-on-a-la-reponse\/\" data-api-deeplink=\"teleloisirs:\/\/news\/384411\" rel=\"nofollow noopener\" target=\"_blank\">A<\/a><a href=\"https:\/\/www.programme-tv.net\/news\/series-tv\/384411-ici-tout-commence-alexandra-vandernoot-annabelle-cardone-quitte-la-serie-ce-soir-son-depart-est-il-definitif-on-a-la-reponse\/\" data-api-deeplink=\"teleloisirs:\/\/news\/384411\" rel=\"nofollow noopener\" target=\"_blank\">lexandra Vandernoot (Cardonne)<\/a> et de<a href=\"https:\/\/www.programme-tv.net\/news\/series-tv\/384758-ici-tout-commence-simon-dartois-ferdinand-castelmont-quitte-la-serie-ce-soir-le-reverra-t-on-l-acteur-se-confie\/\" data-api-deeplink=\"teleloisirs:\/\/news\/384758\" rel=\"nofollow noopener\" target=\"_blank\"> <\/a><a href=\"https:\/\/www.programme-tv.net\/news\/series-tv\/384758-ici-tout-commence-simon-dartois-ferdinand-castelmont-quitte-la-serie-ce-soir-le-reverra-t-on-l-acteur-se-confie\/\" data-api-deeplink=\"teleloisirs:\/\/news\/384758\" rel=\"nofollow noopener\" target=\"_blank\">Simon Dartois (Ferdinand)<\/a> un autre personnage s\u2019en va d&rsquo;<b>Ici tout commence<\/b> : Olivier Sitruk (Castelmont). En effet, dans le 1 238\u1d49 \u00e9pisode qui est diffus\u00e9 ce vendredi 8 ao\u00fbt 2025 (et disponible sur la plateforme TF1+), \u00c9tienne, le nouveau vainqueur de<a href=\"https:\/\/www.programme-tv.net\/news\/series-tv\/384951-ici-tout-commence-il-va-y-avoir-un-avant-et-un-apres-benjamin-baroche-teyssier-reagit-a-la-fin-de-l-intrigue-de-la-coupe-de-france-de-cuisine\/\" data-api-deeplink=\"teleloisirs:\/\/news\/384951\" rel=\"nofollow noopener\" target=\"_blank\"> la Coupe de France de cuisine<\/a>, retrouve L\u00e9onard (Thomas Vilan), son fils, qu&rsquo;il a r\u00e9cemment revu pour lui pr\u00e9senter ses excuses. Ce dernier regrette de l\u2019avoir maltrait\u00e9 ces derni\u00e8res semaines ! Avant de retrouver sa prestigieuse \u00e9cole de cuisine, le chef lui fait comprendre que sa porte sera toujours ouverte, et se retire discr\u00e8tement : \u00ab\u00a0Si tu as envie qu&rsquo;on se revoit et qu&rsquo;on parle un peu&#8230; N&rsquo;h\u00e9site pas !\u00a0\u00bb <\/p>\n<p>Ici tout commence : \u00ab\u00a0Franchement, je ne me suis jamais pos\u00e9 la question\u2026\u00a0\u00bb Olivier Sitruk (\u00c9tienne Castelmont) se confie sur un \u00e9ventuel retour de son personnage dans la s\u00e9rie de TF1 !<\/p>\n<p><b>Olivier Sitruk<\/b>, qui incarne \u00e0 la perfection son r\u00f4le de chef manipulateur, a accord\u00e9 une interview \u00e0 <b>T\u00e9l\u00e9 Loisirs <\/b>\u00e0 l\u2019occasion de cette intrigue et s\u2019est exprim\u00e9 sur un possible retour de son personnage : \u00ab\u00a0Franchement, je ne me suis jamais pos\u00e9 la question. Tout d\u00e9pend ! Est-ce que le personnage de Simon va encore rester dans cette histoire ?\u00a0\u00bb Effectivement, si Simon revenait dans la s\u00e9rie, il est fort probable qu\u2019\u00c9tienne r\u00e9apparaisse \u00e9galement \u00e0 l\u2019Institut Auguste Armand. Durant cet entretien,<a href=\"https:\/\/www.programme-tv.net\/news\/series-tv\/373493-ici-tout-commence-le-pere-de-ferdinand-debarque-ce-vendredi-14-mars-2025-et-il-est-joue-par-une-star-de-la-television\/\" data-api-deeplink=\"teleloisirs:\/\/news\/373493\" rel=\"nofollow noopener\" target=\"_blank\"> l&rsquo;acteur star du petit \u00e9cran<\/a> s&rsquo;est \u00e9galement confi\u00e9 sur l&rsquo;ann\u00e9e charg\u00e9e qui l&rsquo;attend : \u00ab\u00a0Je vais \u00eatre beaucoup au th\u00e9\u00e2tre. \u00c7a va me laisser tr\u00e8s peu de temps pour pouvoir faire autre chose. En fait, je vais jouer deux pi\u00e8ces en m\u00eame temps ! Si en plus, je rajoute de nouveaux tournages, humainement parlant, \u00e7a va \u00eatre compliqu\u00e9&#8230; Mais peut-\u00eatre plus tard !\u00a0\u00bb <\/p>\n<p>                        Ici tout commence : Olivier Sitruk (\u00c9tienne Castelmont) revient&#8230; sur sc\u00e8ne !<\/p>\n<p>Avis aux inconditionnels d<b>&lsquo;<\/b><b>Ici tout commence<\/b><b> <\/b>: vous retrouverez bient\u00f4t Olivier Sitruk au&#8230; th\u00e9\u00e2tre ! L&rsquo;interpr\u00e8te de Castelmont se produira dans deux spectacles \u00e0 la rentr\u00e9e : Dolores, une pi\u00e8ce retra\u00e7ant l&rsquo;histoire d&rsquo;un \u00ab\u00a0travesti, danseur de flamenco et tueur de nazis\u00a0\u00bb au Th\u00e9\u00e2tre Actuel La Bruy\u00e8re et Killer Joe qui raconte la double vie d\u2019un homme \u2014 flic le jour, tueur \u00e0 gages la nuit \u2014 dans laquelle il donnera la r\u00e9plique \u00e0 <a href=\"https:\/\/www.programme-tv.net\/news\/cinema\/206591-la-tete-haute-arte-lincroyable-parcours-de-rod-paradot-du-cap-a-cannes-aux-cesar-et-aux-molieres-video\/\" data-api-deeplink=\"teleloisirs:\/\/news\/206591\" rel=\"nofollow noopener\" target=\"_blank\">Rod Paradot (La T\u00eate haute<\/a>) au Th\u00e9\u00e2tre de l&rsquo;\u0152uvre. \u00c0 vos billets !<\/p>\n","protected":false},"excerpt":{"rendered":"Olivier Sitruk, l&rsquo;interpr\u00e8te d&rsquo;\u00c9tienne Castelmont, quitte la s\u00e9rie Ici tout commence ce vendredi 8 aout 2025. Reverra-t-on son&hellip;\n","protected":false},"author":2,"featured_media":306678,"comment_status":"","ping_status":"","sticky":false,"template":"","format":"standard","meta":{"footnotes":""},"categories":[1356],"tags":[244,58,59,1011,27,620,2173,44732,252,199,5251,1364],"class_list":{"0":"post-306677","1":"post","2":"type-post","3":"status-publish","4":"format-standard","5":"has-post-thumbnail","7":"category-television","8":"tag-commentaire","9":"tag-divertissement","10":"tag-entertainment","11":"tag-fr","12":"tag-france","13":"tag-ici-tout-commence","14":"tag-interview","15":"tag-olivier-sitruk","16":"tag-television","17":"tag-tf1","18":"tag-tu00e9lu00e9-loisirs","19":"tag-tv"},"share_on_mastodon":{"url":"https:\/\/pubeurope.com\/@fr\/114997218704293824","error":""},"_links":{"self":[{"href":"https:\/\/www.europesays.com\/fr\/wp-json\/wp\/v2\/posts\/306677","targetHints":{"allow":["GET"]}}],"collection":[{"href":"https:\/\/www.europesays.com\/fr\/wp-json\/wp\/v2\/posts"}],"about":[{"href":"https:\/\/www.europesays.com\/fr\/wp-json\/wp\/v2\/types\/post"}],"author":[{"embeddable":true,"href":"https:\/\/www.europesays.com\/fr\/wp-json\/wp\/v2\/users\/2"}],"replies":[{"embeddable":true,"href":"https:\/\/www.europesays.com\/fr\/wp-json\/wp\/v2\/comments?post=306677"}],"version-history":[{"count":0,"href":"https:\/\/www.europesays.com\/fr\/wp-json\/wp\/v2\/posts\/306677\/revisions"}],"wp:featuredmedia":[{"embeddable":true,"href":"https:\/\/www.europesays.com\/fr\/wp-json\/wp\/v2\/media\/306678"}],"wp:attachment":[{"href":"https:\/\/www.europesays.com\/fr\/wp-json\/wp\/v2\/media?parent=306677"}],"wp:term":[{"taxonomy":"category","embeddable":true,"href":"https:\/\/www.europesays.com\/fr\/wp-json\/wp\/v2\/categories?post=306677"},{"taxonomy":"post_tag","embeddable":true,"href":"https:\/\/www.europesays.com\/fr\/wp-json\/wp\/v2\/tags?post=306677"}],"curies":[{"name":"wp","href":"https:\/\/api.w.org\/{rel}","templated":true}]}}