{"id":306679,"date":"2025-08-09T05:44:14","date_gmt":"2025-08-09T05:44:14","guid":{"rendered":"https:\/\/www.europesays.com\/fr\/306679\/"},"modified":"2025-08-09T05:44:14","modified_gmt":"2025-08-09T05:44:14","slug":"les-adieux-dozzy-osbourne-a-travers-les-yeux-de-lars-ulrich-batteur-de-metallica","status":"publish","type":"post","link":"https:\/\/www.europesays.com\/fr\/306679\/","title":{"rendered":"Les adieux d\u2019Ozzy Osbourne \u00e0 travers les yeux de Lars Ulrich, batteur de Metallica"},"content":{"rendered":"<p><strong>Un soundcheck \u00e9lectrisant<\/strong><\/p>\n<p style=\"text-align:start\">Lars Ulrich a \u00e9galement \u00e9voqu\u00e9 le moment surr\u00e9aliste du soundcheck de Black Sabbath (auquel peu de personnes ont pu assister). \u00ab\u00a0Ils ont commenc\u00e9 \u00e0 jouer &lsquo;War Pigs&rsquo; avec les lumi\u00e8res allum\u00e9es, le spectacle et les sir\u00e8nes de raid a\u00e9rien\u00a0\u00bb, se souvient-il. Une performance qui a rassur\u00e9 tous les pr\u00e9sents sur la capacit\u00e9 du groupe \u00e0 offrir un spectacle m\u00e9morable.<\/p>\n<p style=\"text-align:start\">\u00ab\u00a0Nous voulions que ce soit le meilleur [show]. Nous voulions que ce soit un grand chelem, mais nous ne savions pas\u2026 parce qu\u2019en fin de compte, aucun d\u2019entre nous ne savait dans quel \u00e9tat ils se trouvaient.\u00a0\u00bb<\/p>\n<p style=\"text-align:start\">Il ajoute\u00a0: \u00ab\u00a0Ozzy est arriv\u00e9 en chantant et il sonnait tr\u00e8s bien, il touchait toutes les notes, les paroles et le timing, et tout le monde se disait\u00a0: \u00ab\u00a0\u00c7a va bien se passer, ils vont d\u00e9chirer, putain\u00a0\u00bb\u00a0\u00bb.<\/p>\n<p style=\"text-align:start\">Et il conclut\u00a0: \u00ab\u00a0\u00c9videmment, c\u2019\u00e9tait la fin de la musique et de l\u2019exp\u00e9rience live, mais personne n\u2019a quitt\u00e9 le concert en pensant que c\u2019\u00e9tait la derni\u00e8re fois.\u00a0\u00bb<\/p>\n","protected":false},"excerpt":{"rendered":"Un soundcheck \u00e9lectrisant Lars Ulrich a \u00e9galement \u00e9voqu\u00e9 le moment surr\u00e9aliste du soundcheck de Black Sabbath (auquel peu&hellip;\n","protected":false},"author":2,"featured_media":306680,"comment_status":"","ping_status":"","sticky":false,"template":"","format":"standard","meta":{"footnotes":""},"categories":[1355],"tags":[58,59,1011,27,1361,873],"class_list":{"0":"post-306679","1":"post","2":"type-post","3":"status-publish","4":"format-standard","5":"has-post-thumbnail","7":"category-musique","8":"tag-divertissement","9":"tag-entertainment","10":"tag-fr","11":"tag-france","12":"tag-music","13":"tag-musique"},"share_on_mastodon":{"url":"https:\/\/pubeurope.com\/@fr\/114997223266466523","error":""},"_links":{"self":[{"href":"https:\/\/www.europesays.com\/fr\/wp-json\/wp\/v2\/posts\/306679","targetHints":{"allow":["GET"]}}],"collection":[{"href":"https:\/\/www.europesays.com\/fr\/wp-json\/wp\/v2\/posts"}],"about":[{"href":"https:\/\/www.europesays.com\/fr\/wp-json\/wp\/v2\/types\/post"}],"author":[{"embeddable":true,"href":"https:\/\/www.europesays.com\/fr\/wp-json\/wp\/v2\/users\/2"}],"replies":[{"embeddable":true,"href":"https:\/\/www.europesays.com\/fr\/wp-json\/wp\/v2\/comments?post=306679"}],"version-history":[{"count":0,"href":"https:\/\/www.europesays.com\/fr\/wp-json\/wp\/v2\/posts\/306679\/revisions"}],"wp:featuredmedia":[{"embeddable":true,"href":"https:\/\/www.europesays.com\/fr\/wp-json\/wp\/v2\/media\/306680"}],"wp:attachment":[{"href":"https:\/\/www.europesays.com\/fr\/wp-json\/wp\/v2\/media?parent=306679"}],"wp:term":[{"taxonomy":"category","embeddable":true,"href":"https:\/\/www.europesays.com\/fr\/wp-json\/wp\/v2\/categories?post=306679"},{"taxonomy":"post_tag","embeddable":true,"href":"https:\/\/www.europesays.com\/fr\/wp-json\/wp\/v2\/tags?post=306679"}],"curies":[{"name":"wp","href":"https:\/\/api.w.org\/{rel}","templated":true}]}}