{"id":306681,"date":"2025-08-09T05:45:45","date_gmt":"2025-08-09T05:45:45","guid":{"rendered":"https:\/\/www.europesays.com\/fr\/306681\/"},"modified":"2025-08-09T05:45:45","modified_gmt":"2025-08-09T05:45:45","slug":"ah-chat-ira-dix-films-dans-lesquels-les-felins-volent-la-vedette-aux-acteurs","status":"publish","type":"post","link":"https:\/\/www.europesays.com\/fr\/306681\/","title":{"rendered":"Ah chat ira\u00a0! Dix films dans lesquels les f\u00e9lins volent la vedette aux acteurs"},"content":{"rendered":"<p>      En ce vendredi 8\u00a0ao\u00fbt, on c\u00e9l\u00e8bre la Journ\u00e9e internationale du chat. L\u2019occasion de rendre hommage \u00e0 ces boules de poil qui ont su attirer la lumi\u00e8re des projecteurs.              <a href=\"https:\/\/www.europesays.com\/fr\/wp-content\/uploads\/2025\/08\/81bf23e_sirius-fs-upload-1-seh0o5nnm5nc-1738855543173-alice-au-pays-des-merveilles-1951-186.jpg\" data-pswp-width=\"\" data-pswp-height=\"\" class=\"media__hd\" target=\"_blank\">      <img decoding=\"async\" fetchpriority=\"high\" src=\"https:\/\/www.europesays.com\/fr\/wp-content\/uploads\/2025\/08\/81bf23e_sirius-fs-upload-1-seh0o5nnm5nc-1738855543173-alice-au-pays-des-merveilles-1951-186.jpg\" class=\"media__picture js-media-zoom-main \" alt=\"Le Chat du Cheshire, philosophe doux-dingue (\u00ab\u00a0Alice au pays des merveilles\u00a0\u00bb).\" title=\"Walt Disney Productions\"\/>      <\/p>\n<p class=\"media__legend\"> Le Chat du Cheshire, philosophe doux-dingue (\u00ab\u00a0Alice au pays des merveilles\u00a0\u00bb).  Walt Disney Productions  <\/p>\n<p>     <\/a>                    <\/p>\n<p class=\"author author--simple\">Par  <a class=\"author author--link\" href=\"https:\/\/www.telerama.fr\/recherche\/articles?q=Chlo%C3%A9+Delos-Eray\" rel=\"nofollow noopener\" target=\"_blank\"> Chlo\u00e9 Delos-Eray <\/a>    <\/p>\n<p class=\"publication__date\">Publi\u00e9 le 08 ao\u00fbt 2025 \u00e0 14h56<\/p>\n<p>   Partager   <\/p>\n<ul class=\"sharing-popin--results\">\n<li class=\"sharing-popin--item sharing-popin--item-container\"> Partage  <\/li>\n<li data-share=\"linkedin\" class=\"sharing-popin--item\">  LinkedIn <\/li>\n<li data-share=\"facebook\" class=\"sharing-popin--item\">  Facebook <\/li>\n<li data-share=\"mail\" data-social=\"mail\" class=\"sharing-popin--item\">  Envoyer par email <\/li>\n<li data-share=\"copy\" class=\"sharing-popin--item\">  Copier le lien <\/li>\n<\/ul>\n<p>        Favoris       <\/p>\n<p>                <a class=\"openapp__link\" data-event=\"click-open-app\" data-deep-link=\"tlrm:\/\/element?id=\/cinema\/ah-chat-ira-dix-films-dans-lesquels-les-felins-volent-la-vedette-aux-acteurs-5637-7024288.php&amp;source=deeplink_site\">  Lire dans l&rsquo;application<br \/>\n  <\/a>                               <\/p>\n<p class=\"paragraph\">Au cin\u00e9ma aussi, les chats ont plusieurs vies. Super-vilain, fauteur de troubles ou oreille attentive, il est souvent arriv\u00e9 que dans une distribution principalement bip\u00e8de un matou parvienne \u00e0 tirer son \u00e9pingle du jeu le temps d\u2019une ou plusieurs sc\u00e8nes. Voici une liste non exhaustive et plus ou moins croquignolette de ces graines de star trop souvent \u00e9clips\u00e9es par leurs partenaires anthropiens.<\/p>\n<p>                                      Celui qui fait un peu flipper\u00a0: \u201cAlice au pays des merveilles\u201d<strong> (1951<\/strong>)                              <a href=\"https:\/\/www.europesays.com\/fr\/wp-content\/uploads\/2025\/08\/c50ac4b_sirius-fs-upload-1-bvebzhy7gyk4-1738855543180-alice-au-pays-des-merveilles-1951-251.jpg\" data-pswp-width=\"\" data-pswp-height=\"\" class=\"media__hd\" target=\"_blank\">      <img decoding=\"async\" loading=\"lazy\" src=\"https:\/\/www.europesays.com\/fr\/wp-content\/uploads\/2025\/08\/c50ac4b_sirius-fs-upload-1-bvebzhy7gyk4-1738855543180-alice-au-pays-des-merveilles-1951-251.jpg\" class=\"media__picture js-media-zoom  media__size--large\" alt=\"\" title=\"Walt Disney Productions\"\/>      <\/p>\n<p class=\"media__legend\">   Walt Disney Productions  <\/p>\n<p>     <\/a>                          <\/p>\n<p class=\"paragraph\">Des yeux jaunes globuleux, une fourrure psych\u00e9d\u00e9lique et un sourire en croissant de lune. Au d\u00e9tour d\u2019un chemin, la jeune Alice \u2013 d\u00e9j\u00e0 bien remu\u00e9e par ses accrochages avec le Morse et la Chenille \u2013 tombe nez \u00e0 nez avec l\u2019\u00e9vanescent Chat du Cheshire. Cr\u00e9ature en kit autant que girouette \u00e0 poils fuchsia et philosophe doux-dingue \u00e0 ses heures perdues, il rappelle que le voyage d\u2019Alice n\u2019est pas une promenade de sant\u00e9 mais bien un trip sous acide.<\/p>\n<p class=\"edito__prefixe\">   D\u00e9couvrir la note et la critique   <\/p>\n<p class=\"edito__text-container\">       <a alt=\"Lire aussi\" href=\"https:\/\/www.telerama.fr\/cinema\/films\/alice-au-pays-des-merveilles,23805.php\" class=\"article__title--edito\" rel=\"nofollow noopener\" target=\"_blank\">\u201cAlice au pays des merveilles\u201d,  film d\u2019animation\u00a0: notre critique<\/a>  <\/p>\n<p>                                        Celui qui s\u2019attaque \u00e0 plus petit que lui\u00a0: \u201cL\u2019Homme qui r\u00e9tr\u00e9cit\u201d (1957)                              <a href=\"https:\/\/www.europesays.com\/fr\/wp-content\/uploads\/2025\/08\/035f9bf_sirius-fs-upload-1-y1c33infrtm0-1738855527888-homme-qui-retrecit-1957-06.jpg\" data-pswp-width=\"\" data-pswp-height=\"\" class=\"media__hd\" target=\"_blank\">      <img decoding=\"async\" loading=\"lazy\" src=\"https:\/\/www.europesays.com\/fr\/wp-content\/uploads\/2025\/08\/035f9bf_sirius-fs-upload-1-y1c33infrtm0-1738855527888-homme-qui-retrecit-1957-06.jpg\" class=\"media__picture js-media-zoom  media__size--large\" alt=\"Grant Williams menac\u00e9 par Orangey.\" title=\"Universal\"\/>      <\/p>\n<p class=\"media__legend\"> Grant Williams menac\u00e9 par Orangey.  Universal  <\/p>\n<p>     <\/a>                          <\/p>\n<p class=\"paragraph\">Transformer une boule de poils ronronnante en g\u00e9ante cr\u00e9ature barbare et meurtri\u00e8re\u00a0? Il suffit d\u2019inverser l\u2019ordre des grandeurs\u00a0: Scott Carey, qui voit sa taille drastiquement diminu\u00e9e apr\u00e8s avoir \u00e9t\u00e9 expos\u00e9 \u00e0 un ph\u00e9nom\u00e8ne surnaturel, se retrouve malgr\u00e9 lui au beau milieu du territoire d\u2019un chat, o\u00f9 l\u2019on ne donne pas cher de sa peau.<\/p>\n<p class=\"edito__prefixe\">   D\u00e9couvrir la note et la critique   <\/p>\n<p class=\"edito__text-container\">       <a alt=\"Lire aussi\" href=\"https:\/\/www.telerama.fr\/cinema\/films\/l-homme-qui-retrecit,4623.php\" class=\"article__title--edito\" rel=\"nofollow noopener\" target=\"_blank\">\u201cL\u2019Homme qui r\u00e9tr\u00e9cit\u201d, de Jack Arnold\u00a0: notre critique<\/a>  <\/p>\n<p>                                        Celui qui n\u2019a pas de nom\u00a0: \u201cDiamants sur canap\u00e9\u201d (1961)                              <a href=\"https:\/\/www.europesays.com\/fr\/wp-content\/uploads\/2025\/08\/a7e4b6c_sirius-fs-upload-1-2ee7qsrwpr8n-1738855865134-diamants-sur-canape-1961-12.jpg\" data-pswp-width=\"\" data-pswp-height=\"\" class=\"media__hd\" target=\"_blank\">      <img decoding=\"async\" loading=\"lazy\" src=\"https:\/\/www.europesays.com\/fr\/wp-content\/uploads\/2025\/08\/a7e4b6c_sirius-fs-upload-1-2ee7qsrwpr8n-1738855865134-diamants-sur-canape-1961-12.jpg\" class=\"media__picture js-media-zoom  media__size--large\" alt=\"Orangey, chez lui chez Audrey Hepburn.\" title=\"Paramount\"\/>      <\/p>\n<p class=\"media__legend\"> Orangey, chez lui chez Audrey Hepburn.  Paramount  <\/p>\n<p>     <\/a>                          <\/p>\n<p class=\"paragraph\">Le Chat vit en colocation avec Audrey Hepburn, alias Holly\u00a0; rien que \u00e7a. Mais bien plus qu\u2019un pacha, il symbolise cette stabilit\u00e9 qui fait si peur \u00e0 la jeune femme. \u00c0 noter que Blake Edwards n\u2019a pas choisi n\u2019importe quel minois pour se glisser dans ces coussinets\u00a0: il s\u2019agit bien d\u2019Orangey, le f\u00e9lin que le Tout-Hollywood s\u2019arrache dans les ann\u00e9es 1950-1960, d\u00e9j\u00e0 vu, entre autres, dans Rhubarb, le chat millionnaire (ou, non cr\u00e9dit\u00e9, dans L\u2019Homme qui r\u00e9tr\u00e9cit) et r\u00e9cipiendaire de non pas un mais deux Patsy Awards pour son \u0153uvre.<\/p>\n<p class=\"paragraph\"><a target=\"_blank\" href=\"https:\/\/www.paramountplus.com\/fr\/movies\/video\/WeLFYbiwmv6kAsVky3_L7SyfjZxxI6dV\/\" rel=\"nofollow noopener\">Disponible sur Paramount+.<\/a><\/p>\n<p class=\"edito__prefixe\">   D\u00e9couvrir la note et la critique   <\/p>\n<p class=\"edito__text-container\">       <a alt=\"Lire aussi\" href=\"https:\/\/www.telerama.fr\/cinema\/films\/diamants-sur-canape,10268.php\" class=\"article__title--edito\" rel=\"nofollow noopener\" target=\"_blank\">\u201cDiamants sur canap\u00e9\u201d, de Blake Edwards\u00a0: une com\u00e9die sophistiqu\u00e9e et cruelle<\/a>  <\/p>\n<p>                                        Celui qui s\u2019attire les foudres de Simone Signoret\u00a0: \u201cLe Chat\u201d (1971)                              <a href=\"https:\/\/www.europesays.com\/fr\/wp-content\/uploads\/2025\/08\/5b1e90d_sirius-fs-upload-1-t5r5qmgiswif-1738855853974-chat-1971-03.jpg\" data-pswp-width=\"\" data-pswp-height=\"\" class=\"media__hd\" target=\"_blank\">      <img decoding=\"async\" loading=\"lazy\" src=\"https:\/\/www.europesays.com\/fr\/wp-content\/uploads\/2025\/08\/5b1e90d_sirius-fs-upload-1-t5r5qmgiswif-1738855853974-chat-1971-03.jpg\" class=\"media__picture js-media-zoom  media__size--large\" alt=\"Simone Signoret et Jean Gabin.\" title=\"Lira Films\/Unitas\"\/>      <\/p>\n<p class=\"media__legend\"> Simone Signoret et Jean Gabin.  Lira Films\/Unitas  <\/p>\n<p>     <\/a>                          <\/p>\n<p class=\"paragraph\">Apr\u00e8s vingt-cinq ans de mariage, Julien (Jean Gabin), ouvrier retrait\u00e9, et Cl\u00e9mence (Simone Signoret), voltigeuse \u00e9clop\u00e9e, m\u00e8nent des vies parall\u00e8les dans le silence pesant de leur petit pavillon de Courbevoie. Lorsque le mari recueille un chat, c\u2019est la goutte\u00a0: s\u2019instaure un dr\u00f4le de m\u00e9nage \u00e0 trois entre les deux monstres sacr\u00e9s et l\u2019animal, qui glane bien malgr\u00e9 lui \u2013 et avec un flegme qui frise l\u2019insolence \u2013 les mamours de l\u2019un et le venin de l\u2019autre.<\/p>\n<p class=\"paragraph\"><a target=\"_blank\" href=\"https:\/\/www.canalplus.com\/cinema\/le-chat\/h\/433274_40099\" rel=\"nofollow noopener\">Disponible sur MyCanal.<\/a><\/p>\n<p class=\"edito__prefixe\">   D\u00e9couvrir la note et la critique   <\/p>\n<p class=\"edito__text-container\">       <a alt=\"Lire aussi\" href=\"https:\/\/www.telerama.fr\/cinema\/films\/le-chat,15925.php\" class=\"article__title--edito\" rel=\"nofollow noopener\" target=\"_blank\">\u201cLe Chat\u201d, de Pierre Granier-Deferre\u00a0: notre critique<\/a>  <\/p>\n<p>                                        Celui qui fraie avec la mafia\u00a0: \u201cLe Parrain\u201d (1972)                              <a href=\"https:\/\/www.europesays.com\/fr\/wp-content\/uploads\/2025\/08\/fc7816d_sirius-fs-upload-1-srb0avwxl9es-1738857729016-parrain.jpg\" data-pswp-width=\"\" data-pswp-height=\"\" class=\"media__hd\" target=\"_blank\">      <img decoding=\"async\" loading=\"lazy\" src=\"https:\/\/www.europesays.com\/fr\/wp-content\/uploads\/2025\/08\/fc7816d_sirius-fs-upload-1-srb0avwxl9es-1738857729016-parrain.jpg\" class=\"media__picture js-media-zoom  media__size--large\" alt=\"Marlon Brando.\" title=\"Paramount\"\/>      <\/p>\n<p class=\"media__legend\"> Marlon Brando.  Paramount  <\/p>\n<p>     <\/a>                          <\/p>\n<p class=\"paragraph\">Sc\u00e8ne mythique du cin\u00e9ma, l\u2019ouverture du Parrain est surtout le fruit d\u2019un heureux hasard\u00a0: celui de l\u2019irruption sur le plateau de tournage d\u2019un intrus moustachu plac\u00e9 sur les genoux de Marlon Brando par un Coppola ailurophile. Et cet anonyme de d\u00e9tourner l\u2019attention des affaires d\u2019honneur, de sang et d\u2019argent qui se jouent derri\u00e8re les stores du bureau du Padrino.<\/p>\n<p class=\"paragraph\"><a target=\"_blank\" href=\"https:\/\/www.netflix.com\/title\/60011152\" rel=\"nofollow noopener\">Disponible sur Netflix.<\/a><\/p>\n<p class=\"edito__prefixe\">   Lire notre critique   <\/p>\n<p class=\"edito__text-container\">       <a alt=\"Lire notre critique\" href=\"https:\/\/www.telerama.fr\/cinema\/films\/le-parrain,6605.php\" class=\"article__title--edito\" rel=\"nofollow noopener\" target=\"_blank\">\u201cLe Parrain\u201d, de Francis Coppola\u00a0: les noces grandioses du film d\u2019auteur et de la superproduction<\/a>  <\/p>\n<p>                                        Celui qui garde une galaxie\u00a0: \u201cMen in Black\u201d (1997)                              <a href=\"https:\/\/www.europesays.com\/fr\/wp-content\/uploads\/2025\/04\/98bbc65_sirius-fs-upload-1-9abst00rwkge-1738856463429-men-in-black-1997-28.JPG\" data-pswp-width=\"\" data-pswp-height=\"\" class=\"media__hd\" target=\"_blank\">      <img decoding=\"async\" loading=\"lazy\" src=\"https:\/\/www.europesays.com\/fr\/wp-content\/uploads\/2025\/04\/98bbc65_sirius-fs-upload-1-9abst00rwkge-1738856463429-men-in-black-1997-28.JPG\" class=\"media__picture js-media-zoom  media__size--large\" alt=\"Will Smith.\" title=\"Columbia\/Amblin\"\/>      <\/p>\n<p class=\"media__legend\"> Will Smith.  Columbia\/Amblin  <\/p>\n<p>     <\/a>                          <\/p>\n<p class=\"paragraph\">Sur son lit de mort, un extraterrestre donne un indice aux Men in Black pour pr\u00e9venir un conflit interplan\u00e9taire\u00a0: \u00ab\u00a0La galaxie est sur la ceinture d\u2019Orion.\u00a0\u00bb Un message cryptique que l\u2019agent\u00a0J (Will Smith) ne mettra pas longtemps \u00e0 d\u00e9coder \u2013 il suffira de tirer les vers du nez d\u2019un alien travesti en carlin\u00a0: Orion, c\u2019est le chat du mourant, et c\u2019est dans son collier qu\u2019est dissimul\u00e9e la n\u00e9buleuse dont un vilain cafard g\u00e9ant cherche \u00e0 s\u2019emparer. Ne reste plus qu\u2019\u00e0 le trouver.<\/p>\n<p class=\"paragraph\">Disponible sur <a target=\"_blank\" href=\"https:\/\/www.netflix.com\/watch\/60001650?trackId=255824129&amp;tctx=0%2C0%2C442abacf-7d72-4746-a58f-a97d333e986b-342612293%2C442abacf-7d72-4746-a58f-a97d333e986b-342612293%7C2%2Cunknown%2C%2C%2CtitlesResults%2C60001650%2CVideo%3A60001650%2CminiDpPlayButton\" rel=\"nofollow noopener\">Netflix<\/a> et<a target=\"_blank\" href=\"https:\/\/www.canalplus.com\/cinema\/men-in-black\/h\/433150_50001\" rel=\"nofollow noopener\"> MyCanal<\/a><\/p>\n<p class=\"edito__prefixe\">   D\u00e9couvrir la note et la critique   <\/p>\n<p class=\"edito__text-container\">       <a alt=\"Lire aussi\" href=\"https:\/\/www.telerama.fr\/cinema\/films\/mib-men-in-black,33196.php\" class=\"article__title--edito\" rel=\"nofollow noopener\" target=\"_blank\">\u201cMen in Black\u201d\u00a0: la com\u00e9die d\u00e9lirante et pop inclassable<\/a>  <\/p>\n<p>                                        Celui qui manie le fouet mieux que personne\u00a0: \u201cBatman\u00a0: Le d\u00e9fi\u201d (1992)                              <a href=\"https:\/\/www.europesays.com\/fr\/wp-content\/uploads\/2025\/08\/b66e3c2_sirius-fs-upload-1-alpxw1s36goa-1738856594643-batman-le-defi-1992-04.jpg\" data-pswp-width=\"\" data-pswp-height=\"\" class=\"media__hd\" target=\"_blank\">      <img decoding=\"async\" loading=\"lazy\" src=\"https:\/\/www.europesays.com\/fr\/wp-content\/uploads\/2025\/08\/b66e3c2_sirius-fs-upload-1-alpxw1s36goa-1738856594643-batman-le-defi-1992-04.jpg\" class=\"media__picture js-media-zoom  media__size--large\" alt=\"Michelle Pfeiffer.\" title=\"Warner\/DC Comics\"\/>      <\/p>\n<p class=\"media__legend\"> Michelle Pfeiffer.  Warner\/DC Comics  <\/p>\n<p>     <\/a>                          <\/p>\n<p class=\"paragraph\">Fi des chiropt\u00e8res et des manchots\u00a0! Dans le second Batman de Tim Burton, les chats m\u00e8nent la danse. Ce sont eux qui ram\u00e8nent Selina (Michelle Pfeiffer) \u00e0 la vie apr\u00e8s que son patron a tent\u00e9 de la r\u00e9duire au silence. En attendant d\u2019assouvir sa vengeance, celle qui se fait d\u00e9sormais appeler Catwoman s\u2019emmaillote de vinyle, fait claquer son fouet et se perd dans des r\u00e9flexions existentielles\u00a0: \u00ab\u00a0Qui est l\u2019homme derri\u00e8re la chauve-souris\u00a0? Peut-\u00eatre que tu peux m\u2019aider \u00e0 trouver la femme derri\u00e8re le chat\u00a0?\u00a0\u00bb susurre-t-elle au sombre justicier.<\/p>\n<p class=\"paragraph\"><a target=\"_blank\" href=\"https:\/\/www.google.com\/search?q=Batman+%3A+Le+d%C3%A9fi+mycanal&amp;rlz=1C5GCEM_enFR1125FR1125&amp;oq=Batman%C2%A0%3A+Le+d%C3%A9fi+mycanal&amp;gs_lcrp=EgZjaHJvbWUyBggAEEUYOdIBCDMwOTFqMGo0qAIAsAIA&amp;sourceid=chrome&amp;ie=UTF-8\" rel=\"nofollow noopener\">Disponible sur MyCanal.<\/a><\/p>\n<p class=\"edito__prefixe\">   Lire notre critique   <\/p>\n<p class=\"edito__text-container\">       <a alt=\"Lire notre critique\" href=\"https:\/\/www.telerama.fr\/cinema\/films\/batman-le-defi,26586.php\" class=\"article__title--edito\" rel=\"nofollow noopener\" target=\"_blank\">\u201cBatman, le d\u00e9fi\u201d, de Tim Burton\u00a0: un grand m\u00e9lodrame \u00e0 la fois fun\u00e8bre et excentrique<\/a>  <\/p>\n<p>                                        <strong>Celui <\/strong>qui<strong> perd ses poils\u00a0: \u201cAustin Powers\u201d (1997)<\/strong>                              <a href=\"https:\/\/www.europesays.com\/fr\/wp-content\/uploads\/2025\/08\/eabeb1a_sirius-fs-upload-1-djyff7vi6vh6-1738856653872-austin-powers-1997-18.jpg\" data-pswp-width=\"\" data-pswp-height=\"\" class=\"media__hd\" target=\"_blank\">      <img decoding=\"async\" loading=\"lazy\" src=\"https:\/\/www.europesays.com\/fr\/wp-content\/uploads\/2025\/08\/eabeb1a_sirius-fs-upload-1-djyff7vi6vh6-1738856653872-austin-powers-1997-18.jpg\" class=\"media__picture js-media-zoom  media__size--large\" alt=\"Mike Myers et Robert Wagner.\" title=\"New Line\"\/>      <\/p>\n<p class=\"media__legend\"> Mike Myers et Robert Wagner.  New Line  <\/p>\n<p>     <\/a>                          <\/p>\n<p class=\"paragraph\">Prenez garde \u00e0 M. Bigglesworth, fid\u00e8le compagnon du Mike Myers: un mouvement de sa moustache et son ma\u00eetre vous pr\u00e9cipitera dans les flammes de l\u2019enfer. Certes, il est plus difficile de le prendre au s\u00e9rieux quand on le retrouve nu comme un ver apr\u00e8s un s\u00e9jour dans une capsule de cryog\u00e9nisation. Mais, m\u00eame sans son pelage immacul\u00e9, il est toujours m\u00e9chant comme une teigne.<\/p>\n<p class=\"edito__prefixe\">   D\u00e9couvrir la note et la critique   <\/p>\n<p class=\"edito__text-container\">       <a alt=\"Lire aussi\" href=\"https:\/\/www.telerama.fr\/cinema\/films\/austin-powers,32310.php\" class=\"article__title--edito\" rel=\"nofollow noopener\" target=\"_blank\">\u201cAustin Powers\u201d de Jay Roach\u00a0: notre critique<\/a>  <\/p>\n<p>                                        Celui qui s\u00e8me la zizanie\u00a0: \u201cMon beau-p\u00e8re et moi\u201d (2000)                              <a href=\"https:\/\/www.europesays.com\/fr\/wp-content\/uploads\/2025\/08\/06b0c18_sirius-fs-upload-1-xwjiulurinnc-1738856950433-mon-beau-pere-et-moi-2000-04.jpg\" data-pswp-width=\"\" data-pswp-height=\"\" class=\"media__hd\" target=\"_blank\">      <img decoding=\"async\" loading=\"lazy\" src=\"https:\/\/www.europesays.com\/fr\/wp-content\/uploads\/2025\/08\/06b0c18_sirius-fs-upload-1-xwjiulurinnc-1738856950433-mon-beau-pere-et-moi-2000-04.jpg\" class=\"media__picture js-media-zoom  media__size--large\" alt=\"Robert De Niro, Tom McCarthy  et Ben Stiller.\" title=\"Photo Universal\"\/>      <\/p>\n<p class=\"media__legend\"> Robert De Niro, Tom McCarthy  et Ben Stiller.  Photo Universal  <\/p>\n<p>     <\/a>                          <\/p>\n<p class=\"paragraph\">Lorsque Jack (Robert De Niro) apprend que son nouveau gendre (Ben Stiller) pr\u00e9f\u00e8re les chiens aux chats, c\u2019est le d\u00e9but de la fin. La prunelle de ses yeux, c\u2019est La Guigne (Jinx en VO), qui a tout du f\u00e9lin exemplaire\u00a0: propre (il va sur le pot comme un grand), poli (il sait dire bonjour de la patte), serviable (c\u2019est lui qui doit amener les alliances \u00e0 l\u2019autel lors du mariage de sa fille). La maisonn\u00e9e tremble donc lorsque le papa-poule se rend compte que quelqu\u2019un \u2013 on se demande qui \u2013 a laiss\u00e9 s\u2019\u00e9chapper son chaton ador\u00e9.<\/p>\n<p class=\"paragraph\"><a target=\"_blank\" href=\"https:\/\/tv.apple.com\/?at=1000l3V2&amp;ct=appletvchannel&amp;itscg=30200&amp;itsct=justwatch_tv\" rel=\"nofollow noopener\">Disponible sur Paramount+.<\/a><\/p>\n<p class=\"edito__prefixe\">   D\u00e9couvrir la note et la critique   <\/p>\n<p class=\"edito__text-container\">       <a alt=\"Lire aussi\" href=\"https:\/\/www.telerama.fr\/cinema\/films\/mon-beau-pere-et-moi,545570.php\" class=\"article__title--edito\" rel=\"nofollow noopener\" target=\"_blank\">\u201cMon beau-p\u00e8re et moi\u201d, de Jay Roach\u00a0: De Niro en fait des tonnes mais \u00e7a marche<\/a>  <\/p>\n<p>                                        Celui qui survit \u00e0 une attaque extraterrestre\u00a0: \u201cSans un bruit\u00a0: Jour 1\u201d (2024)                              <a href=\"https:\/\/www.europesays.com\/fr\/wp-content\/uploads\/2025\/08\/1beb618_sirius-fs-upload-1-hdyxhtmtolsw-1738857208907-sans-un-bruit-jour-1-2024-11.jpg\" data-pswp-width=\"\" data-pswp-height=\"\" class=\"media__hd\" target=\"_blank\">      <img decoding=\"async\" loading=\"lazy\" src=\"https:\/\/www.europesays.com\/fr\/wp-content\/uploads\/2025\/08\/1beb618_sirius-fs-upload-1-hdyxhtmtolsw-1738857208907-sans-un-bruit-jour-1-2024-11.jpg\" class=\"media__picture js-media-zoom  media__size--large\" alt=\"Samira (Lupita Nyong\u2019o) et l\u2019impassible Frodon.\" title=\"Paramount Pictures\/Platinum Dunes\/Sunday Night\"\/>      <\/p>\n<p class=\"media__legend\"> Samira (Lupita Nyong\u2019o) et l\u2019impassible Frodon.  Paramount Pictures\/Platinum Dunes\/Sunday Night  <\/p>\n<p>     <\/a>                          <\/p>\n<p class=\"paragraph\">Dans le premier Alien (1979), Ellen Ripley (Sigourney Weaver) fait tout son possible pour sauver Jones, la mascotte de l\u2019\u00e9quipage du Nostromo, des attaques de l\u2019extraterrestre sanguinaire. Quelques d\u00e9cennies plus tard, dans un <a target=\"_blank\" href=\"https:\/\/www.telerama.fr\/cinema\/films\/sans-un-bruit,n5343061.php\" rel=\"nofollow noopener\">pr\u00e9quel des films anxiog\u00e8nes de John Krasinski<\/a>, Samira (Lupita Nyong\u2019o) fera de m\u00eame pour Frodon, alors que New York est prise d\u2019assaut par un escadron de cr\u00e9atures tr\u00e8s sensibles au bruit. Une performance animale remarquable, tant les deux interpr\u00e8tes du personnage f\u00e9lin semblent indiff\u00e9rents \u00e0 l\u2019apocalypse qui se joue devant leurs yeux.<\/p>\n<p class=\"paragraph\"><a target=\"_blank\" href=\"https:\/\/www.canalplus.com\/cinema\/sans-un-bruit-jour-1\/h\/25533411_50001\" rel=\"nofollow noopener\">Disponible sur MyCanal.<\/a><\/p>\n<p class=\"edito__prefixe\">   D\u00e9couvrir la note et la critique   <\/p>\n<p class=\"edito__text-container\">       <a alt=\"Lire aussi\" href=\"https:\/\/www.telerama.fr\/cinema\/sans-un-bruit-jour-1-quand-les-aliens-arrivent-en-ville_cri-7033334.php\" class=\"article__title--edito\" rel=\"nofollow noopener\" target=\"_blank\">\u201cSans un bruit\u00a0: jour\u00a01\u201d, quand les aliens arrivent en ville<\/a>  <\/p>\n<p class=\"paragraph\">Et pour encore plus de recommandations de films, s\u00e9ries, documentaires (avec ou sans chats), rendez-vous sur notre guide Plateformes pour trouver nos s\u00e9lections du meilleur d\u2019Arte.tv, Max, Netflix, Disney+, MyCanal&#8230;<\/p>\n<p>        <img decoding=\"async\" class=\"snippet-generic__img\" src=\"https:\/\/www.europesays.com\/fr\/wp-content\/uploads\/2025\/04\/e7b7817_1729070628687-2.png\"\/><\/p>\n<p class=\"snippet-generic__title\">Enfin un guide Plateformes<\/p>\n<p class=\"snippet-generic__text\">Arr\u00eatez de perdre du temps \u00e0 chercher et d\u00e9couvrez les films, les s\u00e9ries et les documentaires recommand\u00e9s par T\u00e9l\u00e9rama sur toutes les plateformes SVOD. <\/p>\n<p>    <a href=\"https:\/\/www.telerama.fr\/plateformes\/\" rel=\"nofollow noopener\" target=\"_blank\"><\/p>\n<p>            Je d\u00e9couvre<\/p>\n<p>    <\/a><\/p>\n","protected":false},"excerpt":{"rendered":"En ce vendredi 8\u00a0ao\u00fbt, on c\u00e9l\u00e8bre la Journ\u00e9e internationale du chat. L\u2019occasion de rendre hommage \u00e0 ces boules&hellip;\n","protected":false},"author":2,"featured_media":306682,"comment_status":"","ping_status":"","sticky":false,"template":"","format":"standard","meta":{"footnotes":""},"categories":[1354],"tags":[58,59,1346,1011,27,1360],"class_list":{"0":"post-306681","1":"post","2":"type-post","3":"status-publish","4":"format-standard","5":"has-post-thumbnail","7":"category-films","8":"tag-divertissement","9":"tag-entertainment","10":"tag-films","11":"tag-fr","12":"tag-france","13":"tag-movies"},"share_on_mastodon":{"url":"https:\/\/pubeurope.com\/@fr\/114997226844414467","error":""},"_links":{"self":[{"href":"https:\/\/www.europesays.com\/fr\/wp-json\/wp\/v2\/posts\/306681","targetHints":{"allow":["GET"]}}],"collection":[{"href":"https:\/\/www.europesays.com\/fr\/wp-json\/wp\/v2\/posts"}],"about":[{"href":"https:\/\/www.europesays.com\/fr\/wp-json\/wp\/v2\/types\/post"}],"author":[{"embeddable":true,"href":"https:\/\/www.europesays.com\/fr\/wp-json\/wp\/v2\/users\/2"}],"replies":[{"embeddable":true,"href":"https:\/\/www.europesays.com\/fr\/wp-json\/wp\/v2\/comments?post=306681"}],"version-history":[{"count":0,"href":"https:\/\/www.europesays.com\/fr\/wp-json\/wp\/v2\/posts\/306681\/revisions"}],"wp:featuredmedia":[{"embeddable":true,"href":"https:\/\/www.europesays.com\/fr\/wp-json\/wp\/v2\/media\/306682"}],"wp:attachment":[{"href":"https:\/\/www.europesays.com\/fr\/wp-json\/wp\/v2\/media?parent=306681"}],"wp:term":[{"taxonomy":"category","embeddable":true,"href":"https:\/\/www.europesays.com\/fr\/wp-json\/wp\/v2\/categories?post=306681"},{"taxonomy":"post_tag","embeddable":true,"href":"https:\/\/www.europesays.com\/fr\/wp-json\/wp\/v2\/tags?post=306681"}],"curies":[{"name":"wp","href":"https:\/\/api.w.org\/{rel}","templated":true}]}}