{"id":306683,"date":"2025-08-09T05:46:07","date_gmt":"2025-08-09T05:46:07","guid":{"rendered":"https:\/\/www.europesays.com\/fr\/306683\/"},"modified":"2025-08-09T05:46:07","modified_gmt":"2025-08-09T05:46:07","slug":"sante-un-premier-cas-de-chikungunya-autochtone-detecte-en-bourgogne-franche-comte-creusot-infos","status":"publish","type":"post","link":"https:\/\/www.europesays.com\/fr\/306683\/","title":{"rendered":"SANT\u00c9 : Un premier cas de chikungunya autochtone d\u00e9tect\u00e9 en Bourgogne-Franche-Comt\u00e9 &#8211; Creusot Infos"},"content":{"rendered":"<ol>\n<li><a href=\"https:\/\/news.google.com\/rss\/articles\/CBMi_gFBVV95cUxOQlQ0UzB1TFJZNDNwcUp1MDB6eGdDNFNZMHdxWDBHVlFoa2R2V3k1djAweVZRLW9BZGFnSktseTZldHRXSlEzQUdXMzEyTkNpMlF1V0VIWjZtTDBhSlJRYXBoOTRiaTZGN0tBZlhveDNKZ2JiOVN4Wk1aMTdzc25FYVQ4eWpIenlOaEZuOE40V3VPeWtELXpZV1dxb0RzUnZkN21SVHdQU25hdWN1RUJPZUhRNmFtUFRSNW4xS0NRcS1zUFVUODlrRlFaeDNwTjlGOWd0bHlHQmZlRDRKbEN1alI3YlpGdFlLN1ZfdmxheEkwQlNBWjNpNkhUeGgxUQ?oc=5\" target=\"_blank\" rel=\"nofollow noopener\">SANT\u00c9 : Un premier cas de chikungunya autochtone d\u00e9tect\u00e9 en Bourgogne-Franche-Comt\u00e9<\/a>&nbsp;&nbsp;Creusot Infos<\/li>\n<li><a href=\"https:\/\/news.google.com\/rss\/articles\/CBMiogFBVV95cUxNRVFrS2tsUnFYQUlQd19VcWVyVjMxN1g5X2dCM0xITE1TTE5QUjFhRUhYMnliZ0ZqeFI2WDlsZEhwZkxHTkMzUjlZSGhPQTJxanlwelRrbDBUX0J1TTAwNm9pTzNDdURyQ2NsSWJ4ck9sak9ha0ZKMEhxaDhrUWV5RzhJMThmSWEtM0g4LXZfNHNqLWxmeC1TYkRMd2FsUFFnVkE?oc=5\" target=\"_blank\" rel=\"nofollow noopener\">Sant\u00e9. Un cas de chikungunya autochtone d\u00e9tect\u00e9 \u00e0 Dijon, le premier en Bourgogne-Franche-Comt\u00e9<\/a>&nbsp;&nbsp;Le Bien Public<\/li>\n<li><a href=\"https:\/\/news.google.com\/rss\/articles\/CBMiyAFBVV95cUxOXzdMOWozNXowbEctVS1SSjN1U2MzV1hyS3EyVmNnWUZRMEZ2bmlzc2dHeXNhQWV2cUdpUkp3Y241MVhfUWlnMjlUY24zNmpOaERPdUhoQUdpNFJ1U3lTWjFLVDBaRXZDclBLaUlid2w4UF9fMXZQNW5LS1hIZHE0T05RN29GUVB2eXRHX0hiajVvRHVpdUdtRWZORUh2NWVmalFwQkZKNEtabzRPZXVEdndmd0VjaHlybDYtdGM1dDJnS2tZakVmOQ?oc=5\" target=\"_blank\" rel=\"nofollow noopener\">Nouveau cas de chikungunya confirm\u00e9 en Charente, quatre autres personnes symptomatiques: faut-il s\u2019inqui\u00e9ter?<\/a>&nbsp;&nbsp;Charente Libre<\/li>\n<li><a href=\"https:\/\/news.google.com\/rss\/articles\/CBMi8AFBVV95cUxNOXBRQUVjZWhLRkpwSDZXRndrYXVrUzl3UVFMekpkVUVtQ2JyVTRJVkNOWHVLaW5tY0pWWWt4X0dLY3RSc2N2UkFGQ240Q013Q1BaNkdwODBTVGc1clZqTUl4YWQtdWdrUy1zdWQzY3VMcHRUaXhHVzNMU3lWa09DZElkTUZtWldIcW1mQUdqZ1pZUHg1cFROUFNmZzE0UHBuTk51ZGU4ZW1PN0RsZ3NBN2wxUHRHM3RnZmM3ZE1yUnJoeDNkQlRkLWdWQnJZck9SR2VmT1AwUWdNWkxjSXZZYXhrRnl6UFZrQWpJakFMWHo?oc=5\" target=\"_blank\" rel=\"nofollow noopener\">Chikungunya en Corse : trois nouveaux cas entre Porticcio et Ghisonaccia selon les autorit\u00e9s sanitaires<\/a>&nbsp;&nbsp;Corse Matin<\/li>\n<li><a href=\"https:\/\/news.google.com\/rss\/articles\/CBMinAJBVV95cUxPUnl1eWJLc3FDc0JVYzdSNnM0RDlXa1JfZ2dWT0NHUHJnbE1iaFhaRmRSbXFBcVFvT3l2Z0V5Z0lETm10dmhhYmtwZk11NDZ1T0FkemhPLWdubG94SEdyM1pTckluTzZvQmlVdTg4MmxRZWsxb3Z2Yl9YYmhHc3hTbS1lODc2NUlGUEJlNkVJTTlPOUwtdTIybUprYWlBenotUFk4NGUwVXJWOV9LQ0FTckdHWENmZzJMcmJRc0NST25KREpMVXVjYlVxQ3Nka1lhMHZlY05MN0xpYjFrRjlPeC05SHNTX0VLVUt0cmlKbm42Z3NabmFsU2N0S0VLN01hN1lBcXlGMDhHOTVXeGVXTFl0ZDJZMlFvV25RaA?oc=5\" target=\"_blank\" rel=\"nofollow noopener\">Moustique tigre : deux nouveaux cas de chikungunya signal\u00e9 pr\u00e8s de Montpellier, un foyer s&rsquo;installe dans l&rsquo;H\u00e9rault<\/a>&nbsp;&nbsp;France 3 R\u00e9gions<\/li>\n<\/ol>\n","protected":false},"excerpt":{"rendered":"SANT\u00c9 : Un premier cas de chikungunya autochtone d\u00e9tect\u00e9 en Bourgogne-Franche-Comt\u00e9&nbsp;&nbsp;Creusot Infos Sant\u00e9. Un cas de chikungunya autochtone&hellip;\n","protected":false},"author":2,"featured_media":1445,"comment_status":"","ping_status":"","sticky":false,"template":"","format":"standard","meta":{"footnotes":""},"categories":[10],"tags":[1011,27,72,71],"class_list":{"0":"post-306683","1":"post","2":"type-post","3":"status-publish","4":"format-standard","5":"has-post-thumbnail","7":"category-sante","8":"tag-fr","9":"tag-france","10":"tag-health","11":"tag-sante"},"share_on_mastodon":{"url":"","error":""},"_links":{"self":[{"href":"https:\/\/www.europesays.com\/fr\/wp-json\/wp\/v2\/posts\/306683","targetHints":{"allow":["GET"]}}],"collection":[{"href":"https:\/\/www.europesays.com\/fr\/wp-json\/wp\/v2\/posts"}],"about":[{"href":"https:\/\/www.europesays.com\/fr\/wp-json\/wp\/v2\/types\/post"}],"author":[{"embeddable":true,"href":"https:\/\/www.europesays.com\/fr\/wp-json\/wp\/v2\/users\/2"}],"replies":[{"embeddable":true,"href":"https:\/\/www.europesays.com\/fr\/wp-json\/wp\/v2\/comments?post=306683"}],"version-history":[{"count":0,"href":"https:\/\/www.europesays.com\/fr\/wp-json\/wp\/v2\/posts\/306683\/revisions"}],"wp:featuredmedia":[{"embeddable":true,"href":"https:\/\/www.europesays.com\/fr\/wp-json\/wp\/v2\/media\/1445"}],"wp:attachment":[{"href":"https:\/\/www.europesays.com\/fr\/wp-json\/wp\/v2\/media?parent=306683"}],"wp:term":[{"taxonomy":"category","embeddable":true,"href":"https:\/\/www.europesays.com\/fr\/wp-json\/wp\/v2\/categories?post=306683"},{"taxonomy":"post_tag","embeddable":true,"href":"https:\/\/www.europesays.com\/fr\/wp-json\/wp\/v2\/tags?post=306683"}],"curies":[{"name":"wp","href":"https:\/\/api.w.org\/{rel}","templated":true}]}}