{"id":306692,"date":"2025-08-09T05:51:10","date_gmt":"2025-08-09T05:51:10","guid":{"rendered":"https:\/\/www.europesays.com\/fr\/306692\/"},"modified":"2025-08-09T05:51:10","modified_gmt":"2025-08-09T05:51:10","slug":"votre-salon-dissimule-cette-menace-toxique-respiree-par-vos-enfants-62-000-fois-par-jour","status":"publish","type":"post","link":"https:\/\/www.europesays.com\/fr\/306692\/","title":{"rendered":"Votre salon dissimule cette menace toxique respir\u00e9e par vos enfants 62 000 fois par jour"},"content":{"rendered":"<tr>\n<td><strong>EN BREF<\/strong><\/td>\n<\/tr>\n<tr>\n<td>\n<ul>\n<li>\ud83c\udf2c\ufe0f Les foyers abritent une pollution par des particules <strong>microplastiques<\/strong> invisibles, inhal\u00e9es quotidiennement.<\/li>\n<li>\ud83d\udd2c Une nouvelle <strong>technologie<\/strong> laser permet de d\u00e9tecter des particules jusqu\u2019alors ind\u00e9tectables, r\u00e9v\u00e9lant leur dangerosit\u00e9.<\/li>\n<li>\ud83c\udfe0 La d\u00e9gradation des objets du quotidien, comme les <strong>moquettes<\/strong> et les tissus d\u2019ameublement, g\u00e9n\u00e8re ces particules.<\/li>\n<li>\u26a0\ufe0f Les microplastiques transportent des <strong>additifs chimiques<\/strong> toxiques, posant des risques pour la sant\u00e9 respiratoire et cardiovasculaire.<\/li>\n<\/ul>\n<\/td>\n<\/tr>\n<p>La qualit\u00e9 de l\u2019air int\u00e9rieur est souvent n\u00e9glig\u00e9e, pourtant elle est cruciale pour notre sant\u00e9. R\u00e9cemment, des chercheurs fran\u00e7ais ont d\u00e9voil\u00e9 une r\u00e9alit\u00e9 alarmante : notre environnement domestique est satur\u00e9 de particules microplastiques, invisibles \u00e0 l\u2019\u0153il nu. Ces particules, bien plus nombreuses et dangereuses que pr\u00e9vu, menacent notre sant\u00e9 respiratoire. Cette d\u00e9couverte, rendue possible gr\u00e2ce \u00e0 une technologie innovante, remet en question notre perception de la pollution et soul\u00e8ve des enjeux de sant\u00e9 publique majeurs.<\/p>\n<p>L\u2019invisible armada qui envahit nos poumons<\/p>\n<p>Chaque jour, nous inhalons des milliers de fragments plastiques microscopiques, sans m\u00eame nous en rendre compte. Ces particules, souvent plus fines qu\u2019un cheveu humain, p\u00e9n\u00e8trent profond\u00e9ment dans nos poumons. Selon Nadiia Yakovenko, chercheuse \u00e0 l\u2019Universit\u00e9 de Toulouse, nous ing\u00e9rons quotidiennement environ 71 200 particules microplastiques. Ce chiffre inclut 3 200 fragments relativement volumineux et 68 000 particules ultrafines.<\/p>\n<p>Cette d\u00e9couverte est r\u00e9volutionnaire. Les \u00e9tudes ant\u00e9rieures sous-\u00e9valuaient largement l\u2019ampleur de cette pollution. En effet, les technologies existantes ne d\u00e9tectaient pas les particules les plus petites, celles qui traversent facilement nos barri\u00e8res biologiques. Les implications pour la sant\u00e9 sont inqui\u00e9tantes et n\u00e9cessitent une attention urgente.<\/p>\n<blockquote class=\"wp-embedded-content\" data-secret=\"rkaqh4iIZn\">\n<p><a href=\"https:\/\/www.lejournaleconomique.com\/2025\/07\/07\/il-vole-sans-jamais-se-poser-des-chercheurs-de-berkeley-devoilent-un-mini-drone-revolutionnaire-qui-fonctionne-sans-batterie\/\" target=\"_blank\" rel=\"noopener\">\u00ab Il vole sans jamais se poser \u00bb : des chercheurs de Berkeley d\u00e9voilent un mini-drone r\u00e9volutionnaire qui fonctionne sans batterie<\/a><\/p>\n<\/blockquote>\n<p>Une technologie laser r\u00e9v\u00e8le l\u2019ampleur du d\u00e9sastre<\/p>\n<p>L\u2019\u00e9quipe de chercheurs toulousains a employ\u00e9 une approche unique combinant spectroscopie Raman et microscopie avanc\u00e9e. Cette m\u00e9thodologie permet de d\u00e9tecter des particules d\u00e8s un microm\u00e8tre, une pr\u00e9cision in\u00e9dite. Les particules de moins de 10 microm\u00e8tres sont particuli\u00e8rement dangereuses car elles peuvent atteindre les alv\u00e9oles pulmonaires et entrer dans la circulation sanguine.<\/p>\n<p>Cette avanc\u00e9e technologique met en lumi\u00e8re une pollution plastique jusqu\u2019ici insoup\u00e7onn\u00e9e. Les particules ultrafines, invisibles aux m\u00e9thodes classiques, repr\u00e9sentent un risque majeur pour notre sant\u00e9. Elles sont capables de provoquer des inflammations et de transporter des substances chimiques toxiques dans notre organisme.<\/p>\n<blockquote class=\"wp-embedded-content\" data-secret=\"RTjy7IVzQY\">\n<p><a href=\"https:\/\/www.lejournaleconomique.com\/2025\/07\/06\/il-vit-grace-a-la-lumiere-des-chercheurs-creent-un-robot-unique-controle-par-un-champignon-sensible-aux-rayons-lumineux\/\" target=\"_blank\" rel=\"noopener\">\u00ab Il vit gr\u00e2ce \u00e0 la lumi\u00e8re \u00bb : des chercheurs cr\u00e9ent un robot unique contr\u00f4l\u00e9 par un champignon sensible aux rayons lumineux<\/a><\/p>\n<\/blockquote>\n<p>Les coupables insoup\u00e7onn\u00e9s de votre quotidien<\/p>\n<p>Contrairement aux id\u00e9es re\u00e7ues, la contamination microplastique ne provient pas uniquement des zones industrielles. Nos foyers en sont une source majeure. La d\u00e9gradation des objets du quotidien lib\u00e8re des particules plastiques. Votre moquette, vos tissus d\u2019ameublement, et m\u00eame l\u2019int\u00e9rieur de votre voiture contribuent \u00e0 cette pollution insidieuse.<\/p>\n<p>Chaque action domestique, du simple fait de s\u2019asseoir sur un canap\u00e9 \u00e0 la conduite d\u2019une voiture, g\u00e9n\u00e8re un nuage de particules invisibles. Ces microplastiques sont inhal\u00e9s imm\u00e9diatement, augmentant ainsi notre exposition \u00e0 cette menace silencieuse. Il est essentiel de repenser nos choix de mat\u00e9riaux et d\u2019ameublement pour r\u00e9duire cette pollution.<\/p>\n<blockquote class=\"wp-embedded-content\" data-secret=\"lg5mWvfp80\">\n<p><a href=\"https:\/\/www.lejournaleconomique.com\/2025\/08\/01\/la-generation-z-refuse-les-reves-de-leurs-parents-une-enquete-choc-aupres-de-10-000-jeunes-revele-un-changement-radical-des-ambitions-de-vie\/\" target=\"_blank\" rel=\"noopener\">\u00ab La g\u00e9n\u00e9ration Z refuse les r\u00eaves de leurs parents \u00bb : une enqu\u00eate choc aupr\u00e8s de 10 000 jeunes r\u00e9v\u00e8le un changement radical des ambitions de vie<\/a><\/p>\n<\/blockquote>\n<p>Une bombe \u00e0 retardement sanitaire<\/p>\n<p>Les particules microplastiques transportent avec elles des additifs chimiques tels que le bisph\u00e9nol A et les phtalates. Ces substances peuvent provoquer des inflammations et perturber nos syst\u00e8mes hormonaux. Les effets sur la sant\u00e9 incluent des troubles respiratoires, des probl\u00e8mes cardiovasculaires, et un risque accru de cancer.<\/p>\n<p>La pollution plastique s\u2019ajoute aux contaminants d\u00e9j\u00e0 pr\u00e9sents dans notre alimentation et notre eau. Une simple bouteille d\u2019eau, par exemple, peut contenir plusieurs milliers de particules plastiques. Cette exposition multiple soul\u00e8ve des questions sur les impacts \u00e0 long terme sur notre sant\u00e9. Il est crucial d\u2019intensifier la recherche pour mieux comprendre ces effets.<\/p>\n<p>Repenser notre environnement domestique<\/p>\n<p>La r\u00e9v\u00e9lation de cette pollution microplastique impose une r\u00e9vision des normes de qualit\u00e9 de l\u2019air int\u00e9rieur. Les mesures actuelles ne prennent pas en compte ces particules invisibles, pourtant omnipr\u00e9sentes. Les chercheurs, dont l\u2019\u00e9quipe de Yakovenko, \u0153uvrent pour cartographier cette contamination domestique.<\/p>\n<p>Ces donn\u00e9es sont essentielles pour formuler des recommandations sur le choix des mat\u00e9riaux et des syst\u00e8mes de filtration. En attendant, il est important de prendre conscience de cette menace et d\u2019adopter des mesures pour r\u00e9duire notre exposition. Comment pouvons-nous adapter nos modes de vie pour prot\u00e9ger notre sant\u00e9 face \u00e0 ce d\u00e9fi invisible mais bien r\u00e9el ?<\/p>\n<p>Cet article s\u2019appuie sur des sources v\u00e9rifi\u00e9es et l\u2019assistance de technologies \u00e9ditoriales.<\/p>\n<p id=\"rating\">\u00c7a vous a plu ?\u00a04.5\/5 (25)<\/p>\n","protected":false},"excerpt":{"rendered":"EN BREF \ud83c\udf2c\ufe0f Les foyers abritent une pollution par des particules microplastiques invisibles, inhal\u00e9es quotidiennement. \ud83d\udd2c Une nouvelle&hellip;\n","protected":false},"author":2,"featured_media":306693,"comment_status":"","ping_status":"","sticky":false,"template":"","format":"standard","meta":{"footnotes":""},"categories":[5],"tags":[11,1011,27,27861,14,12,1800,71,28],"class_list":{"0":"post-306692","1":"post","2":"type-post","3":"status-publish","4":"format-standard","5":"has-post-thumbnail","7":"category-international","8":"tag-actualites","9":"tag-fr","10":"tag-france","11":"tag-innovation-technologique","12":"tag-international","13":"tag-news","14":"tag-pollution","15":"tag-sante","16":"tag-world"},"share_on_mastodon":{"url":"https:\/\/pubeurope.com\/@fr\/114997250163115276","error":""},"_links":{"self":[{"href":"https:\/\/www.europesays.com\/fr\/wp-json\/wp\/v2\/posts\/306692","targetHints":{"allow":["GET"]}}],"collection":[{"href":"https:\/\/www.europesays.com\/fr\/wp-json\/wp\/v2\/posts"}],"about":[{"href":"https:\/\/www.europesays.com\/fr\/wp-json\/wp\/v2\/types\/post"}],"author":[{"embeddable":true,"href":"https:\/\/www.europesays.com\/fr\/wp-json\/wp\/v2\/users\/2"}],"replies":[{"embeddable":true,"href":"https:\/\/www.europesays.com\/fr\/wp-json\/wp\/v2\/comments?post=306692"}],"version-history":[{"count":0,"href":"https:\/\/www.europesays.com\/fr\/wp-json\/wp\/v2\/posts\/306692\/revisions"}],"wp:featuredmedia":[{"embeddable":true,"href":"https:\/\/www.europesays.com\/fr\/wp-json\/wp\/v2\/media\/306693"}],"wp:attachment":[{"href":"https:\/\/www.europesays.com\/fr\/wp-json\/wp\/v2\/media?parent=306692"}],"wp:term":[{"taxonomy":"category","embeddable":true,"href":"https:\/\/www.europesays.com\/fr\/wp-json\/wp\/v2\/categories?post=306692"},{"taxonomy":"post_tag","embeddable":true,"href":"https:\/\/www.europesays.com\/fr\/wp-json\/wp\/v2\/tags?post=306692"}],"curies":[{"name":"wp","href":"https:\/\/api.w.org\/{rel}","templated":true}]}}