{"id":306695,"date":"2025-08-09T05:53:10","date_gmt":"2025-08-09T05:53:10","guid":{"rendered":"https:\/\/www.europesays.com\/fr\/306695\/"},"modified":"2025-08-09T05:53:10","modified_gmt":"2025-08-09T05:53:10","slug":"lhomme-qui-a-allume-sa-cigarette-avec-la-flamme-du-soldat-inconnu-condamne-2","status":"publish","type":"post","link":"https:\/\/www.europesays.com\/fr\/306695\/","title":{"rendered":"L\u2019homme qui a allum\u00e9 sa cigarette avec la flamme du Soldat inconnu condamn\u00e9"},"content":{"rendered":"<p>La <a href=\"https:\/\/www.20minutes.fr\/justice\/\" target=\"_blank\" class=\"color-ultramarine c-link\" rel=\"noopener\">justice<\/a> a rendu son verdict \u00e0 l\u2019encontre de l\u2019homme qui avait allum\u00e9 sa cigarette avec la flamme du Soldat inconnu. Il a \u00e9t\u00e9 condamn\u00e9 vendredi \u00e0 trois mois d\u2019emprisonnement assortis d\u2019un sursis probatoire de 18 mois par le tribunal correctionnel de <a href=\"https:\/\/www.20minutes.fr\/paris\/\" target=\"_blank\" class=\"color-ultramarine c-link\" rel=\"noopener\">Paris<\/a>.<\/p>\n<p>Hakim H. \u00e9tait jug\u00e9 en comparution imm\u00e9diate pour violation de s\u00e9pulture, tombeau, urne ou monument \u00e9difi\u00e9 \u00e0 la m\u00e9moire des morts, apr\u00e8s son geste de lundi soir qui avait suscit\u00e9 l\u2019indignation sur les <a href=\"https:\/\/www.20minutes.fr\/dossier\/reseaux_sociaux\" target=\"_blank\" class=\"color-ultramarine c-link\" rel=\"noopener\">r\u00e9seaux sociaux<\/a>.<\/p>\n<p>Mea Culpa<\/p>\n<p>\u00ab\u00a0Je regrette am\u00e8rement, je m\u2019excuse aupr\u00e8s de tous les Fran\u00e7ais\u00a0\u00bb, a d\u00e9clar\u00e9 le conducteur d\u2019engins de travaux de 47 ans avant d\u2019\u00e9clater en sanglots dans le box des accus\u00e9s. L\u2019homme, domicili\u00e9 en Normandie et dormant sur son lieu de travail \u00e0 Paris la semaine, a reconnu les faits qui lui \u00e9taient reproch\u00e9s, qualifiant son acte de \u00ab\u00a0b\u00eatise du si\u00e8cle\u00a0\u00bb.<\/p>\n<\/p>\n<p>\u00ab\u00a0C\u2019est une victoire\u00a0\u00bb, a r\u00e9agi son avocat, Me Jos\u00e9 Lebughe Mangai, qui esp\u00e9rait \u00ab\u00a0une peine proportionn\u00e9e aux faits\u00a0\u00bb, et ce \u00ab\u00a0compte tenu de son pass\u00e9 p\u00e9nal\u00a0\u00bb, a-t-il soulign\u00e9 \u00e0 propos des 28 mentions au casier judiciaire de son client.<\/p>\n<p>Sous alcool et m\u00e9dicaments au moment des faits<\/p>\n<p>Hakim H., de nationalit\u00e9 marocaine et en situation r\u00e9guli\u00e8re sur le territoire fran\u00e7ais, a d\u00e9clar\u00e9 lors de l\u2019audience avoir \u00ab\u00a0agi m\u00e9caniquement\u00a0\u00bb, sous l\u2019influence de m\u00e9dicaments et d\u2019alcool au moment des faits. Une expertise psychiatrique dans le cadre de l\u2019enqu\u00eate a r\u00e9v\u00e9l\u00e9 \u00ab\u00a0une polytoxicomanie, une addiction \u00e0 l\u2019alcool, et un TDAH (trouble d\u00e9ficit de l\u2019attention avec ou sans hyperactivit\u00e9)\u00a0\u00bb. Un trouble de l\u2019humeur bipolaire lui a \u00e9galement \u00e9t\u00e9 diagnostiqu\u00e9 en\u00a02019, a pr\u00e9cis\u00e9 la pr\u00e9sidente de l\u2019audience.<\/p>\n<p><a href=\"https:\/\/www.20minutes.fr\/justice\/\" target=\"_blank\" class=\"c-link c-btn c-btn--primary\" rel=\"noopener\">Notre dossier Justice<\/a><\/p>\n<p>Le tribunal a assorti sa peine d\u2019emprisonnement avec sursis d\u2019une obligation de soins et du paiement d\u2019un euro symbolique au centre des monuments nationaux, qui s\u2019\u00e9tait port\u00e9 partie civile.<\/p>\n<p>Col\u00e8re de Retailleau<\/p>\n<p>Un signalement \u00e0 la justice avait \u00e9t\u00e9 fait par le pr\u00e9fet de police ainsi que par Patricia Mirall\u00e8s, ministre d\u00e9l\u00e9gu\u00e9e charg\u00e9e de la M\u00e9moire et des Anciens Combattants, apr\u00e8s qu\u2019une vid\u00e9o de la sc\u00e8ne avait circul\u00e9 mardi sur les r\u00e9seaux sociaux. Les images montraient Hakim H. s\u2019accroupissant pr\u00e8s de la flamme du Soldat inconnu, sous l\u2019Arc de Triomphe \u00e0 Paris, pour y allumer une cigarette avant de repartir tranquillement, sous le regard de quelques touristes.<\/p>\n<p>Le ministre de l\u2019Int\u00e9rieur Bruno Retailleau avait d\u00e9nonc\u00e9 sur X un geste \u00ab\u00a0indigne et mis\u00e9rable\u00a0\u00bb, qui porte \u00ab\u00a0atteinte \u00e0 la m\u00e9moire de ceux qui sont morts pour la France\u00a0\u00bb. L\u2019entourage du ministre avait indiqu\u00e9 son souhait de retirer \u00e0 Hakim H. son titre de s\u00e9jour.<\/p>\n","protected":false},"excerpt":{"rendered":"La justice a rendu son verdict \u00e0 l\u2019encontre de l\u2019homme qui avait allum\u00e9 sa cigarette avec la flamme&hellip;\n","protected":false},"author":2,"featured_media":306696,"comment_status":"","ping_status":"","sticky":false,"template":"","format":"standard","meta":{"footnotes":""},"categories":[2],"tags":[47,11,1013,6583,658,1011,27,662,303,12,626,133],"class_list":{"0":"post-306695","1":"post","2":"type-post","3":"status-publish","4":"format-standard","5":"has-post-thumbnail","7":"category-actualites","8":"tag-actualite","9":"tag-actualites","10":"tag-bruno-retailleau","11":"tag-cigarette","12":"tag-faits-divers-paris","13":"tag-fr","14":"tag-france","15":"tag-ile-de-france","16":"tag-justice","17":"tag-news","18":"tag-paris","19":"tag-video"},"share_on_mastodon":{"url":"https:\/\/pubeurope.com\/@fr\/114997258006428148","error":""},"_links":{"self":[{"href":"https:\/\/www.europesays.com\/fr\/wp-json\/wp\/v2\/posts\/306695","targetHints":{"allow":["GET"]}}],"collection":[{"href":"https:\/\/www.europesays.com\/fr\/wp-json\/wp\/v2\/posts"}],"about":[{"href":"https:\/\/www.europesays.com\/fr\/wp-json\/wp\/v2\/types\/post"}],"author":[{"embeddable":true,"href":"https:\/\/www.europesays.com\/fr\/wp-json\/wp\/v2\/users\/2"}],"replies":[{"embeddable":true,"href":"https:\/\/www.europesays.com\/fr\/wp-json\/wp\/v2\/comments?post=306695"}],"version-history":[{"count":0,"href":"https:\/\/www.europesays.com\/fr\/wp-json\/wp\/v2\/posts\/306695\/revisions"}],"wp:featuredmedia":[{"embeddable":true,"href":"https:\/\/www.europesays.com\/fr\/wp-json\/wp\/v2\/media\/306696"}],"wp:attachment":[{"href":"https:\/\/www.europesays.com\/fr\/wp-json\/wp\/v2\/media?parent=306695"}],"wp:term":[{"taxonomy":"category","embeddable":true,"href":"https:\/\/www.europesays.com\/fr\/wp-json\/wp\/v2\/categories?post=306695"},{"taxonomy":"post_tag","embeddable":true,"href":"https:\/\/www.europesays.com\/fr\/wp-json\/wp\/v2\/tags?post=306695"}],"curies":[{"name":"wp","href":"https:\/\/api.w.org\/{rel}","templated":true}]}}